{"id":16838,"date":"2024-11-05T17:02:23","date_gmt":"2024-11-05T20:02:23","guid":{"rendered":"https:\/\/loboproduccionesaudiovisuales.ar\/?p=16838"},"modified":"2024-11-05T17:02:23","modified_gmt":"2024-11-05T20:02:23","slug":"aldea-santa-rosa-celebro-131-anos-de-fe-esperanza-trabajo-y-progreso","status":"publish","type":"post","link":"https:\/\/loboproduccionesaudiovisuales.ar\/?p=16838","title":{"rendered":"Aldea Santa Rosa celebr\u00f3 131 a\u00f1os de fe, esperanza, trabajo y progreso"},"content":{"rendered":"<p><strong>\u201cEscuchar y dialogar, es el punto de partida para trabajar juntos con el prop\u00f3sito de transformar nuestro lugar de vida y crecer como comunidad\u201d manifest\u00f3 Daniela Keiner (presidente comunal).<\/strong><\/p>\n<p>Fue un s\u00e1bado de festejos y de reencuentro. La Comuna de Aldea Santa Rosa celebr\u00f3 131\u00ba a\u00f1os de fe, esperanza, trabajo y progreso.<\/p>\n<p>En primer t\u00e9rmino, se desarroll\u00f3 la &#8216;Misa de Acci\u00f3n de Gracias&#8217; en la Iglesia \u2018San Arnoldo\u2019. La ceremonia religiosa fue llevada adelante por el Padre Selvaraj Sim\u00f3n.<\/p>\n<p>Luego los presentes se trasladaron para ser part\u00edcipes de la inauguraci\u00f3n del nuevo edificio del Museo Hist\u00f3rico Regional &#8216;Unser Dorf&#8217;. Ah\u00ed hubo descubrimiento de placa, realizado por Rub\u00e9n Senger y Reimundo G\u00f6tte. Mientras que el corte de cinta estuvo a cargo de Celia Schoenfeld y Ram\u00f3n G\u00f6tte.<\/p>\n<p>En tanto que Daniela Keiner, presidenta comunal, se dirigi\u00f3 a los presentes. En la ocasi\u00f3n destac\u00f3 que la misa fue para \u201cagradecerle a Dios por todas las bendiciones para esta tierra que elegimos para vivir\u201d.<\/p>\n<p>En relaci\u00f3n a la inauguraci\u00f3n del nuevo edificio del museo, agradeci\u00f3 a la \u201cgesti\u00f3n anterior de Diego Jacob que inici\u00f3 este proyecto para preservar y valorar el patrimonio tangible e intangible de nuestra comunidad\u201d.<\/p>\n<p>Luego a\u00f1adi\u00f3: \u201cComo presidente comunal quiero hacer una breve rese\u00f1a de nuestra gente y su cultura. Destacando ese legado que fue pasando de generaci\u00f3n en generaci\u00f3n, desde aquellos primeros inmigrantes que llegaron a estas tierras para forjar aqu\u00ed su futuro y el de su familia, bajo los pilares s\u00f3lidos de la fe en Dios, con la cultura del esfuerzo y del trabajo para construir y consolidar el progreso de esta aldea\u201d.<\/p>\n<p>A lo cual agreg\u00f3: \u201cEstamos convencidos de que ese crecimiento de nuestra comuna, en el pasado, en el presente y debemos transmitir este mensaje para las generaciones futuras, se basa en la colaboraci\u00f3n, en la uni\u00f3n y en la solidaridad de nuestra gente. Acompa\u00f1\u00e1ndonos y ayud\u00e1ndonos en los distintos momentos que marca la historia de esta Patria Argentina\u201d.<\/p>\n<p>Sobre la actualidad, Daniela Keiner cont\u00f3 a los presentes que esta fecha \u201cnos encuentra juntos, recordando y festejando todo lo logrado en estos 131 a\u00f1os\u201d.<\/p>\n<p>Luego relat\u00f3: \u201cEn febrero de este a\u00f1o asumimos la conducci\u00f3n de nuestra Comuna de Aldea Santa Rosa, con esp\u00edritu joven y ganas de hacer muchas cosas por nuestro lugar en el mundo. Con este grupo de personas que me acompa\u00f1an formamos un equipo de trabajo, que ya est\u00e1 mostrando a la comunidad las transformaciones conseguidas en estos meses\u201d.<\/p>\n<p><img loading=\"lazy\" decoding=\"async\" class=\"alignnone size-full wp-image-97261\" src=\"https:\/\/solnoticias.com.ar\/wp-content\/uploads\/2024\/11\/3107b963-8bc3-402d-a3c5-93eb042b1db9.jpg\" alt=\"\" width=\"1280\" height=\"960\" \/><\/p>\n<p><strong>Logros<\/strong><\/p>\n<p>En este contexto Keiner detall\u00f3:<\/p>\n<p>-\u201cAdquirimos una camioneta Ford Ranger modelo 2016, con fondos propios, para prestar servicios a nuestra comunidad\u201d.<\/p>\n<p>-\u201cRealizamos trabajos de pinturas y arreglos en el sal\u00f3n comunal\u201d.<\/p>\n<p>-\u201cCompramos luminarias led para colocar en distintos lugares, para mejorar la iluminaci\u00f3n y ofrecer mayor seguridad vial\u201d.<\/p>\n<p>-\u201cInvertimos en herramientas y vestimenta para nuestro personal\u201d.<\/p>\n<p>-\u201cColaboramos en la reparaci\u00f3n de caminos\u201d.<\/p>\n<p>-\u201cCompartimos juntos la celebraci\u00f3n de la fiesta patronal, del d\u00eda del ni\u00f1o y ahora del aniversario\u201d.<\/p>\n<p>-\u201cConcretamos gestiones ante el gobierno provincial y gobiernos de la zona, para trabajar en conjunto\u201d.<\/p>\n<p>-\u201cEntregamos donaciones a nuestras instituciones\u201d.<\/p>\n<p>-\u201cDesarrollamos la Escuela de Iniciaci\u00f3n Deportiva junto al Club Atl\u00e9tico Boca del Tigre\u201d.<\/p>\n<p>-\u201cRealizamos una charla de RCP y tambi\u00e9n una campa\u00f1a gratuita de vacunaci\u00f3n antirr\u00e1bica para nuestras mascotas\u201d.<\/p>\n<p><img loading=\"lazy\" decoding=\"async\" class=\"alignnone size-full wp-image-97262\" src=\"https:\/\/solnoticias.com.ar\/wp-content\/uploads\/2024\/11\/89a69aea-f3b0-4974-8bdb-f1e6b04e7578.jpg\" alt=\"\" width=\"1280\" height=\"960\" \/><\/p>\n<p><strong>Trabajar juntos<\/strong><\/p>\n<p>En la continuidad, de sus palabras dijo que \u201cS\u00f3lo por enumerar algunas de las acciones que concretamos en estos primeros meses de gesti\u00f3n que llevamos adelante con este equipo. Con el cual creemos que lo m\u00e1s importante es escuchar y dialogar con el vecino, con el productor, con los docentes, con los j\u00f3venes, con cada uno de ustedes. Ese es el punto de partida para trabajar juntos con el prop\u00f3sito de transformar nuestro lugar de vida y crecer como comunidad\u201d.<\/p>\n<p>Por \u00faltimo, agradeci\u00f3 al gobernador Rogelio Frigerio por la confianza depositada. \u201cSi bien nos encontramos en tiempos dif\u00edciles en lo econ\u00f3mico, a nivel nacional, este marco hace m\u00e1s interesante el desaf\u00edo que asumimos. El futuro, no lo podemos predecir. Pero estamos convencidos sobre cu\u00e1l es el camino que debemos seguir. Como lo prometimos el d\u00eda que asumimos: ser transparentes, leales y respetuosos\u201d.<\/p>\n<p>Adem\u00e1s, cerr\u00f3 indicando: \u201cJuntos, seguiremos trabajando por nuestra querida aldea, concretando proyectos y brindando participaci\u00f3n a las instituciones para forjar un ma\u00f1ana pr\u00f3spero. Un abrazo a cada uno de ustedes y \u00a1feliz cumple mi querida Aldea Santa Rosa!\u201d.<\/p>\n<p><img loading=\"lazy\" decoding=\"async\" class=\"alignnone size-full wp-image-97263\" src=\"https:\/\/solnoticias.com.ar\/wp-content\/uploads\/2024\/11\/b54e8983-e7fc-4a9a-8d9c-d478bca9fc72.jpg\" alt=\"\" width=\"1600\" height=\"1200\" \/><\/p>\n<p><strong>Gran festival y baile<\/strong><\/p>\n<p>La noche de celebraci\u00f3n se complet\u00f3 con un atractivo y concurrido espect\u00e1culo en el predio de la comuna. Actuaron: Grupo Coreogr\u00e1fico Alem\u00e1n Edelweiss, Runa Kuyay, Cantares de mi Entre R\u00edos, Juan Manuel Bilat, Los del Gualey\u00e1n, Los Binder y Maravillas Alemanas. La actividad fue con entrada libre y gratuita, contando con servicio de cantina a cargo de instituciones locales.<\/p>\n<p><img loading=\"lazy\" decoding=\"async\" class=\"alignnone size-full wp-image-97264\" src=\"https:\/\/solnoticias.com.ar\/wp-content\/uploads\/2024\/11\/d601aa8b-0b2e-46c6-b5ee-8a62e7f8e836.jpg\" alt=\"\" width=\"1600\" height=\"1200\" \/>\u00a0<img loading=\"lazy\" decoding=\"async\" class=\"alignnone size-full wp-image-97265\" src=\"https:\/\/solnoticias.com.ar\/wp-content\/uploads\/2024\/11\/ec64ebff-d96b-4d61-a6a4-b89e716582d7.jpg\" alt=\"\" width=\"1600\" height=\"1200\" \/>\u00a0<img loading=\"lazy\" decoding=\"async\" class=\"alignnone size-full wp-image-97266\" src=\"https:\/\/solnoticias.com.ar\/wp-content\/uploads\/2024\/11\/fa9f648d-b1a5-4bb0-8cde-00d396daaf4e.jpg\" alt=\"\" width=\"1600\" height=\"1200\" \/><\/p>\n","protected":false},"excerpt":{"rendered":"<p>\u201cEscuchar y dialogar, es el punto de partida para trabajar juntos con el prop\u00f3sito de transformar nuestro lugar de vida&hellip;<\/p>\n","protected":false},"author":3,"featured_media":16839,"comment_status":"open","ping_status":"open","sticky":false,"template":"","format":"standard","meta":{"footnotes":""},"categories":[5,1,128,119,113],"tags":[427],"class_list":["post-16838","post","type-post","status-publish","format-standard","has-post-thumbnail","hentry","category-actualidad","category-blog","category-entre-rios","category-institucionales","category-region","tag-aldea-santa-rosa"],"aioseo_notices":[],"aioseo_head":"\n\t\t<!-- All in One SEO 5.0.1.1 - aioseo.com -->\n\t<meta name=\"description\" content=\"\u201cEscuchar y dialogar, es el punto de partida para trabajar juntos con el prop\u00f3sito de transformar nuestro lugar de vida y crecer como comunidad\u201d manifest\u00f3 Daniela Keiner (presidente comunal). Fue un s\u00e1bado de festejos y de reencuentro. La Comuna de Aldea Santa Rosa celebr\u00f3 131\u00ba a\u00f1os de fe, esperanza, trabajo y progreso. En primer t\u00e9rmino,\" \/>\n\t<meta name=\"robots\" content=\"max-image-preview:large\" \/>\n\t<meta name=\"author\" content=\"Gustavo Werner\"\/>\n\t<link rel=\"canonical\" href=\"https:\/\/loboproduccionesaudiovisuales.ar\/?p=16838\" \/>\n\t<meta name=\"generator\" content=\"All in One SEO (AIOSEO) 5.0.1.1\" \/>\n\t\t<meta property=\"og:locale\" content=\"es_ES\" \/>\n\t\t<meta property=\"og:site_name\" content=\"LOBO PRODUCCIONES AUDIOVISUALES - Sitio digital de noticias agroindustriales\" \/>\n\t\t<meta property=\"og:type\" content=\"article\" \/>\n\t\t<meta property=\"og:title\" content=\"Aldea Santa Rosa celebr\u00f3 131 a\u00f1os de fe, esperanza, trabajo y progreso - LOBO PRODUCCIONES AUDIOVISUALES\" \/>\n\t\t<meta property=\"og:description\" content=\"\u201cEscuchar y dialogar, es el punto de partida para trabajar juntos con el prop\u00f3sito de transformar nuestro lugar de vida y crecer como comunidad\u201d manifest\u00f3 Daniela Keiner (presidente comunal). Fue un s\u00e1bado de festejos y de reencuentro. La Comuna de Aldea Santa Rosa celebr\u00f3 131\u00ba a\u00f1os de fe, esperanza, trabajo y progreso. En primer t\u00e9rmino,\" \/>\n\t\t<meta property=\"og:url\" content=\"https:\/\/loboproduccionesaudiovisuales.ar\/?p=16838\" \/>\n\t\t<meta property=\"og:image\" content=\"https:\/\/loboproduccionesaudiovisuales.ar\/wp-content\/uploads\/2023\/07\/LPA-web.jpg\" \/>\n\t\t<meta property=\"og:image:secure_url\" content=\"https:\/\/loboproduccionesaudiovisuales.ar\/wp-content\/uploads\/2023\/07\/LPA-web.jpg\" \/>\n\t\t<meta property=\"article:published_time\" content=\"2024-11-05T20:02:23+00:00\" \/>\n\t\t<meta property=\"article:modified_time\" content=\"2024-11-05T20:02:23+00:00\" \/>\n\t\t<meta name=\"twitter:card\" content=\"summary_large_image\" \/>\n\t\t<meta name=\"twitter:title\" content=\"Aldea Santa Rosa celebr\u00f3 131 a\u00f1os de fe, esperanza, trabajo y progreso - LOBO PRODUCCIONES AUDIOVISUALES\" \/>\n\t\t<meta name=\"twitter:description\" content=\"\u201cEscuchar y dialogar, es el punto de partida para trabajar juntos con el prop\u00f3sito de transformar nuestro lugar de vida y crecer como comunidad\u201d manifest\u00f3 Daniela Keiner (presidente comunal). Fue un s\u00e1bado de festejos y de reencuentro. La Comuna de Aldea Santa Rosa celebr\u00f3 131\u00ba a\u00f1os de fe, esperanza, trabajo y progreso. En primer t\u00e9rmino,\" \/>\n\t\t<meta name=\"twitter:image\" content=\"https:\/\/loboproduccionesaudiovisuales.ar\/wp-content\/uploads\/2023\/07\/LPA-web.jpg\" \/>\n\t\t<script type=\"application\/ld+json\" class=\"aioseo-schema\">\n\t\t\t{\"@context\":\"https:\\\/\\\/schema.org\",\"@graph\":[{\"@type\":\"BlogPosting\",\"@id\":\"https:\\\/\\\/loboproduccionesaudiovisuales.ar\\\/?p=16838#blogposting\",\"name\":\"Aldea Santa Rosa celebr\\u00f3 131 a\\u00f1os de fe, esperanza, trabajo y progreso - LOBO PRODUCCIONES AUDIOVISUALES\",\"headline\":\"Aldea Santa Rosa celebr\\u00f3 131 a\\u00f1os de fe, esperanza, trabajo y progreso\",\"author\":{\"@id\":\"https:\\\/\\\/loboproduccionesaudiovisuales.ar\\\/?author=3#author\"},\"publisher\":{\"@id\":\"https:\\\/\\\/loboproduccionesaudiovisuales.ar\\\/#organization\"},\"image\":{\"@type\":\"ImageObject\",\"url\":\"https:\\\/\\\/loboproduccionesaudiovisuales.ar\\\/wp-content\\\/uploads\\\/2024\\\/11\\\/4383053f-8fdd-4cae-b7ad-a180f657cc91.jpg\",\"width\":1280,\"height\":960},\"datePublished\":\"2024-11-05T17:02:23-03:00\",\"dateModified\":\"2024-11-05T17:02:23-03:00\",\"inLanguage\":\"es-AR\",\"mainEntityOfPage\":{\"@id\":\"https:\\\/\\\/loboproduccionesaudiovisuales.ar\\\/?p=16838#webpage\"},\"isPartOf\":{\"@id\":\"https:\\\/\\\/loboproduccionesaudiovisuales.ar\\\/?p=16838#webpage\"},\"articleSection\":\"ACTUALIDAD, Blog, ENTRE RIOS, INSTITUCIONALES, REGIONALES, Aldea Santa Rosa\"},{\"@type\":\"BreadcrumbList\",\"@id\":\"https:\\\/\\\/loboproduccionesaudiovisuales.ar\\\/?p=16838#breadcrumblist\",\"itemListElement\":[{\"@type\":\"ListItem\",\"@id\":\"https:\\\/\\\/loboproduccionesaudiovisuales.ar#listItem\",\"position\":1,\"name\":\"Home\",\"item\":\"https:\\\/\\\/loboproduccionesaudiovisuales.ar\",\"nextItem\":{\"@type\":\"ListItem\",\"@id\":\"https:\\\/\\\/loboproduccionesaudiovisuales.ar\\\/?cat=1#listItem\",\"name\":\"Blog\"}},{\"@type\":\"ListItem\",\"@id\":\"https:\\\/\\\/loboproduccionesaudiovisuales.ar\\\/?cat=1#listItem\",\"position\":2,\"name\":\"Blog\",\"item\":\"https:\\\/\\\/loboproduccionesaudiovisuales.ar\\\/?cat=1\",\"nextItem\":{\"@type\":\"ListItem\",\"@id\":\"https:\\\/\\\/loboproduccionesaudiovisuales.ar\\\/?p=16838#listItem\",\"name\":\"Aldea Santa Rosa celebr\\u00f3 131 a\\u00f1os de fe, esperanza, trabajo y progreso\"},\"previousItem\":{\"@type\":\"ListItem\",\"@id\":\"https:\\\/\\\/loboproduccionesaudiovisuales.ar#listItem\",\"name\":\"Home\"}},{\"@type\":\"ListItem\",\"@id\":\"https:\\\/\\\/loboproduccionesaudiovisuales.ar\\\/?p=16838#listItem\",\"position\":3,\"name\":\"Aldea Santa Rosa celebr\\u00f3 131 a\\u00f1os de fe, esperanza, trabajo y progreso\",\"previousItem\":{\"@type\":\"ListItem\",\"@id\":\"https:\\\/\\\/loboproduccionesaudiovisuales.ar\\\/?cat=1#listItem\",\"name\":\"Blog\"}}]},{\"@type\":\"Organization\",\"@id\":\"https:\\\/\\\/loboproduccionesaudiovisuales.ar\\\/#organization\",\"name\":\"loboproduccionesaudiovisuales.ar\",\"description\":\"Sitio digital de noticias agroindustriales\",\"url\":\"https:\\\/\\\/loboproduccionesaudiovisuales.ar\\\/\",\"logo\":{\"@type\":\"ImageObject\",\"url\":\"https:\\\/\\\/loboproduccionesaudiovisuales.ar\\\/wp-content\\\/uploads\\\/2023\\\/07\\\/LPA-web.jpg\",\"@id\":\"https:\\\/\\\/loboproduccionesaudiovisuales.ar\\\/?p=16838\\\/#organizationLogo\",\"width\":500,\"height\":144},\"image\":{\"@id\":\"https:\\\/\\\/loboproduccionesaudiovisuales.ar\\\/?p=16838\\\/#organizationLogo\"}},{\"@type\":\"Person\",\"@id\":\"https:\\\/\\\/loboproduccionesaudiovisuales.ar\\\/?author=3#author\",\"url\":\"https:\\\/\\\/loboproduccionesaudiovisuales.ar\\\/?author=3\",\"name\":\"Gustavo Werner\",\"image\":{\"@type\":\"ImageObject\",\"@id\":\"https:\\\/\\\/loboproduccionesaudiovisuales.ar\\\/?p=16838#authorImage\",\"url\":\"https:\\\/\\\/loboproduccionesaudiovisuales.ar\\\/wp-content\\\/litespeed\\\/avatar\\\/de09dfb254ecca8d89a27b1f284fdb4d.jpg?ver=1788575391\",\"width\":96,\"height\":96,\"caption\":\"Gustavo Werner\"}},{\"@type\":\"WebPage\",\"@id\":\"https:\\\/\\\/loboproduccionesaudiovisuales.ar\\\/?p=16838#webpage\",\"url\":\"https:\\\/\\\/loboproduccionesaudiovisuales.ar\\\/?p=16838\",\"name\":\"Aldea Santa Rosa celebr\\u00f3 131 a\\u00f1os de fe, esperanza, trabajo y progreso - LOBO PRODUCCIONES AUDIOVISUALES\",\"description\":\"\\u201cEscuchar y dialogar, es el punto de partida para trabajar juntos con el prop\\u00f3sito de transformar nuestro lugar de vida y crecer como comunidad\\u201d manifest\\u00f3 Daniela Keiner (presidente comunal). Fue un s\\u00e1bado de festejos y de reencuentro. La Comuna de Aldea Santa Rosa celebr\\u00f3 131\\u00ba a\\u00f1os de fe, esperanza, trabajo y progreso. En primer t\\u00e9rmino,\",\"inLanguage\":\"es-AR\",\"isPartOf\":{\"@id\":\"https:\\\/\\\/loboproduccionesaudiovisuales.ar\\\/#website\"},\"breadcrumb\":{\"@id\":\"https:\\\/\\\/loboproduccionesaudiovisuales.ar\\\/?p=16838#breadcrumblist\"},\"author\":{\"@id\":\"https:\\\/\\\/loboproduccionesaudiovisuales.ar\\\/?author=3#author\"},\"creator\":{\"@id\":\"https:\\\/\\\/loboproduccionesaudiovisuales.ar\\\/?author=3#author\"},\"image\":{\"@type\":\"ImageObject\",\"url\":\"https:\\\/\\\/loboproduccionesaudiovisuales.ar\\\/wp-content\\\/uploads\\\/2024\\\/11\\\/4383053f-8fdd-4cae-b7ad-a180f657cc91.jpg\",\"@id\":\"https:\\\/\\\/loboproduccionesaudiovisuales.ar\\\/?p=16838\\\/#mainImage\",\"width\":1280,\"height\":960},\"primaryImageOfPage\":{\"@id\":\"https:\\\/\\\/loboproduccionesaudiovisuales.ar\\\/?p=16838#mainImage\"},\"datePublished\":\"2024-11-05T17:02:23-03:00\",\"dateModified\":\"2024-11-05T17:02:23-03:00\"},{\"@type\":\"WebSite\",\"@id\":\"https:\\\/\\\/loboproduccionesaudiovisuales.ar\\\/#website\",\"url\":\"https:\\\/\\\/loboproduccionesaudiovisuales.ar\\\/\",\"name\":\"loboproduccionesaudiovisuales.ar\",\"alternateName\":\"Lobo Producciones\",\"description\":\"Sitio digital de noticias agroindustriales\",\"inLanguage\":\"es-AR\",\"publisher\":{\"@id\":\"https:\\\/\\\/loboproduccionesaudiovisuales.ar\\\/#organization\"}}]}\n\t\t<\/script>\n\t\t<!-- All in One SEO -->\n\n","aioseo_head_json":{"title":"Aldea Santa Rosa celebr\u00f3 131 a\u00f1os de fe, esperanza, trabajo y progreso - LOBO PRODUCCIONES AUDIOVISUALES","description":"\u201cEscuchar y dialogar, es el punto de partida para trabajar juntos con el prop\u00f3sito de transformar nuestro lugar de vida y crecer como comunidad\u201d manifest\u00f3 Daniela Keiner (presidente comunal). Fue un s\u00e1bado de festejos y de reencuentro. La Comuna de Aldea Santa Rosa celebr\u00f3 131\u00ba a\u00f1os de fe, esperanza, trabajo y progreso. En primer t\u00e9rmino,","canonical_url":"https:\/\/loboproduccionesaudiovisuales.ar\/?p=16838","robots":"max-image-preview:large","keywords":"","webmasterTools":{"miscellaneous":""},"schema":{"@context":"https:\/\/schema.org","@graph":[{"@type":"BlogPosting","@id":"https:\/\/loboproduccionesaudiovisuales.ar\/?p=16838#blogposting","name":"Aldea Santa Rosa celebr\u00f3 131 a\u00f1os de fe, esperanza, trabajo y progreso - LOBO PRODUCCIONES AUDIOVISUALES","headline":"Aldea Santa Rosa celebr\u00f3 131 a\u00f1os de fe, esperanza, trabajo y progreso","author":{"@id":"https:\/\/loboproduccionesaudiovisuales.ar\/?author=3#author"},"publisher":{"@id":"https:\/\/loboproduccionesaudiovisuales.ar\/#organization"},"image":{"@type":"ImageObject","url":"https:\/\/loboproduccionesaudiovisuales.ar\/wp-content\/uploads\/2024\/11\/4383053f-8fdd-4cae-b7ad-a180f657cc91.jpg","width":1280,"height":960},"datePublished":"2024-11-05T17:02:23-03:00","dateModified":"2024-11-05T17:02:23-03:00","inLanguage":"es-AR","mainEntityOfPage":{"@id":"https:\/\/loboproduccionesaudiovisuales.ar\/?p=16838#webpage"},"isPartOf":{"@id":"https:\/\/loboproduccionesaudiovisuales.ar\/?p=16838#webpage"},"articleSection":"ACTUALIDAD, Blog, ENTRE RIOS, INSTITUCIONALES, REGIONALES, Aldea Santa Rosa"},{"@type":"BreadcrumbList","@id":"https:\/\/loboproduccionesaudiovisuales.ar\/?p=16838#breadcrumblist","itemListElement":[{"@type":"ListItem","@id":"https:\/\/loboproduccionesaudiovisuales.ar#listItem","position":1,"name":"Home","item":"https:\/\/loboproduccionesaudiovisuales.ar","nextItem":{"@type":"ListItem","@id":"https:\/\/loboproduccionesaudiovisuales.ar\/?cat=1#listItem","name":"Blog"}},{"@type":"ListItem","@id":"https:\/\/loboproduccionesaudiovisuales.ar\/?cat=1#listItem","position":2,"name":"Blog","item":"https:\/\/loboproduccionesaudiovisuales.ar\/?cat=1","nextItem":{"@type":"ListItem","@id":"https:\/\/loboproduccionesaudiovisuales.ar\/?p=16838#listItem","name":"Aldea Santa Rosa celebr\u00f3 131 a\u00f1os de fe, esperanza, trabajo y progreso"},"previousItem":{"@type":"ListItem","@id":"https:\/\/loboproduccionesaudiovisuales.ar#listItem","name":"Home"}},{"@type":"ListItem","@id":"https:\/\/loboproduccionesaudiovisuales.ar\/?p=16838#listItem","position":3,"name":"Aldea Santa Rosa celebr\u00f3 131 a\u00f1os de fe, esperanza, trabajo y progreso","previousItem":{"@type":"ListItem","@id":"https:\/\/loboproduccionesaudiovisuales.ar\/?cat=1#listItem","name":"Blog"}}]},{"@type":"Organization","@id":"https:\/\/loboproduccionesaudiovisuales.ar\/#organization","name":"loboproduccionesaudiovisuales.ar","description":"Sitio digital de noticias agroindustriales","url":"https:\/\/loboproduccionesaudiovisuales.ar\/","logo":{"@type":"ImageObject","url":"https:\/\/loboproduccionesaudiovisuales.ar\/wp-content\/uploads\/2023\/07\/LPA-web.jpg","@id":"https:\/\/loboproduccionesaudiovisuales.ar\/?p=16838\/#organizationLogo","width":500,"height":144},"image":{"@id":"https:\/\/loboproduccionesaudiovisuales.ar\/?p=16838\/#organizationLogo"}},{"@type":"Person","@id":"https:\/\/loboproduccionesaudiovisuales.ar\/?author=3#author","url":"https:\/\/loboproduccionesaudiovisuales.ar\/?author=3","name":"Gustavo Werner","image":{"@type":"ImageObject","@id":"https:\/\/loboproduccionesaudiovisuales.ar\/?p=16838#authorImage","url":"https:\/\/loboproduccionesaudiovisuales.ar\/wp-content\/litespeed\/avatar\/de09dfb254ecca8d89a27b1f284fdb4d.jpg?ver=1788575391","width":96,"height":96,"caption":"Gustavo Werner"}},{"@type":"WebPage","@id":"https:\/\/loboproduccionesaudiovisuales.ar\/?p=16838#webpage","url":"https:\/\/loboproduccionesaudiovisuales.ar\/?p=16838","name":"Aldea Santa Rosa celebr\u00f3 131 a\u00f1os de fe, esperanza, trabajo y progreso - LOBO PRODUCCIONES AUDIOVISUALES","description":"\u201cEscuchar y dialogar, es el punto de partida para trabajar juntos con el prop\u00f3sito de transformar nuestro lugar de vida y crecer como comunidad\u201d manifest\u00f3 Daniela Keiner (presidente comunal). Fue un s\u00e1bado de festejos y de reencuentro. La Comuna de Aldea Santa Rosa celebr\u00f3 131\u00ba a\u00f1os de fe, esperanza, trabajo y progreso. En primer t\u00e9rmino,","inLanguage":"es-AR","isPartOf":{"@id":"https:\/\/loboproduccionesaudiovisuales.ar\/#website"},"breadcrumb":{"@id":"https:\/\/loboproduccionesaudiovisuales.ar\/?p=16838#breadcrumblist"},"author":{"@id":"https:\/\/loboproduccionesaudiovisuales.ar\/?author=3#author"},"creator":{"@id":"https:\/\/loboproduccionesaudiovisuales.ar\/?author=3#author"},"image":{"@type":"ImageObject","url":"https:\/\/loboproduccionesaudiovisuales.ar\/wp-content\/uploads\/2024\/11\/4383053f-8fdd-4cae-b7ad-a180f657cc91.jpg","@id":"https:\/\/loboproduccionesaudiovisuales.ar\/?p=16838\/#mainImage","width":1280,"height":960},"primaryImageOfPage":{"@id":"https:\/\/loboproduccionesaudiovisuales.ar\/?p=16838#mainImage"},"datePublished":"2024-11-05T17:02:23-03:00","dateModified":"2024-11-05T17:02:23-03:00"},{"@type":"WebSite","@id":"https:\/\/loboproduccionesaudiovisuales.ar\/#website","url":"https:\/\/loboproduccionesaudiovisuales.ar\/","name":"loboproduccionesaudiovisuales.ar","alternateName":"Lobo Producciones","description":"Sitio digital de noticias agroindustriales","inLanguage":"es-AR","publisher":{"@id":"https:\/\/loboproduccionesaudiovisuales.ar\/#organization"}}]},"og:locale":"es_ES","og:site_name":"LOBO PRODUCCIONES AUDIOVISUALES - Sitio digital de noticias agroindustriales","og:type":"article","og:title":"Aldea Santa Rosa celebr\u00f3 131 a\u00f1os de fe, esperanza, trabajo y progreso - LOBO PRODUCCIONES AUDIOVISUALES","og:description":"\u201cEscuchar y dialogar, es el punto de partida para trabajar juntos con el prop\u00f3sito de transformar nuestro lugar de vida y crecer como comunidad\u201d manifest\u00f3 Daniela Keiner (presidente comunal). Fue un s\u00e1bado de festejos y de reencuentro. La Comuna de Aldea Santa Rosa celebr\u00f3 131\u00ba a\u00f1os de fe, esperanza, trabajo y progreso. En primer t\u00e9rmino,","og:url":"https:\/\/loboproduccionesaudiovisuales.ar\/?p=16838","og:image":"https:\/\/loboproduccionesaudiovisuales.ar\/wp-content\/uploads\/2023\/07\/LPA-web.jpg","og:image:secure_url":"https:\/\/loboproduccionesaudiovisuales.ar\/wp-content\/uploads\/2023\/07\/LPA-web.jpg","article:published_time":"2024-11-05T20:02:23+00:00","article:modified_time":"2024-11-05T20:02:23+00:00","twitter:card":"summary_large_image","twitter:title":"Aldea Santa Rosa celebr\u00f3 131 a\u00f1os de fe, esperanza, trabajo y progreso - LOBO PRODUCCIONES AUDIOVISUALES","twitter:description":"\u201cEscuchar y dialogar, es el punto de partida para trabajar juntos con el prop\u00f3sito de transformar nuestro lugar de vida y crecer como comunidad\u201d manifest\u00f3 Daniela Keiner (presidente comunal). Fue un s\u00e1bado de festejos y de reencuentro. La Comuna de Aldea Santa Rosa celebr\u00f3 131\u00ba a\u00f1os de fe, esperanza, trabajo y progreso. En primer t\u00e9rmino,","twitter:image":"https:\/\/loboproduccionesaudiovisuales.ar\/wp-content\/uploads\/2023\/07\/LPA-web.jpg"},"aioseo_meta_data":{"post_id":"16838","title":null,"description":null,"keywords":null,"keyphrases":{"focus":{"keyphrase":"","score":0,"analysis":{"keyphraseInTitle":{"score":0,"maxScore":9,"error":1}}},"additional":[]},"primary_term":null,"canonical_url":null,"og_title":null,"og_description":null,"og_object_type":"default","og_image_type":"default","og_image_url":null,"og_image_width":null,"og_image_height":null,"og_image_custom_url":null,"og_image_custom_fields":null,"og_video":"","og_custom_url":null,"og_article_section":null,"og_article_tags":null,"twitter_use_og":false,"twitter_card":"default","twitter_image_type":"default","twitter_image_url":null,"twitter_image_custom_url":null,"twitter_image_custom_fields":null,"twitter_title":null,"twitter_description":null,"schema":{"blockGraphs":[],"customGraphs":[],"default":{"data":{"Article":[],"Course":[],"Dataset":[],"FAQPage":[],"Movie":[],"Person":[],"Product":[],"ProductReview":[],"Car":[],"Recipe":[],"Service":[],"SoftwareApplication":[],"WebPage":[]},"graphName":"BlogPosting","isEnabled":true},"graphs":[]},"schema_type":"default","schema_type_options":null,"pillar_content":false,"robots_default":true,"robots_noindex":false,"robots_noarchive":false,"robots_nosnippet":false,"robots_nofollow":false,"robots_noimageindex":false,"robots_noodp":false,"robots_notranslate":false,"robots_max_snippet":"-1","robots_max_videopreview":"-1","robots_max_imagepreview":"large","priority":null,"frequency":"default","local_seo":null,"breadcrumb_settings":null,"limit_modified_date":false,"ai":null,"created":"2024-11-05 20:02:23","updated":"2025-06-05 01:05:20","seo_analyzer_scan_date":null,"focus_keyword":null,"additional_keywords":null,"truseo_locale":null},"aioseo_breadcrumb":"<div class=\"aioseo-breadcrumbs\"><span class=\"aioseo-breadcrumb\">\n\t\t\t<a href=\"https:\/\/loboproduccionesaudiovisuales.ar\" title=\"Home\">Home<\/a>\n\t\t<\/span><span class=\"aioseo-breadcrumb-separator\">&raquo;<\/span><span class=\"aioseo-breadcrumb\">\n\t\t\t<a href=\"https:\/\/loboproduccionesaudiovisuales.ar\/?cat=1\" title=\"Blog\">Blog<\/a>\n\t\t<\/span><span class=\"aioseo-breadcrumb-separator\">&raquo;<\/span><span class=\"aioseo-breadcrumb\">\n\t\t\tAldea Santa Rosa celebr\u00f3 131 a\u00f1os de fe, esperanza, trabajo y progreso\n\t\t<\/span><\/div>","aioseo_breadcrumb_json":[{"label":"Home","link":"https:\/\/loboproduccionesaudiovisuales.ar"},{"label":"Blog","link":"https:\/\/loboproduccionesaudiovisuales.ar\/?cat=1"},{"label":"Aldea Santa Rosa celebr\u00f3 131 a\u00f1os de fe, esperanza, trabajo y progreso","link":"https:\/\/loboproduccionesaudiovisuales.ar\/?p=16838"}],"_links":{"self":[{"href":"https:\/\/loboproduccionesaudiovisuales.ar\/index.php?rest_route=\/wp\/v2\/posts\/16838","targetHints":{"allow":["GET"]}}],"collection":[{"href":"https:\/\/loboproduccionesaudiovisuales.ar\/index.php?rest_route=\/wp\/v2\/posts"}],"about":[{"href":"https:\/\/loboproduccionesaudiovisuales.ar\/index.php?rest_route=\/wp\/v2\/types\/post"}],"author":[{"embeddable":true,"href":"https:\/\/loboproduccionesaudiovisuales.ar\/index.php?rest_route=\/wp\/v2\/users\/3"}],"replies":[{"embeddable":true,"href":"https:\/\/loboproduccionesaudiovisuales.ar\/index.php?rest_route=%2Fwp%2Fv2%2Fcomments&post=16838"}],"version-history":[{"count":1,"href":"https:\/\/loboproduccionesaudiovisuales.ar\/index.php?rest_route=\/wp\/v2\/posts\/16838\/revisions"}],"predecessor-version":[{"id":16840,"href":"https:\/\/loboproduccionesaudiovisuales.ar\/index.php?rest_route=\/wp\/v2\/posts\/16838\/revisions\/16840"}],"wp:featuredmedia":[{"embeddable":true,"href":"https:\/\/loboproduccionesaudiovisuales.ar\/index.php?rest_route=\/wp\/v2\/media\/16839"}],"wp:attachment":[{"href":"https:\/\/loboproduccionesaudiovisuales.ar\/index.php?rest_route=%2Fwp%2Fv2%2Fmedia&parent=16838"}],"wp:term":[{"taxonomy":"category","embeddable":true,"href":"https:\/\/loboproduccionesaudiovisuales.ar\/index.php?rest_route=%2Fwp%2Fv2%2Fcategories&post=16838"},{"taxonomy":"post_tag","embeddable":true,"href":"https:\/\/loboproduccionesaudiovisuales.ar\/index.php?rest_route=%2Fwp%2Fv2%2Ftags&post=16838"}],"curies":[{"name":"wp","href":"https:\/\/api.w.org\/{rel}","templated":true}]}}