{"id":16600,"date":"2024-10-28T16:57:19","date_gmt":"2024-10-28T19:57:19","guid":{"rendered":"https:\/\/loboproduccionesaudiovisuales.ar\/?p=16600"},"modified":"2024-10-28T16:57:19","modified_gmt":"2024-10-28T19:57:19","slug":"aldea-santa-rosa-celebra-su-131-aniversario","status":"publish","type":"post","link":"https:\/\/loboproduccionesaudiovisuales.ar\/?p=16600","title":{"rendered":"Aldea Santa Rosa celebra su 131 aniversario"},"content":{"rendered":"<p><strong>Este s\u00e1bado 2 de noviembre se festejar\u00e1 el 131\u00ba aniversario de la fundaci\u00f3n de Aldea Santa Rosa, con un festival musical que tendr\u00e1 destacados grupos y numerosas atracciones.<\/strong><\/p>\n<p>&nbsp;<\/p>\n<p>Las actividades comenzar\u00e1n a las 19.30 con la celebraci\u00f3n de la Santa Misa, en honor a todos los antepasados fallecidos. A partir de las 21.00, se concretar\u00e1 el festival, en el predio de la comuna y para que pueda participar toda la familia, la entrada es libre y gratuita.<\/p>\n<p>La programaci\u00f3n comenzar\u00e1 con el Grupo Coreogr\u00e1fico Edelweiss y seguir\u00e1 con Runa Kuyay, Cantares de mi Entre R\u00edos, Juan Manuel Bilat, Los del Gualey\u00e1n, Los Binder y Maravillas Alemanas.<\/p>\n<p>Habr\u00e1 servicio de cantina con la participaci\u00f3n de instituciones locales y de la zona y peloteros, para los chicos. Adem\u00e1s, como parte de las actividades del aniversario, se reinaugurar\u00e1 el edificio del Museo, con sus diferentes ambientes. La idea fue imitar el dormitorio, una cocina, como ten\u00edan nuestros antepasados.<\/p>\n","protected":false},"excerpt":{"rendered":"<p>Este s\u00e1bado 2 de noviembre se festejar\u00e1 el 131\u00ba aniversario de la fundaci\u00f3n de Aldea Santa Rosa, con un festival&hellip;<\/p>\n","protected":false},"author":3,"featured_media":16601,"comment_status":"open","ping_status":"open","sticky":false,"template":"","format":"standard","meta":{"footnotes":""},"categories":[5,1,128,119,113],"tags":[404],"class_list":["post-16600","post","type-post","status-publish","format-standard","has-post-thumbnail","hentry","category-actualidad","category-blog","category-entre-rios","category-institucionales","category-region","tag-santa-rosa"],"aioseo_notices":[],"aioseo_head":"\n\t\t<!-- All in One SEO 5.0.1.1 - aioseo.com -->\n\t<meta name=\"description\" content=\"Este s\u00e1bado 2 de noviembre se festejar\u00e1 el 131\u00ba aniversario de la fundaci\u00f3n de Aldea Santa Rosa, con un festival musical que tendr\u00e1 destacados grupos y numerosas atracciones. Las actividades comenzar\u00e1n a las 19.30 con la celebraci\u00f3n de la Santa Misa, en honor a todos los antepasados fallecidos. A partir de las 21.00, se\" \/>\n\t<meta name=\"robots\" content=\"max-image-preview:large\" \/>\n\t<meta name=\"author\" content=\"Gustavo Werner\"\/>\n\t<link rel=\"canonical\" href=\"https:\/\/loboproduccionesaudiovisuales.ar\/?p=16600\" \/>\n\t<meta name=\"generator\" content=\"All in One SEO (AIOSEO) 5.0.1.1\" \/>\n\t\t<meta property=\"og:locale\" content=\"es_ES\" \/>\n\t\t<meta property=\"og:site_name\" content=\"LOBO PRODUCCIONES AUDIOVISUALES - Sitio digital de noticias agroindustriales\" \/>\n\t\t<meta property=\"og:type\" content=\"article\" \/>\n\t\t<meta property=\"og:title\" content=\"Aldea Santa Rosa celebra su 131 aniversario - LOBO PRODUCCIONES AUDIOVISUALES\" \/>\n\t\t<meta property=\"og:description\" content=\"Este s\u00e1bado 2 de noviembre se festejar\u00e1 el 131\u00ba aniversario de la fundaci\u00f3n de Aldea Santa Rosa, con un festival musical que tendr\u00e1 destacados grupos y numerosas atracciones. Las actividades comenzar\u00e1n a las 19.30 con la celebraci\u00f3n de la Santa Misa, en honor a todos los antepasados fallecidos. A partir de las 21.00, se\" \/>\n\t\t<meta property=\"og:url\" content=\"https:\/\/loboproduccionesaudiovisuales.ar\/?p=16600\" \/>\n\t\t<meta property=\"og:image\" content=\"https:\/\/loboproduccionesaudiovisuales.ar\/wp-content\/uploads\/2023\/07\/LPA-web.jpg\" \/>\n\t\t<meta property=\"og:image:secure_url\" content=\"https:\/\/loboproduccionesaudiovisuales.ar\/wp-content\/uploads\/2023\/07\/LPA-web.jpg\" \/>\n\t\t<meta property=\"article:published_time\" content=\"2024-10-28T19:57:19+00:00\" \/>\n\t\t<meta property=\"article:modified_time\" content=\"2024-10-28T19:57:19+00:00\" \/>\n\t\t<meta name=\"twitter:card\" content=\"summary_large_image\" \/>\n\t\t<meta name=\"twitter:title\" content=\"Aldea Santa Rosa celebra su 131 aniversario - LOBO PRODUCCIONES AUDIOVISUALES\" \/>\n\t\t<meta name=\"twitter:description\" content=\"Este s\u00e1bado 2 de noviembre se festejar\u00e1 el 131\u00ba aniversario de la fundaci\u00f3n de Aldea Santa Rosa, con un festival musical que tendr\u00e1 destacados grupos y numerosas atracciones. Las actividades comenzar\u00e1n a las 19.30 con la celebraci\u00f3n de la Santa Misa, en honor a todos los antepasados fallecidos. A partir de las 21.00, se\" \/>\n\t\t<meta name=\"twitter:image\" content=\"https:\/\/loboproduccionesaudiovisuales.ar\/wp-content\/uploads\/2023\/07\/LPA-web.jpg\" \/>\n\t\t<script type=\"application\/ld+json\" class=\"aioseo-schema\">\n\t\t\t{\"@context\":\"https:\\\/\\\/schema.org\",\"@graph\":[{\"@type\":\"BlogPosting\",\"@id\":\"https:\\\/\\\/loboproduccionesaudiovisuales.ar\\\/?p=16600#blogposting\",\"name\":\"Aldea Santa Rosa celebra su 131 aniversario - LOBO PRODUCCIONES AUDIOVISUALES\",\"headline\":\"Aldea Santa Rosa celebra su 131 aniversario\",\"author\":{\"@id\":\"https:\\\/\\\/loboproduccionesaudiovisuales.ar\\\/?author=3#author\"},\"publisher\":{\"@id\":\"https:\\\/\\\/loboproduccionesaudiovisuales.ar\\\/#organization\"},\"image\":{\"@type\":\"ImageObject\",\"url\":\"https:\\\/\\\/loboproduccionesaudiovisuales.ar\\\/wp-content\\\/uploads\\\/2024\\\/10\\\/308507487_472506378255164_5732401351261899749_n.jpg\",\"width\":815,\"height\":458},\"datePublished\":\"2024-10-28T16:57:19-03:00\",\"dateModified\":\"2024-10-28T16:57:19-03:00\",\"inLanguage\":\"es-AR\",\"mainEntityOfPage\":{\"@id\":\"https:\\\/\\\/loboproduccionesaudiovisuales.ar\\\/?p=16600#webpage\"},\"isPartOf\":{\"@id\":\"https:\\\/\\\/loboproduccionesaudiovisuales.ar\\\/?p=16600#webpage\"},\"articleSection\":\"ACTUALIDAD, Blog, ENTRE RIOS, INSTITUCIONALES, REGIONALES, Santa Rosa\"},{\"@type\":\"BreadcrumbList\",\"@id\":\"https:\\\/\\\/loboproduccionesaudiovisuales.ar\\\/?p=16600#breadcrumblist\",\"itemListElement\":[{\"@type\":\"ListItem\",\"@id\":\"https:\\\/\\\/loboproduccionesaudiovisuales.ar#listItem\",\"position\":1,\"name\":\"Home\",\"item\":\"https:\\\/\\\/loboproduccionesaudiovisuales.ar\",\"nextItem\":{\"@type\":\"ListItem\",\"@id\":\"https:\\\/\\\/loboproduccionesaudiovisuales.ar\\\/?cat=1#listItem\",\"name\":\"Blog\"}},{\"@type\":\"ListItem\",\"@id\":\"https:\\\/\\\/loboproduccionesaudiovisuales.ar\\\/?cat=1#listItem\",\"position\":2,\"name\":\"Blog\",\"item\":\"https:\\\/\\\/loboproduccionesaudiovisuales.ar\\\/?cat=1\",\"nextItem\":{\"@type\":\"ListItem\",\"@id\":\"https:\\\/\\\/loboproduccionesaudiovisuales.ar\\\/?p=16600#listItem\",\"name\":\"Aldea Santa Rosa celebra su 131 aniversario\"},\"previousItem\":{\"@type\":\"ListItem\",\"@id\":\"https:\\\/\\\/loboproduccionesaudiovisuales.ar#listItem\",\"name\":\"Home\"}},{\"@type\":\"ListItem\",\"@id\":\"https:\\\/\\\/loboproduccionesaudiovisuales.ar\\\/?p=16600#listItem\",\"position\":3,\"name\":\"Aldea Santa Rosa celebra su 131 aniversario\",\"previousItem\":{\"@type\":\"ListItem\",\"@id\":\"https:\\\/\\\/loboproduccionesaudiovisuales.ar\\\/?cat=1#listItem\",\"name\":\"Blog\"}}]},{\"@type\":\"Organization\",\"@id\":\"https:\\\/\\\/loboproduccionesaudiovisuales.ar\\\/#organization\",\"name\":\"loboproduccionesaudiovisuales.ar\",\"description\":\"Sitio digital de noticias agroindustriales\",\"url\":\"https:\\\/\\\/loboproduccionesaudiovisuales.ar\\\/\",\"logo\":{\"@type\":\"ImageObject\",\"url\":\"https:\\\/\\\/loboproduccionesaudiovisuales.ar\\\/wp-content\\\/uploads\\\/2023\\\/07\\\/LPA-web.jpg\",\"@id\":\"https:\\\/\\\/loboproduccionesaudiovisuales.ar\\\/?p=16600\\\/#organizationLogo\",\"width\":500,\"height\":144},\"image\":{\"@id\":\"https:\\\/\\\/loboproduccionesaudiovisuales.ar\\\/?p=16600\\\/#organizationLogo\"}},{\"@type\":\"Person\",\"@id\":\"https:\\\/\\\/loboproduccionesaudiovisuales.ar\\\/?author=3#author\",\"url\":\"https:\\\/\\\/loboproduccionesaudiovisuales.ar\\\/?author=3\",\"name\":\"Gustavo Werner\",\"image\":{\"@type\":\"ImageObject\",\"@id\":\"https:\\\/\\\/loboproduccionesaudiovisuales.ar\\\/?p=16600#authorImage\",\"url\":\"https:\\\/\\\/secure.gravatar.com\\\/avatar\\\/e04239ede7d02b80503013ac1fa61f308bbe3566e5a70df5bbef7c3725a0dcae?s=96&d=mm&r=g\",\"width\":96,\"height\":96,\"caption\":\"Gustavo Werner\"}},{\"@type\":\"WebPage\",\"@id\":\"https:\\\/\\\/loboproduccionesaudiovisuales.ar\\\/?p=16600#webpage\",\"url\":\"https:\\\/\\\/loboproduccionesaudiovisuales.ar\\\/?p=16600\",\"name\":\"Aldea Santa Rosa celebra su 131 aniversario - LOBO PRODUCCIONES AUDIOVISUALES\",\"description\":\"Este s\\u00e1bado 2 de noviembre se festejar\\u00e1 el 131\\u00ba aniversario de la fundaci\\u00f3n de Aldea Santa Rosa, con un festival musical que tendr\\u00e1 destacados grupos y numerosas atracciones. Las actividades comenzar\\u00e1n a las 19.30 con la celebraci\\u00f3n de la Santa Misa, en honor a todos los antepasados fallecidos. A partir de las 21.00, se\",\"inLanguage\":\"es-AR\",\"isPartOf\":{\"@id\":\"https:\\\/\\\/loboproduccionesaudiovisuales.ar\\\/#website\"},\"breadcrumb\":{\"@id\":\"https:\\\/\\\/loboproduccionesaudiovisuales.ar\\\/?p=16600#breadcrumblist\"},\"author\":{\"@id\":\"https:\\\/\\\/loboproduccionesaudiovisuales.ar\\\/?author=3#author\"},\"creator\":{\"@id\":\"https:\\\/\\\/loboproduccionesaudiovisuales.ar\\\/?author=3#author\"},\"image\":{\"@type\":\"ImageObject\",\"url\":\"https:\\\/\\\/loboproduccionesaudiovisuales.ar\\\/wp-content\\\/uploads\\\/2024\\\/10\\\/308507487_472506378255164_5732401351261899749_n.jpg\",\"@id\":\"https:\\\/\\\/loboproduccionesaudiovisuales.ar\\\/?p=16600\\\/#mainImage\",\"width\":815,\"height\":458},\"primaryImageOfPage\":{\"@id\":\"https:\\\/\\\/loboproduccionesaudiovisuales.ar\\\/?p=16600#mainImage\"},\"datePublished\":\"2024-10-28T16:57:19-03:00\",\"dateModified\":\"2024-10-28T16:57:19-03:00\"},{\"@type\":\"WebSite\",\"@id\":\"https:\\\/\\\/loboproduccionesaudiovisuales.ar\\\/#website\",\"url\":\"https:\\\/\\\/loboproduccionesaudiovisuales.ar\\\/\",\"name\":\"loboproduccionesaudiovisuales.ar\",\"alternateName\":\"Lobo Producciones\",\"description\":\"Sitio digital de noticias agroindustriales\",\"inLanguage\":\"es-AR\",\"publisher\":{\"@id\":\"https:\\\/\\\/loboproduccionesaudiovisuales.ar\\\/#organization\"}}]}\n\t\t<\/script>\n\t\t<!-- All in One SEO -->\n\n","aioseo_head_json":{"title":"Aldea Santa Rosa celebra su 131 aniversario - LOBO PRODUCCIONES AUDIOVISUALES","description":"Este s\u00e1bado 2 de noviembre se festejar\u00e1 el 131\u00ba aniversario de la fundaci\u00f3n de Aldea Santa Rosa, con un festival musical que tendr\u00e1 destacados grupos y numerosas atracciones. Las actividades comenzar\u00e1n a las 19.30 con la celebraci\u00f3n de la Santa Misa, en honor a todos los antepasados fallecidos. A partir de las 21.00, se","canonical_url":"https:\/\/loboproduccionesaudiovisuales.ar\/?p=16600","robots":"max-image-preview:large","keywords":"","webmasterTools":{"miscellaneous":""},"schema":{"@context":"https:\/\/schema.org","@graph":[{"@type":"BlogPosting","@id":"https:\/\/loboproduccionesaudiovisuales.ar\/?p=16600#blogposting","name":"Aldea Santa Rosa celebra su 131 aniversario - LOBO PRODUCCIONES AUDIOVISUALES","headline":"Aldea Santa Rosa celebra su 131 aniversario","author":{"@id":"https:\/\/loboproduccionesaudiovisuales.ar\/?author=3#author"},"publisher":{"@id":"https:\/\/loboproduccionesaudiovisuales.ar\/#organization"},"image":{"@type":"ImageObject","url":"https:\/\/loboproduccionesaudiovisuales.ar\/wp-content\/uploads\/2024\/10\/308507487_472506378255164_5732401351261899749_n.jpg","width":815,"height":458},"datePublished":"2024-10-28T16:57:19-03:00","dateModified":"2024-10-28T16:57:19-03:00","inLanguage":"es-AR","mainEntityOfPage":{"@id":"https:\/\/loboproduccionesaudiovisuales.ar\/?p=16600#webpage"},"isPartOf":{"@id":"https:\/\/loboproduccionesaudiovisuales.ar\/?p=16600#webpage"},"articleSection":"ACTUALIDAD, Blog, ENTRE RIOS, INSTITUCIONALES, REGIONALES, Santa Rosa"},{"@type":"BreadcrumbList","@id":"https:\/\/loboproduccionesaudiovisuales.ar\/?p=16600#breadcrumblist","itemListElement":[{"@type":"ListItem","@id":"https:\/\/loboproduccionesaudiovisuales.ar#listItem","position":1,"name":"Home","item":"https:\/\/loboproduccionesaudiovisuales.ar","nextItem":{"@type":"ListItem","@id":"https:\/\/loboproduccionesaudiovisuales.ar\/?cat=1#listItem","name":"Blog"}},{"@type":"ListItem","@id":"https:\/\/loboproduccionesaudiovisuales.ar\/?cat=1#listItem","position":2,"name":"Blog","item":"https:\/\/loboproduccionesaudiovisuales.ar\/?cat=1","nextItem":{"@type":"ListItem","@id":"https:\/\/loboproduccionesaudiovisuales.ar\/?p=16600#listItem","name":"Aldea Santa Rosa celebra su 131 aniversario"},"previousItem":{"@type":"ListItem","@id":"https:\/\/loboproduccionesaudiovisuales.ar#listItem","name":"Home"}},{"@type":"ListItem","@id":"https:\/\/loboproduccionesaudiovisuales.ar\/?p=16600#listItem","position":3,"name":"Aldea Santa Rosa celebra su 131 aniversario","previousItem":{"@type":"ListItem","@id":"https:\/\/loboproduccionesaudiovisuales.ar\/?cat=1#listItem","name":"Blog"}}]},{"@type":"Organization","@id":"https:\/\/loboproduccionesaudiovisuales.ar\/#organization","name":"loboproduccionesaudiovisuales.ar","description":"Sitio digital de noticias agroindustriales","url":"https:\/\/loboproduccionesaudiovisuales.ar\/","logo":{"@type":"ImageObject","url":"https:\/\/loboproduccionesaudiovisuales.ar\/wp-content\/uploads\/2023\/07\/LPA-web.jpg","@id":"https:\/\/loboproduccionesaudiovisuales.ar\/?p=16600\/#organizationLogo","width":500,"height":144},"image":{"@id":"https:\/\/loboproduccionesaudiovisuales.ar\/?p=16600\/#organizationLogo"}},{"@type":"Person","@id":"https:\/\/loboproduccionesaudiovisuales.ar\/?author=3#author","url":"https:\/\/loboproduccionesaudiovisuales.ar\/?author=3","name":"Gustavo Werner","image":{"@type":"ImageObject","@id":"https:\/\/loboproduccionesaudiovisuales.ar\/?p=16600#authorImage","url":"https:\/\/secure.gravatar.com\/avatar\/e04239ede7d02b80503013ac1fa61f308bbe3566e5a70df5bbef7c3725a0dcae?s=96&d=mm&r=g","width":96,"height":96,"caption":"Gustavo Werner"}},{"@type":"WebPage","@id":"https:\/\/loboproduccionesaudiovisuales.ar\/?p=16600#webpage","url":"https:\/\/loboproduccionesaudiovisuales.ar\/?p=16600","name":"Aldea Santa Rosa celebra su 131 aniversario - LOBO PRODUCCIONES AUDIOVISUALES","description":"Este s\u00e1bado 2 de noviembre se festejar\u00e1 el 131\u00ba aniversario de la fundaci\u00f3n de Aldea Santa Rosa, con un festival musical que tendr\u00e1 destacados grupos y numerosas atracciones. Las actividades comenzar\u00e1n a las 19.30 con la celebraci\u00f3n de la Santa Misa, en honor a todos los antepasados fallecidos. A partir de las 21.00, se","inLanguage":"es-AR","isPartOf":{"@id":"https:\/\/loboproduccionesaudiovisuales.ar\/#website"},"breadcrumb":{"@id":"https:\/\/loboproduccionesaudiovisuales.ar\/?p=16600#breadcrumblist"},"author":{"@id":"https:\/\/loboproduccionesaudiovisuales.ar\/?author=3#author"},"creator":{"@id":"https:\/\/loboproduccionesaudiovisuales.ar\/?author=3#author"},"image":{"@type":"ImageObject","url":"https:\/\/loboproduccionesaudiovisuales.ar\/wp-content\/uploads\/2024\/10\/308507487_472506378255164_5732401351261899749_n.jpg","@id":"https:\/\/loboproduccionesaudiovisuales.ar\/?p=16600\/#mainImage","width":815,"height":458},"primaryImageOfPage":{"@id":"https:\/\/loboproduccionesaudiovisuales.ar\/?p=16600#mainImage"},"datePublished":"2024-10-28T16:57:19-03:00","dateModified":"2024-10-28T16:57:19-03:00"},{"@type":"WebSite","@id":"https:\/\/loboproduccionesaudiovisuales.ar\/#website","url":"https:\/\/loboproduccionesaudiovisuales.ar\/","name":"loboproduccionesaudiovisuales.ar","alternateName":"Lobo Producciones","description":"Sitio digital de noticias agroindustriales","inLanguage":"es-AR","publisher":{"@id":"https:\/\/loboproduccionesaudiovisuales.ar\/#organization"}}]},"og:locale":"es_ES","og:site_name":"LOBO PRODUCCIONES AUDIOVISUALES - Sitio digital de noticias agroindustriales","og:type":"article","og:title":"Aldea Santa Rosa celebra su 131 aniversario - LOBO PRODUCCIONES AUDIOVISUALES","og:description":"Este s\u00e1bado 2 de noviembre se festejar\u00e1 el 131\u00ba aniversario de la fundaci\u00f3n de Aldea Santa Rosa, con un festival musical que tendr\u00e1 destacados grupos y numerosas atracciones. Las actividades comenzar\u00e1n a las 19.30 con la celebraci\u00f3n de la Santa Misa, en honor a todos los antepasados fallecidos. A partir de las 21.00, se","og:url":"https:\/\/loboproduccionesaudiovisuales.ar\/?p=16600","og:image":"https:\/\/loboproduccionesaudiovisuales.ar\/wp-content\/uploads\/2023\/07\/LPA-web.jpg","og:image:secure_url":"https:\/\/loboproduccionesaudiovisuales.ar\/wp-content\/uploads\/2023\/07\/LPA-web.jpg","article:published_time":"2024-10-28T19:57:19+00:00","article:modified_time":"2024-10-28T19:57:19+00:00","twitter:card":"summary_large_image","twitter:title":"Aldea Santa Rosa celebra su 131 aniversario - LOBO PRODUCCIONES AUDIOVISUALES","twitter:description":"Este s\u00e1bado 2 de noviembre se festejar\u00e1 el 131\u00ba aniversario de la fundaci\u00f3n de Aldea Santa Rosa, con un festival musical que tendr\u00e1 destacados grupos y numerosas atracciones. Las actividades comenzar\u00e1n a las 19.30 con la celebraci\u00f3n de la Santa Misa, en honor a todos los antepasados fallecidos. A partir de las 21.00, se","twitter:image":"https:\/\/loboproduccionesaudiovisuales.ar\/wp-content\/uploads\/2023\/07\/LPA-web.jpg"},"aioseo_meta_data":{"post_id":"16600","title":null,"description":null,"keywords":null,"keyphrases":{"focus":{"keyphrase":"","score":0,"analysis":{"keyphraseInTitle":{"score":0,"maxScore":9,"error":1}}},"additional":[]},"primary_term":null,"canonical_url":null,"og_title":null,"og_description":null,"og_object_type":"default","og_image_type":"default","og_image_url":null,"og_image_width":null,"og_image_height":null,"og_image_custom_url":null,"og_image_custom_fields":null,"og_video":"","og_custom_url":null,"og_article_section":null,"og_article_tags":null,"twitter_use_og":false,"twitter_card":"default","twitter_image_type":"default","twitter_image_url":null,"twitter_image_custom_url":null,"twitter_image_custom_fields":null,"twitter_title":null,"twitter_description":null,"schema":{"blockGraphs":[],"customGraphs":[],"default":{"data":{"Article":[],"Course":[],"Dataset":[],"FAQPage":[],"Movie":[],"Person":[],"Product":[],"ProductReview":[],"Car":[],"Recipe":[],"Service":[],"SoftwareApplication":[],"WebPage":[]},"graphName":"BlogPosting","isEnabled":true},"graphs":[]},"schema_type":"default","schema_type_options":null,"pillar_content":false,"robots_default":true,"robots_noindex":false,"robots_noarchive":false,"robots_nosnippet":false,"robots_nofollow":false,"robots_noimageindex":false,"robots_noodp":false,"robots_notranslate":false,"robots_max_snippet":"-1","robots_max_videopreview":"-1","robots_max_imagepreview":"large","priority":null,"frequency":"default","local_seo":null,"breadcrumb_settings":null,"limit_modified_date":false,"ai":null,"created":"2024-10-28 19:57:19","updated":"2025-06-05 00:58:29","seo_analyzer_scan_date":null,"focus_keyword":null,"additional_keywords":null,"truseo_locale":null},"aioseo_breadcrumb":"<div class=\"aioseo-breadcrumbs\"><span class=\"aioseo-breadcrumb\">\n\t\t\t<a href=\"https:\/\/loboproduccionesaudiovisuales.ar\" title=\"Home\">Home<\/a>\n\t\t<\/span><span class=\"aioseo-breadcrumb-separator\">&raquo;<\/span><span class=\"aioseo-breadcrumb\">\n\t\t\t<a href=\"https:\/\/loboproduccionesaudiovisuales.ar\/?cat=1\" title=\"Blog\">Blog<\/a>\n\t\t<\/span><span class=\"aioseo-breadcrumb-separator\">&raquo;<\/span><span class=\"aioseo-breadcrumb\">\n\t\t\tAldea Santa Rosa celebra su 131 aniversario\n\t\t<\/span><\/div>","aioseo_breadcrumb_json":[{"label":"Home","link":"https:\/\/loboproduccionesaudiovisuales.ar"},{"label":"Blog","link":"https:\/\/loboproduccionesaudiovisuales.ar\/?cat=1"},{"label":"Aldea Santa Rosa celebra su 131 aniversario","link":"https:\/\/loboproduccionesaudiovisuales.ar\/?p=16600"}],"_links":{"self":[{"href":"https:\/\/loboproduccionesaudiovisuales.ar\/index.php?rest_route=\/wp\/v2\/posts\/16600","targetHints":{"allow":["GET"]}}],"collection":[{"href":"https:\/\/loboproduccionesaudiovisuales.ar\/index.php?rest_route=\/wp\/v2\/posts"}],"about":[{"href":"https:\/\/loboproduccionesaudiovisuales.ar\/index.php?rest_route=\/wp\/v2\/types\/post"}],"author":[{"embeddable":true,"href":"https:\/\/loboproduccionesaudiovisuales.ar\/index.php?rest_route=\/wp\/v2\/users\/3"}],"replies":[{"embeddable":true,"href":"https:\/\/loboproduccionesaudiovisuales.ar\/index.php?rest_route=%2Fwp%2Fv2%2Fcomments&post=16600"}],"version-history":[{"count":1,"href":"https:\/\/loboproduccionesaudiovisuales.ar\/index.php?rest_route=\/wp\/v2\/posts\/16600\/revisions"}],"predecessor-version":[{"id":16602,"href":"https:\/\/loboproduccionesaudiovisuales.ar\/index.php?rest_route=\/wp\/v2\/posts\/16600\/revisions\/16602"}],"wp:featuredmedia":[{"embeddable":true,"href":"https:\/\/loboproduccionesaudiovisuales.ar\/index.php?rest_route=\/wp\/v2\/media\/16601"}],"wp:attachment":[{"href":"https:\/\/loboproduccionesaudiovisuales.ar\/index.php?rest_route=%2Fwp%2Fv2%2Fmedia&parent=16600"}],"wp:term":[{"taxonomy":"category","embeddable":true,"href":"https:\/\/loboproduccionesaudiovisuales.ar\/index.php?rest_route=%2Fwp%2Fv2%2Fcategories&post=16600"},{"taxonomy":"post_tag","embeddable":true,"href":"https:\/\/loboproduccionesaudiovisuales.ar\/index.php?rest_route=%2Fwp%2Fv2%2Ftags&post=16600"}],"curies":[{"name":"wp","href":"https:\/\/api.w.org\/{rel}","templated":true}]}}