{"id":15792,"date":"2024-09-24T09:05:01","date_gmt":"2024-09-24T12:05:01","guid":{"rendered":"https:\/\/loboproduccionesaudiovisuales.ar\/?p=15792"},"modified":"2024-09-24T10:05:27","modified_gmt":"2024-09-24T13:05:27","slug":"hugo-schinke-se-reunio-con-alicia-aluani","status":"publish","type":"post","link":"https:\/\/loboproduccionesaudiovisuales.ar\/?p=15792","title":{"rendered":"Hugo Schinke se reuni\u00f3 con Alicia Aluani"},"content":{"rendered":"<p><strong>Durante el encuentro el presidente comunal invit\u00f3 a la vicegobernadora a ser parte de la \u2018I Fiesta del Sandwich\u2019 que se realizar\u00e1 en Las Tunas.<\/strong><\/p>\n<p><strong>\u00a0<\/strong><\/p>\n<p>En la cuenta regresiva hacia el domingo 6 de octubre, cuando a partir de las 14.00 en la Comuna Paraje Las Tunas (Ruta 18, Departamento Paran\u00e1) se realizar\u00e1 la \u201cI Fiesta del Sandwich\u201d, el presidente de la Comuna Hugo Schinke se reuni\u00f3 con la vicegobernadora Alicia Aluani.<\/p>\n<p>El motivo fue ponerla al tanto del trabajo organizativo e invitarla a ser parte del evento que incluir\u00e1 m\u00fasica en vivo y los mejores s\u00e1ndwiches, stands de comidas y servicio de cantina para que no falte la bebida bien fr\u00eda, con entrada libre y gratuita.<\/p>\n<p>Actuar\u00e1n Gabriel C\u00e1ceres, Popi Gim\u00e9nez, Cristian Su\u00e1rez, Los Saraluse\u00f1os, Maravillas Alemanas y Los Pr\u00edncipes. Se recomienda llevar sillones para m\u00e1s comodidad. No se permite el ingreso con conservadora.<\/p>\n<p>Si sos emprendedor (no reventa) y quer\u00e9s exponer tus productos en la fiesta, pod\u00e9s contactarte a los tel\u00e9fonos 3436204109 o 3434657423, de lunes a viernes de 8.00 a 13.00, para solicitar la reglamentaci\u00f3n correspondiente. El cierre de inscripci\u00f3n se anunci\u00f3 para este 30 de septiembre.<\/p>\n","protected":false},"excerpt":{"rendered":"<p>Durante el encuentro el presidente comunal invit\u00f3 a la vicegobernadora a ser parte de la \u2018I Fiesta del Sandwich\u2019 que&hellip;<\/p>\n","protected":false},"author":3,"featured_media":15793,"comment_status":"open","ping_status":"open","sticky":false,"template":"","format":"standard","meta":{"footnotes":""},"categories":[5,1,119,113],"tags":[207],"class_list":["post-15792","post","type-post","status-publish","format-standard","has-post-thumbnail","hentry","category-actualidad","category-blog","category-institucionales","category-region","tag-las-tunas"],"aioseo_notices":[],"aioseo_head":"\n\t\t<!-- All in One SEO 5.0.1.1 - aioseo.com -->\n\t<meta name=\"description\" content=\"Durante el encuentro el presidente comunal invit\u00f3 a la vicegobernadora a ser parte de la \u2018I Fiesta del Sandwich\u2019 que se realizar\u00e1 en Las Tunas. En la cuenta regresiva hacia el domingo 6 de octubre, cuando a partir de las 14.00 en la Comuna Paraje Las Tunas (Ruta 18, Departamento Paran\u00e1) se realizar\u00e1 la\" \/>\n\t<meta name=\"robots\" content=\"max-image-preview:large\" \/>\n\t<meta name=\"author\" content=\"Gustavo Werner\"\/>\n\t<link rel=\"canonical\" href=\"https:\/\/loboproduccionesaudiovisuales.ar\/?p=15792\" \/>\n\t<meta name=\"generator\" content=\"All in One SEO (AIOSEO) 5.0.1.1\" \/>\n\t\t<meta property=\"og:locale\" content=\"es_ES\" \/>\n\t\t<meta property=\"og:site_name\" content=\"LOBO PRODUCCIONES AUDIOVISUALES - Sitio digital de noticias agroindustriales\" \/>\n\t\t<meta property=\"og:type\" content=\"article\" \/>\n\t\t<meta property=\"og:title\" content=\"Hugo Schinke se reuni\u00f3 con Alicia Aluani - LOBO PRODUCCIONES AUDIOVISUALES\" \/>\n\t\t<meta property=\"og:description\" content=\"Durante el encuentro el presidente comunal invit\u00f3 a la vicegobernadora a ser parte de la \u2018I Fiesta del Sandwich\u2019 que se realizar\u00e1 en Las Tunas. En la cuenta regresiva hacia el domingo 6 de octubre, cuando a partir de las 14.00 en la Comuna Paraje Las Tunas (Ruta 18, Departamento Paran\u00e1) se realizar\u00e1 la\" \/>\n\t\t<meta property=\"og:url\" content=\"https:\/\/loboproduccionesaudiovisuales.ar\/?p=15792\" \/>\n\t\t<meta property=\"og:image\" content=\"https:\/\/loboproduccionesaudiovisuales.ar\/wp-content\/uploads\/2023\/07\/LPA-web.jpg\" \/>\n\t\t<meta property=\"og:image:secure_url\" content=\"https:\/\/loboproduccionesaudiovisuales.ar\/wp-content\/uploads\/2023\/07\/LPA-web.jpg\" \/>\n\t\t<meta property=\"article:published_time\" content=\"2024-09-24T12:05:01+00:00\" \/>\n\t\t<meta property=\"article:modified_time\" content=\"2024-09-24T13:05:27+00:00\" \/>\n\t\t<meta name=\"twitter:card\" content=\"summary_large_image\" \/>\n\t\t<meta name=\"twitter:title\" content=\"Hugo Schinke se reuni\u00f3 con Alicia Aluani - LOBO PRODUCCIONES AUDIOVISUALES\" \/>\n\t\t<meta name=\"twitter:description\" content=\"Durante el encuentro el presidente comunal invit\u00f3 a la vicegobernadora a ser parte de la \u2018I Fiesta del Sandwich\u2019 que se realizar\u00e1 en Las Tunas. En la cuenta regresiva hacia el domingo 6 de octubre, cuando a partir de las 14.00 en la Comuna Paraje Las Tunas (Ruta 18, Departamento Paran\u00e1) se realizar\u00e1 la\" \/>\n\t\t<meta name=\"twitter:image\" content=\"https:\/\/loboproduccionesaudiovisuales.ar\/wp-content\/uploads\/2023\/07\/LPA-web.jpg\" \/>\n\t\t<script type=\"application\/ld+json\" class=\"aioseo-schema\">\n\t\t\t{\"@context\":\"https:\\\/\\\/schema.org\",\"@graph\":[{\"@type\":\"BlogPosting\",\"@id\":\"https:\\\/\\\/loboproduccionesaudiovisuales.ar\\\/?p=15792#blogposting\",\"name\":\"Hugo Schinke se reuni\\u00f3 con Alicia Aluani - LOBO PRODUCCIONES AUDIOVISUALES\",\"headline\":\"Hugo Schinke se reuni\\u00f3 con Alicia Aluani\",\"author\":{\"@id\":\"https:\\\/\\\/loboproduccionesaudiovisuales.ar\\\/?author=3#author\"},\"publisher\":{\"@id\":\"https:\\\/\\\/loboproduccionesaudiovisuales.ar\\\/#organization\"},\"image\":{\"@type\":\"ImageObject\",\"url\":\"https:\\\/\\\/loboproduccionesaudiovisuales.ar\\\/wp-content\\\/uploads\\\/2024\\\/09\\\/LAS-TUNAS-Schinke-con-Aluani.jpg\",\"width\":2048,\"height\":2048},\"datePublished\":\"2024-09-24T09:05:01-03:00\",\"dateModified\":\"2024-09-24T10:05:27-03:00\",\"inLanguage\":\"es-AR\",\"mainEntityOfPage\":{\"@id\":\"https:\\\/\\\/loboproduccionesaudiovisuales.ar\\\/?p=15792#webpage\"},\"isPartOf\":{\"@id\":\"https:\\\/\\\/loboproduccionesaudiovisuales.ar\\\/?p=15792#webpage\"},\"articleSection\":\"ACTUALIDAD, Blog, INSTITUCIONALES, REGIONALES, Las Tunas\"},{\"@type\":\"BreadcrumbList\",\"@id\":\"https:\\\/\\\/loboproduccionesaudiovisuales.ar\\\/?p=15792#breadcrumblist\",\"itemListElement\":[{\"@type\":\"ListItem\",\"@id\":\"https:\\\/\\\/loboproduccionesaudiovisuales.ar#listItem\",\"position\":1,\"name\":\"Home\",\"item\":\"https:\\\/\\\/loboproduccionesaudiovisuales.ar\",\"nextItem\":{\"@type\":\"ListItem\",\"@id\":\"https:\\\/\\\/loboproduccionesaudiovisuales.ar\\\/?cat=1#listItem\",\"name\":\"Blog\"}},{\"@type\":\"ListItem\",\"@id\":\"https:\\\/\\\/loboproduccionesaudiovisuales.ar\\\/?cat=1#listItem\",\"position\":2,\"name\":\"Blog\",\"item\":\"https:\\\/\\\/loboproduccionesaudiovisuales.ar\\\/?cat=1\",\"nextItem\":{\"@type\":\"ListItem\",\"@id\":\"https:\\\/\\\/loboproduccionesaudiovisuales.ar\\\/?p=15792#listItem\",\"name\":\"Hugo Schinke se reuni\\u00f3 con Alicia Aluani\"},\"previousItem\":{\"@type\":\"ListItem\",\"@id\":\"https:\\\/\\\/loboproduccionesaudiovisuales.ar#listItem\",\"name\":\"Home\"}},{\"@type\":\"ListItem\",\"@id\":\"https:\\\/\\\/loboproduccionesaudiovisuales.ar\\\/?p=15792#listItem\",\"position\":3,\"name\":\"Hugo Schinke se reuni\\u00f3 con Alicia Aluani\",\"previousItem\":{\"@type\":\"ListItem\",\"@id\":\"https:\\\/\\\/loboproduccionesaudiovisuales.ar\\\/?cat=1#listItem\",\"name\":\"Blog\"}}]},{\"@type\":\"Organization\",\"@id\":\"https:\\\/\\\/loboproduccionesaudiovisuales.ar\\\/#organization\",\"name\":\"loboproduccionesaudiovisuales.ar\",\"description\":\"Sitio digital de noticias agroindustriales\",\"url\":\"https:\\\/\\\/loboproduccionesaudiovisuales.ar\\\/\",\"logo\":{\"@type\":\"ImageObject\",\"url\":\"https:\\\/\\\/loboproduccionesaudiovisuales.ar\\\/wp-content\\\/uploads\\\/2023\\\/07\\\/LPA-web.jpg\",\"@id\":\"https:\\\/\\\/loboproduccionesaudiovisuales.ar\\\/?p=15792\\\/#organizationLogo\",\"width\":500,\"height\":144},\"image\":{\"@id\":\"https:\\\/\\\/loboproduccionesaudiovisuales.ar\\\/?p=15792\\\/#organizationLogo\"}},{\"@type\":\"Person\",\"@id\":\"https:\\\/\\\/loboproduccionesaudiovisuales.ar\\\/?author=3#author\",\"url\":\"https:\\\/\\\/loboproduccionesaudiovisuales.ar\\\/?author=3\",\"name\":\"Gustavo Werner\",\"image\":{\"@type\":\"ImageObject\",\"@id\":\"https:\\\/\\\/loboproduccionesaudiovisuales.ar\\\/?p=15792#authorImage\",\"url\":\"https:\\\/\\\/secure.gravatar.com\\\/avatar\\\/e04239ede7d02b80503013ac1fa61f308bbe3566e5a70df5bbef7c3725a0dcae?s=96&d=mm&r=g\",\"width\":96,\"height\":96,\"caption\":\"Gustavo Werner\"}},{\"@type\":\"WebPage\",\"@id\":\"https:\\\/\\\/loboproduccionesaudiovisuales.ar\\\/?p=15792#webpage\",\"url\":\"https:\\\/\\\/loboproduccionesaudiovisuales.ar\\\/?p=15792\",\"name\":\"Hugo Schinke se reuni\\u00f3 con Alicia Aluani - LOBO PRODUCCIONES AUDIOVISUALES\",\"description\":\"Durante el encuentro el presidente comunal invit\\u00f3 a la vicegobernadora a ser parte de la \\u2018I Fiesta del Sandwich\\u2019 que se realizar\\u00e1 en Las Tunas. En la cuenta regresiva hacia el domingo 6 de octubre, cuando a partir de las 14.00 en la Comuna Paraje Las Tunas (Ruta 18, Departamento Paran\\u00e1) se realizar\\u00e1 la\",\"inLanguage\":\"es-AR\",\"isPartOf\":{\"@id\":\"https:\\\/\\\/loboproduccionesaudiovisuales.ar\\\/#website\"},\"breadcrumb\":{\"@id\":\"https:\\\/\\\/loboproduccionesaudiovisuales.ar\\\/?p=15792#breadcrumblist\"},\"author\":{\"@id\":\"https:\\\/\\\/loboproduccionesaudiovisuales.ar\\\/?author=3#author\"},\"creator\":{\"@id\":\"https:\\\/\\\/loboproduccionesaudiovisuales.ar\\\/?author=3#author\"},\"image\":{\"@type\":\"ImageObject\",\"url\":\"https:\\\/\\\/loboproduccionesaudiovisuales.ar\\\/wp-content\\\/uploads\\\/2024\\\/09\\\/LAS-TUNAS-Schinke-con-Aluani.jpg\",\"@id\":\"https:\\\/\\\/loboproduccionesaudiovisuales.ar\\\/?p=15792\\\/#mainImage\",\"width\":2048,\"height\":2048},\"primaryImageOfPage\":{\"@id\":\"https:\\\/\\\/loboproduccionesaudiovisuales.ar\\\/?p=15792#mainImage\"},\"datePublished\":\"2024-09-24T09:05:01-03:00\",\"dateModified\":\"2024-09-24T10:05:27-03:00\"},{\"@type\":\"WebSite\",\"@id\":\"https:\\\/\\\/loboproduccionesaudiovisuales.ar\\\/#website\",\"url\":\"https:\\\/\\\/loboproduccionesaudiovisuales.ar\\\/\",\"name\":\"loboproduccionesaudiovisuales.ar\",\"alternateName\":\"Lobo Producciones\",\"description\":\"Sitio digital de noticias agroindustriales\",\"inLanguage\":\"es-AR\",\"publisher\":{\"@id\":\"https:\\\/\\\/loboproduccionesaudiovisuales.ar\\\/#organization\"}}]}\n\t\t<\/script>\n\t\t<!-- All in One SEO -->\n\n","aioseo_head_json":{"title":"Hugo Schinke se reuni\u00f3 con Alicia Aluani - LOBO PRODUCCIONES AUDIOVISUALES","description":"Durante el encuentro el presidente comunal invit\u00f3 a la vicegobernadora a ser parte de la \u2018I Fiesta del Sandwich\u2019 que se realizar\u00e1 en Las Tunas. En la cuenta regresiva hacia el domingo 6 de octubre, cuando a partir de las 14.00 en la Comuna Paraje Las Tunas (Ruta 18, Departamento Paran\u00e1) se realizar\u00e1 la","canonical_url":"https:\/\/loboproduccionesaudiovisuales.ar\/?p=15792","robots":"max-image-preview:large","keywords":"","webmasterTools":{"miscellaneous":""},"schema":{"@context":"https:\/\/schema.org","@graph":[{"@type":"BlogPosting","@id":"https:\/\/loboproduccionesaudiovisuales.ar\/?p=15792#blogposting","name":"Hugo Schinke se reuni\u00f3 con Alicia Aluani - LOBO PRODUCCIONES AUDIOVISUALES","headline":"Hugo Schinke se reuni\u00f3 con Alicia Aluani","author":{"@id":"https:\/\/loboproduccionesaudiovisuales.ar\/?author=3#author"},"publisher":{"@id":"https:\/\/loboproduccionesaudiovisuales.ar\/#organization"},"image":{"@type":"ImageObject","url":"https:\/\/loboproduccionesaudiovisuales.ar\/wp-content\/uploads\/2024\/09\/LAS-TUNAS-Schinke-con-Aluani.jpg","width":2048,"height":2048},"datePublished":"2024-09-24T09:05:01-03:00","dateModified":"2024-09-24T10:05:27-03:00","inLanguage":"es-AR","mainEntityOfPage":{"@id":"https:\/\/loboproduccionesaudiovisuales.ar\/?p=15792#webpage"},"isPartOf":{"@id":"https:\/\/loboproduccionesaudiovisuales.ar\/?p=15792#webpage"},"articleSection":"ACTUALIDAD, Blog, INSTITUCIONALES, REGIONALES, Las Tunas"},{"@type":"BreadcrumbList","@id":"https:\/\/loboproduccionesaudiovisuales.ar\/?p=15792#breadcrumblist","itemListElement":[{"@type":"ListItem","@id":"https:\/\/loboproduccionesaudiovisuales.ar#listItem","position":1,"name":"Home","item":"https:\/\/loboproduccionesaudiovisuales.ar","nextItem":{"@type":"ListItem","@id":"https:\/\/loboproduccionesaudiovisuales.ar\/?cat=1#listItem","name":"Blog"}},{"@type":"ListItem","@id":"https:\/\/loboproduccionesaudiovisuales.ar\/?cat=1#listItem","position":2,"name":"Blog","item":"https:\/\/loboproduccionesaudiovisuales.ar\/?cat=1","nextItem":{"@type":"ListItem","@id":"https:\/\/loboproduccionesaudiovisuales.ar\/?p=15792#listItem","name":"Hugo Schinke se reuni\u00f3 con Alicia Aluani"},"previousItem":{"@type":"ListItem","@id":"https:\/\/loboproduccionesaudiovisuales.ar#listItem","name":"Home"}},{"@type":"ListItem","@id":"https:\/\/loboproduccionesaudiovisuales.ar\/?p=15792#listItem","position":3,"name":"Hugo Schinke se reuni\u00f3 con Alicia Aluani","previousItem":{"@type":"ListItem","@id":"https:\/\/loboproduccionesaudiovisuales.ar\/?cat=1#listItem","name":"Blog"}}]},{"@type":"Organization","@id":"https:\/\/loboproduccionesaudiovisuales.ar\/#organization","name":"loboproduccionesaudiovisuales.ar","description":"Sitio digital de noticias agroindustriales","url":"https:\/\/loboproduccionesaudiovisuales.ar\/","logo":{"@type":"ImageObject","url":"https:\/\/loboproduccionesaudiovisuales.ar\/wp-content\/uploads\/2023\/07\/LPA-web.jpg","@id":"https:\/\/loboproduccionesaudiovisuales.ar\/?p=15792\/#organizationLogo","width":500,"height":144},"image":{"@id":"https:\/\/loboproduccionesaudiovisuales.ar\/?p=15792\/#organizationLogo"}},{"@type":"Person","@id":"https:\/\/loboproduccionesaudiovisuales.ar\/?author=3#author","url":"https:\/\/loboproduccionesaudiovisuales.ar\/?author=3","name":"Gustavo Werner","image":{"@type":"ImageObject","@id":"https:\/\/loboproduccionesaudiovisuales.ar\/?p=15792#authorImage","url":"https:\/\/secure.gravatar.com\/avatar\/e04239ede7d02b80503013ac1fa61f308bbe3566e5a70df5bbef7c3725a0dcae?s=96&d=mm&r=g","width":96,"height":96,"caption":"Gustavo Werner"}},{"@type":"WebPage","@id":"https:\/\/loboproduccionesaudiovisuales.ar\/?p=15792#webpage","url":"https:\/\/loboproduccionesaudiovisuales.ar\/?p=15792","name":"Hugo Schinke se reuni\u00f3 con Alicia Aluani - LOBO PRODUCCIONES AUDIOVISUALES","description":"Durante el encuentro el presidente comunal invit\u00f3 a la vicegobernadora a ser parte de la \u2018I Fiesta del Sandwich\u2019 que se realizar\u00e1 en Las Tunas. En la cuenta regresiva hacia el domingo 6 de octubre, cuando a partir de las 14.00 en la Comuna Paraje Las Tunas (Ruta 18, Departamento Paran\u00e1) se realizar\u00e1 la","inLanguage":"es-AR","isPartOf":{"@id":"https:\/\/loboproduccionesaudiovisuales.ar\/#website"},"breadcrumb":{"@id":"https:\/\/loboproduccionesaudiovisuales.ar\/?p=15792#breadcrumblist"},"author":{"@id":"https:\/\/loboproduccionesaudiovisuales.ar\/?author=3#author"},"creator":{"@id":"https:\/\/loboproduccionesaudiovisuales.ar\/?author=3#author"},"image":{"@type":"ImageObject","url":"https:\/\/loboproduccionesaudiovisuales.ar\/wp-content\/uploads\/2024\/09\/LAS-TUNAS-Schinke-con-Aluani.jpg","@id":"https:\/\/loboproduccionesaudiovisuales.ar\/?p=15792\/#mainImage","width":2048,"height":2048},"primaryImageOfPage":{"@id":"https:\/\/loboproduccionesaudiovisuales.ar\/?p=15792#mainImage"},"datePublished":"2024-09-24T09:05:01-03:00","dateModified":"2024-09-24T10:05:27-03:00"},{"@type":"WebSite","@id":"https:\/\/loboproduccionesaudiovisuales.ar\/#website","url":"https:\/\/loboproduccionesaudiovisuales.ar\/","name":"loboproduccionesaudiovisuales.ar","alternateName":"Lobo Producciones","description":"Sitio digital de noticias agroindustriales","inLanguage":"es-AR","publisher":{"@id":"https:\/\/loboproduccionesaudiovisuales.ar\/#organization"}}]},"og:locale":"es_ES","og:site_name":"LOBO PRODUCCIONES AUDIOVISUALES - Sitio digital de noticias agroindustriales","og:type":"article","og:title":"Hugo Schinke se reuni\u00f3 con Alicia Aluani - LOBO PRODUCCIONES AUDIOVISUALES","og:description":"Durante el encuentro el presidente comunal invit\u00f3 a la vicegobernadora a ser parte de la \u2018I Fiesta del Sandwich\u2019 que se realizar\u00e1 en Las Tunas. En la cuenta regresiva hacia el domingo 6 de octubre, cuando a partir de las 14.00 en la Comuna Paraje Las Tunas (Ruta 18, Departamento Paran\u00e1) se realizar\u00e1 la","og:url":"https:\/\/loboproduccionesaudiovisuales.ar\/?p=15792","og:image":"https:\/\/loboproduccionesaudiovisuales.ar\/wp-content\/uploads\/2023\/07\/LPA-web.jpg","og:image:secure_url":"https:\/\/loboproduccionesaudiovisuales.ar\/wp-content\/uploads\/2023\/07\/LPA-web.jpg","article:published_time":"2024-09-24T12:05:01+00:00","article:modified_time":"2024-09-24T13:05:27+00:00","twitter:card":"summary_large_image","twitter:title":"Hugo Schinke se reuni\u00f3 con Alicia Aluani - LOBO PRODUCCIONES AUDIOVISUALES","twitter:description":"Durante el encuentro el presidente comunal invit\u00f3 a la vicegobernadora a ser parte de la \u2018I Fiesta del Sandwich\u2019 que se realizar\u00e1 en Las Tunas. En la cuenta regresiva hacia el domingo 6 de octubre, cuando a partir de las 14.00 en la Comuna Paraje Las Tunas (Ruta 18, Departamento Paran\u00e1) se realizar\u00e1 la","twitter:image":"https:\/\/loboproduccionesaudiovisuales.ar\/wp-content\/uploads\/2023\/07\/LPA-web.jpg"},"aioseo_meta_data":{"post_id":"15792","title":null,"description":null,"keywords":null,"keyphrases":{"focus":{"keyphrase":"","score":0,"analysis":{"keyphraseInTitle":{"score":0,"maxScore":9,"error":1}}},"additional":[]},"primary_term":null,"canonical_url":null,"og_title":null,"og_description":null,"og_object_type":"default","og_image_type":"default","og_image_url":null,"og_image_width":null,"og_image_height":null,"og_image_custom_url":null,"og_image_custom_fields":null,"og_video":"","og_custom_url":null,"og_article_section":null,"og_article_tags":null,"twitter_use_og":false,"twitter_card":"default","twitter_image_type":"default","twitter_image_url":null,"twitter_image_custom_url":null,"twitter_image_custom_fields":null,"twitter_title":null,"twitter_description":null,"schema":{"blockGraphs":[],"customGraphs":[],"default":{"data":{"Article":[],"Course":[],"Dataset":[],"FAQPage":[],"Movie":[],"Person":[],"Product":[],"ProductReview":[],"Car":[],"Recipe":[],"Service":[],"SoftwareApplication":[],"WebPage":[]},"graphName":"BlogPosting","isEnabled":true},"graphs":[]},"schema_type":"default","schema_type_options":null,"pillar_content":false,"robots_default":true,"robots_noindex":false,"robots_noarchive":false,"robots_nosnippet":false,"robots_nofollow":false,"robots_noimageindex":false,"robots_noodp":false,"robots_notranslate":false,"robots_max_snippet":"-1","robots_max_videopreview":"-1","robots_max_imagepreview":"large","priority":null,"frequency":"default","local_seo":null,"breadcrumb_settings":null,"limit_modified_date":false,"ai":null,"created":"2024-09-24 13:05:01","updated":"2025-06-05 00:40:25","seo_analyzer_scan_date":null,"focus_keyword":null,"additional_keywords":null,"truseo_locale":null},"aioseo_breadcrumb":"<div class=\"aioseo-breadcrumbs\"><span class=\"aioseo-breadcrumb\">\n\t\t\t<a href=\"https:\/\/loboproduccionesaudiovisuales.ar\" title=\"Home\">Home<\/a>\n\t\t<\/span><span class=\"aioseo-breadcrumb-separator\">&raquo;<\/span><span class=\"aioseo-breadcrumb\">\n\t\t\t<a href=\"https:\/\/loboproduccionesaudiovisuales.ar\/?cat=1\" title=\"Blog\">Blog<\/a>\n\t\t<\/span><span class=\"aioseo-breadcrumb-separator\">&raquo;<\/span><span class=\"aioseo-breadcrumb\">\n\t\t\tHugo Schinke se reuni\u00f3 con Alicia Aluani\n\t\t<\/span><\/div>","aioseo_breadcrumb_json":[{"label":"Home","link":"https:\/\/loboproduccionesaudiovisuales.ar"},{"label":"Blog","link":"https:\/\/loboproduccionesaudiovisuales.ar\/?cat=1"},{"label":"Hugo Schinke se reuni\u00f3 con Alicia Aluani","link":"https:\/\/loboproduccionesaudiovisuales.ar\/?p=15792"}],"_links":{"self":[{"href":"https:\/\/loboproduccionesaudiovisuales.ar\/index.php?rest_route=\/wp\/v2\/posts\/15792","targetHints":{"allow":["GET"]}}],"collection":[{"href":"https:\/\/loboproduccionesaudiovisuales.ar\/index.php?rest_route=\/wp\/v2\/posts"}],"about":[{"href":"https:\/\/loboproduccionesaudiovisuales.ar\/index.php?rest_route=\/wp\/v2\/types\/post"}],"author":[{"embeddable":true,"href":"https:\/\/loboproduccionesaudiovisuales.ar\/index.php?rest_route=\/wp\/v2\/users\/3"}],"replies":[{"embeddable":true,"href":"https:\/\/loboproduccionesaudiovisuales.ar\/index.php?rest_route=%2Fwp%2Fv2%2Fcomments&post=15792"}],"version-history":[{"count":1,"href":"https:\/\/loboproduccionesaudiovisuales.ar\/index.php?rest_route=\/wp\/v2\/posts\/15792\/revisions"}],"predecessor-version":[{"id":15794,"href":"https:\/\/loboproduccionesaudiovisuales.ar\/index.php?rest_route=\/wp\/v2\/posts\/15792\/revisions\/15794"}],"wp:featuredmedia":[{"embeddable":true,"href":"https:\/\/loboproduccionesaudiovisuales.ar\/index.php?rest_route=\/wp\/v2\/media\/15793"}],"wp:attachment":[{"href":"https:\/\/loboproduccionesaudiovisuales.ar\/index.php?rest_route=%2Fwp%2Fv2%2Fmedia&parent=15792"}],"wp:term":[{"taxonomy":"category","embeddable":true,"href":"https:\/\/loboproduccionesaudiovisuales.ar\/index.php?rest_route=%2Fwp%2Fv2%2Fcategories&post=15792"},{"taxonomy":"post_tag","embeddable":true,"href":"https:\/\/loboproduccionesaudiovisuales.ar\/index.php?rest_route=%2Fwp%2Fv2%2Ftags&post=15792"}],"curies":[{"name":"wp","href":"https:\/\/api.w.org\/{rel}","templated":true}]}}