{"id":15789,"date":"2024-09-24T09:52:41","date_gmt":"2024-09-24T12:52:41","guid":{"rendered":"https:\/\/loboproduccionesaudiovisuales.ar\/?p=15789"},"modified":"2024-09-24T09:52:41","modified_gmt":"2024-09-24T12:52:41","slug":"la-juventud-agraria-cooperativista-de-ramirez-renovo-su-comision-directiva","status":"publish","type":"post","link":"https:\/\/loboproduccionesaudiovisuales.ar\/?p=15789","title":{"rendered":"La Juventud Agraria Cooperativista de Ram\u00edrez renov\u00f3 su Comisi\u00f3n Directiva"},"content":{"rendered":"<p class=\"td-post-sub-title\"><strong>El flamante presidente es Gian Erhardt, quien ocupar\u00e1 el cargo por lo que resta del a\u00f1o y gran parte del 2025. Quien encabez\u00f3 la JACR por dos periodos, Antonella Lombi habl\u00f3 con Informe Campo sobre los objetivos de los j\u00f3venes cooperativistas.<\/strong><\/p>\n<p>&nbsp;<\/p>\n<p>La\u00a0<a href=\"https:\/\/www.instagram.com\/jacramirez\/?hl=es\" target=\"_blank\" rel=\"noopener\"><strong>Juventud Agraria Cooperativista de General Ram\u00edrez<\/strong><\/a>, es una organizaci\u00f3n juvenil\u00a0 reconocida en toda la regi\u00f3n por su permanencia y permanentes actividades y propuestas. Su cuna es\u00a0<strong>Cooperativa La Ganadera.\u00a0<\/strong><\/p>\n<p>Recientemente la JACR renov\u00f3 su Comisi\u00f3n Directiva para el periodo 2024-2025, que qued\u00f3 integrada de la diferente manera:\u00a0<strong>Gian Erardt<\/strong>, presidente;\u00a0<strong>Delfina Koch<\/strong>, vicepresidente;<strong>\u00a0Lara Graf<\/strong>, secretaria;\u00a0<strong>Lourdes Viola<\/strong>, prosecretaria;<strong>\u00a0Nicol\u00e1s Romero<\/strong>, tesorero y\u00a0<strong>Guido Bisheimer<\/strong>, protesorero. Vocales titulares:\u00a0<strong>Antonella Lombi, Alejandro Peretti<\/strong>\u00a0y\u00a0<strong>Cecilia Mul\u00f3n<\/strong>. Vocales suplentes:\u00a0<strong>Tiziana Luna, Leonela Bierig<\/strong>\u00a0y\u00a0<strong>Santino Trossero<\/strong>. S\u00edndico titular,\u00a0<strong>Mora Fuchs<\/strong>\u00a0y\u00a0<strong>Jes\u00fas Coppini.<\/strong><\/p>\n<p>La presidente saliente,\u00a0<strong>Antonella Lombi,<\/strong>\u00a0habl\u00f3 con<a href=\"https:\/\/www.informelitoral.com.ar\/informe-campo-donde-escuchar-el-programa-de-informe-litoral\/\" target=\"_blank\" rel=\"noopener\">\u00a0<em><strong>Informe Campo<\/strong><\/em><\/a>\u00a0por\u00a0<em>FM Universidad 105.7<\/em>\u00a0de Paran\u00e1 y cont\u00f3 detalles sobre la trayectoria, objetivos y propuestas de la entidad juvenil.<\/p>\n<div class=\"td-module-meta-info\"><\/div>\n","protected":false},"excerpt":{"rendered":"<p>El flamante presidente es Gian Erhardt, quien ocupar\u00e1 el cargo por lo que resta del a\u00f1o y gran parte del&hellip;<\/p>\n","protected":false},"author":3,"featured_media":15790,"comment_status":"open","ping_status":"open","sticky":false,"template":"","format":"standard","meta":{"footnotes":""},"categories":[5,2,1,248,128,119],"tags":[],"class_list":["post-15789","post","type-post","status-publish","format-standard","has-post-thumbnail","hentry","category-actualidad","category-agro","category-blog","category-cooperativismo","category-entre-rios","category-institucionales"],"aioseo_notices":[],"aioseo_head":"\n\t\t<!-- All in One SEO 5.0.1.1 - aioseo.com -->\n\t<meta name=\"description\" content=\"El flamante presidente es Gian Erhardt, quien ocupar\u00e1 el cargo por lo que resta del a\u00f1o y gran parte del 2025. Quien encabez\u00f3 la JACR por dos periodos, Antonella Lombi habl\u00f3 con Informe Campo sobre los objetivos de los j\u00f3venes cooperativistas. La Juventud Agraria Cooperativista de General Ram\u00edrez, es una organizaci\u00f3n juvenil reconocida en toda\" \/>\n\t<meta name=\"robots\" content=\"max-image-preview:large\" \/>\n\t<meta name=\"author\" content=\"Gustavo Werner\"\/>\n\t<link rel=\"canonical\" href=\"https:\/\/loboproduccionesaudiovisuales.ar\/?p=15789\" \/>\n\t<meta name=\"generator\" content=\"All in One SEO (AIOSEO) 5.0.1.1\" \/>\n\t\t<meta property=\"og:locale\" content=\"es_ES\" \/>\n\t\t<meta property=\"og:site_name\" content=\"LOBO PRODUCCIONES AUDIOVISUALES - Sitio digital de noticias agroindustriales\" \/>\n\t\t<meta property=\"og:type\" content=\"article\" \/>\n\t\t<meta property=\"og:title\" content=\"La Juventud Agraria Cooperativista de Ram\u00edrez renov\u00f3 su Comisi\u00f3n Directiva - LOBO PRODUCCIONES AUDIOVISUALES\" \/>\n\t\t<meta property=\"og:description\" content=\"El flamante presidente es Gian Erhardt, quien ocupar\u00e1 el cargo por lo que resta del a\u00f1o y gran parte del 2025. Quien encabez\u00f3 la JACR por dos periodos, Antonella Lombi habl\u00f3 con Informe Campo sobre los objetivos de los j\u00f3venes cooperativistas. La Juventud Agraria Cooperativista de General Ram\u00edrez, es una organizaci\u00f3n juvenil reconocida en toda\" \/>\n\t\t<meta property=\"og:url\" content=\"https:\/\/loboproduccionesaudiovisuales.ar\/?p=15789\" \/>\n\t\t<meta property=\"og:image\" content=\"https:\/\/loboproduccionesaudiovisuales.ar\/wp-content\/uploads\/2023\/07\/LPA-web.jpg\" \/>\n\t\t<meta property=\"og:image:secure_url\" content=\"https:\/\/loboproduccionesaudiovisuales.ar\/wp-content\/uploads\/2023\/07\/LPA-web.jpg\" \/>\n\t\t<meta property=\"article:published_time\" content=\"2024-09-24T12:52:41+00:00\" \/>\n\t\t<meta property=\"article:modified_time\" content=\"2024-09-24T12:52:41+00:00\" \/>\n\t\t<meta name=\"twitter:card\" content=\"summary_large_image\" \/>\n\t\t<meta name=\"twitter:title\" content=\"La Juventud Agraria Cooperativista de Ram\u00edrez renov\u00f3 su Comisi\u00f3n Directiva - LOBO PRODUCCIONES AUDIOVISUALES\" \/>\n\t\t<meta name=\"twitter:description\" content=\"El flamante presidente es Gian Erhardt, quien ocupar\u00e1 el cargo por lo que resta del a\u00f1o y gran parte del 2025. Quien encabez\u00f3 la JACR por dos periodos, Antonella Lombi habl\u00f3 con Informe Campo sobre los objetivos de los j\u00f3venes cooperativistas. La Juventud Agraria Cooperativista de General Ram\u00edrez, es una organizaci\u00f3n juvenil reconocida en toda\" \/>\n\t\t<meta name=\"twitter:image\" content=\"https:\/\/loboproduccionesaudiovisuales.ar\/wp-content\/uploads\/2023\/07\/LPA-web.jpg\" \/>\n\t\t<script type=\"application\/ld+json\" class=\"aioseo-schema\">\n\t\t\t{\"@context\":\"https:\\\/\\\/schema.org\",\"@graph\":[{\"@type\":\"BlogPosting\",\"@id\":\"https:\\\/\\\/loboproduccionesaudiovisuales.ar\\\/?p=15789#blogposting\",\"name\":\"La Juventud Agraria Cooperativista de Ram\\u00edrez renov\\u00f3 su Comisi\\u00f3n Directiva - LOBO PRODUCCIONES AUDIOVISUALES\",\"headline\":\"La Juventud Agraria Cooperativista de Ram\\u00edrez renov\\u00f3 su Comisi\\u00f3n Directiva\",\"author\":{\"@id\":\"https:\\\/\\\/loboproduccionesaudiovisuales.ar\\\/?author=3#author\"},\"publisher\":{\"@id\":\"https:\\\/\\\/loboproduccionesaudiovisuales.ar\\\/#organization\"},\"image\":{\"@type\":\"ImageObject\",\"url\":\"https:\\\/\\\/loboproduccionesaudiovisuales.ar\\\/wp-content\\\/uploads\\\/2024\\\/09\\\/Screenshot_20240924_080749_Instagram-696x414-1.jpg\",\"width\":696,\"height\":414},\"datePublished\":\"2024-09-24T09:52:41-03:00\",\"dateModified\":\"2024-09-24T09:52:41-03:00\",\"inLanguage\":\"es-AR\",\"mainEntityOfPage\":{\"@id\":\"https:\\\/\\\/loboproduccionesaudiovisuales.ar\\\/?p=15789#webpage\"},\"isPartOf\":{\"@id\":\"https:\\\/\\\/loboproduccionesaudiovisuales.ar\\\/?p=15789#webpage\"},\"articleSection\":\"ACTUALIDAD, AGRO, Blog, COOPERATIVISMO, ENTRE RIOS, INSTITUCIONALES\"},{\"@type\":\"BreadcrumbList\",\"@id\":\"https:\\\/\\\/loboproduccionesaudiovisuales.ar\\\/?p=15789#breadcrumblist\",\"itemListElement\":[{\"@type\":\"ListItem\",\"@id\":\"https:\\\/\\\/loboproduccionesaudiovisuales.ar#listItem\",\"position\":1,\"name\":\"Home\",\"item\":\"https:\\\/\\\/loboproduccionesaudiovisuales.ar\",\"nextItem\":{\"@type\":\"ListItem\",\"@id\":\"https:\\\/\\\/loboproduccionesaudiovisuales.ar\\\/?cat=1#listItem\",\"name\":\"Blog\"}},{\"@type\":\"ListItem\",\"@id\":\"https:\\\/\\\/loboproduccionesaudiovisuales.ar\\\/?cat=1#listItem\",\"position\":2,\"name\":\"Blog\",\"item\":\"https:\\\/\\\/loboproduccionesaudiovisuales.ar\\\/?cat=1\",\"nextItem\":{\"@type\":\"ListItem\",\"@id\":\"https:\\\/\\\/loboproduccionesaudiovisuales.ar\\\/?p=15789#listItem\",\"name\":\"La Juventud Agraria Cooperativista de Ram\\u00edrez renov\\u00f3 su Comisi\\u00f3n Directiva\"},\"previousItem\":{\"@type\":\"ListItem\",\"@id\":\"https:\\\/\\\/loboproduccionesaudiovisuales.ar#listItem\",\"name\":\"Home\"}},{\"@type\":\"ListItem\",\"@id\":\"https:\\\/\\\/loboproduccionesaudiovisuales.ar\\\/?p=15789#listItem\",\"position\":3,\"name\":\"La Juventud Agraria Cooperativista de Ram\\u00edrez renov\\u00f3 su Comisi\\u00f3n Directiva\",\"previousItem\":{\"@type\":\"ListItem\",\"@id\":\"https:\\\/\\\/loboproduccionesaudiovisuales.ar\\\/?cat=1#listItem\",\"name\":\"Blog\"}}]},{\"@type\":\"Organization\",\"@id\":\"https:\\\/\\\/loboproduccionesaudiovisuales.ar\\\/#organization\",\"name\":\"loboproduccionesaudiovisuales.ar\",\"description\":\"Sitio digital de noticias agroindustriales\",\"url\":\"https:\\\/\\\/loboproduccionesaudiovisuales.ar\\\/\",\"logo\":{\"@type\":\"ImageObject\",\"url\":\"https:\\\/\\\/loboproduccionesaudiovisuales.ar\\\/wp-content\\\/uploads\\\/2023\\\/07\\\/LPA-web.jpg\",\"@id\":\"https:\\\/\\\/loboproduccionesaudiovisuales.ar\\\/?p=15789\\\/#organizationLogo\",\"width\":500,\"height\":144},\"image\":{\"@id\":\"https:\\\/\\\/loboproduccionesaudiovisuales.ar\\\/?p=15789\\\/#organizationLogo\"}},{\"@type\":\"Person\",\"@id\":\"https:\\\/\\\/loboproduccionesaudiovisuales.ar\\\/?author=3#author\",\"url\":\"https:\\\/\\\/loboproduccionesaudiovisuales.ar\\\/?author=3\",\"name\":\"Gustavo Werner\",\"image\":{\"@type\":\"ImageObject\",\"@id\":\"https:\\\/\\\/loboproduccionesaudiovisuales.ar\\\/?p=15789#authorImage\",\"url\":\"https:\\\/\\\/secure.gravatar.com\\\/avatar\\\/e04239ede7d02b80503013ac1fa61f308bbe3566e5a70df5bbef7c3725a0dcae?s=96&d=mm&r=g\",\"width\":96,\"height\":96,\"caption\":\"Gustavo Werner\"}},{\"@type\":\"WebPage\",\"@id\":\"https:\\\/\\\/loboproduccionesaudiovisuales.ar\\\/?p=15789#webpage\",\"url\":\"https:\\\/\\\/loboproduccionesaudiovisuales.ar\\\/?p=15789\",\"name\":\"La Juventud Agraria Cooperativista de Ram\\u00edrez renov\\u00f3 su Comisi\\u00f3n Directiva - LOBO PRODUCCIONES AUDIOVISUALES\",\"description\":\"El flamante presidente es Gian Erhardt, quien ocupar\\u00e1 el cargo por lo que resta del a\\u00f1o y gran parte del 2025. Quien encabez\\u00f3 la JACR por dos periodos, Antonella Lombi habl\\u00f3 con Informe Campo sobre los objetivos de los j\\u00f3venes cooperativistas. La Juventud Agraria Cooperativista de General Ram\\u00edrez, es una organizaci\\u00f3n juvenil reconocida en toda\",\"inLanguage\":\"es-AR\",\"isPartOf\":{\"@id\":\"https:\\\/\\\/loboproduccionesaudiovisuales.ar\\\/#website\"},\"breadcrumb\":{\"@id\":\"https:\\\/\\\/loboproduccionesaudiovisuales.ar\\\/?p=15789#breadcrumblist\"},\"author\":{\"@id\":\"https:\\\/\\\/loboproduccionesaudiovisuales.ar\\\/?author=3#author\"},\"creator\":{\"@id\":\"https:\\\/\\\/loboproduccionesaudiovisuales.ar\\\/?author=3#author\"},\"image\":{\"@type\":\"ImageObject\",\"url\":\"https:\\\/\\\/loboproduccionesaudiovisuales.ar\\\/wp-content\\\/uploads\\\/2024\\\/09\\\/Screenshot_20240924_080749_Instagram-696x414-1.jpg\",\"@id\":\"https:\\\/\\\/loboproduccionesaudiovisuales.ar\\\/?p=15789\\\/#mainImage\",\"width\":696,\"height\":414},\"primaryImageOfPage\":{\"@id\":\"https:\\\/\\\/loboproduccionesaudiovisuales.ar\\\/?p=15789#mainImage\"},\"datePublished\":\"2024-09-24T09:52:41-03:00\",\"dateModified\":\"2024-09-24T09:52:41-03:00\"},{\"@type\":\"WebSite\",\"@id\":\"https:\\\/\\\/loboproduccionesaudiovisuales.ar\\\/#website\",\"url\":\"https:\\\/\\\/loboproduccionesaudiovisuales.ar\\\/\",\"name\":\"loboproduccionesaudiovisuales.ar\",\"alternateName\":\"Lobo Producciones\",\"description\":\"Sitio digital de noticias agroindustriales\",\"inLanguage\":\"es-AR\",\"publisher\":{\"@id\":\"https:\\\/\\\/loboproduccionesaudiovisuales.ar\\\/#organization\"}}]}\n\t\t<\/script>\n\t\t<!-- All in One SEO -->\n\n","aioseo_head_json":{"title":"La Juventud Agraria Cooperativista de Ram\u00edrez renov\u00f3 su Comisi\u00f3n Directiva - LOBO PRODUCCIONES AUDIOVISUALES","description":"El flamante presidente es Gian Erhardt, quien ocupar\u00e1 el cargo por lo que resta del a\u00f1o y gran parte del 2025. Quien encabez\u00f3 la JACR por dos periodos, Antonella Lombi habl\u00f3 con Informe Campo sobre los objetivos de los j\u00f3venes cooperativistas. La Juventud Agraria Cooperativista de General Ram\u00edrez, es una organizaci\u00f3n juvenil reconocida en toda","canonical_url":"https:\/\/loboproduccionesaudiovisuales.ar\/?p=15789","robots":"max-image-preview:large","keywords":"","webmasterTools":{"miscellaneous":""},"schema":{"@context":"https:\/\/schema.org","@graph":[{"@type":"BlogPosting","@id":"https:\/\/loboproduccionesaudiovisuales.ar\/?p=15789#blogposting","name":"La Juventud Agraria Cooperativista de Ram\u00edrez renov\u00f3 su Comisi\u00f3n Directiva - LOBO PRODUCCIONES AUDIOVISUALES","headline":"La Juventud Agraria Cooperativista de Ram\u00edrez renov\u00f3 su Comisi\u00f3n Directiva","author":{"@id":"https:\/\/loboproduccionesaudiovisuales.ar\/?author=3#author"},"publisher":{"@id":"https:\/\/loboproduccionesaudiovisuales.ar\/#organization"},"image":{"@type":"ImageObject","url":"https:\/\/loboproduccionesaudiovisuales.ar\/wp-content\/uploads\/2024\/09\/Screenshot_20240924_080749_Instagram-696x414-1.jpg","width":696,"height":414},"datePublished":"2024-09-24T09:52:41-03:00","dateModified":"2024-09-24T09:52:41-03:00","inLanguage":"es-AR","mainEntityOfPage":{"@id":"https:\/\/loboproduccionesaudiovisuales.ar\/?p=15789#webpage"},"isPartOf":{"@id":"https:\/\/loboproduccionesaudiovisuales.ar\/?p=15789#webpage"},"articleSection":"ACTUALIDAD, AGRO, Blog, COOPERATIVISMO, ENTRE RIOS, INSTITUCIONALES"},{"@type":"BreadcrumbList","@id":"https:\/\/loboproduccionesaudiovisuales.ar\/?p=15789#breadcrumblist","itemListElement":[{"@type":"ListItem","@id":"https:\/\/loboproduccionesaudiovisuales.ar#listItem","position":1,"name":"Home","item":"https:\/\/loboproduccionesaudiovisuales.ar","nextItem":{"@type":"ListItem","@id":"https:\/\/loboproduccionesaudiovisuales.ar\/?cat=1#listItem","name":"Blog"}},{"@type":"ListItem","@id":"https:\/\/loboproduccionesaudiovisuales.ar\/?cat=1#listItem","position":2,"name":"Blog","item":"https:\/\/loboproduccionesaudiovisuales.ar\/?cat=1","nextItem":{"@type":"ListItem","@id":"https:\/\/loboproduccionesaudiovisuales.ar\/?p=15789#listItem","name":"La Juventud Agraria Cooperativista de Ram\u00edrez renov\u00f3 su Comisi\u00f3n Directiva"},"previousItem":{"@type":"ListItem","@id":"https:\/\/loboproduccionesaudiovisuales.ar#listItem","name":"Home"}},{"@type":"ListItem","@id":"https:\/\/loboproduccionesaudiovisuales.ar\/?p=15789#listItem","position":3,"name":"La Juventud Agraria Cooperativista de Ram\u00edrez renov\u00f3 su Comisi\u00f3n Directiva","previousItem":{"@type":"ListItem","@id":"https:\/\/loboproduccionesaudiovisuales.ar\/?cat=1#listItem","name":"Blog"}}]},{"@type":"Organization","@id":"https:\/\/loboproduccionesaudiovisuales.ar\/#organization","name":"loboproduccionesaudiovisuales.ar","description":"Sitio digital de noticias agroindustriales","url":"https:\/\/loboproduccionesaudiovisuales.ar\/","logo":{"@type":"ImageObject","url":"https:\/\/loboproduccionesaudiovisuales.ar\/wp-content\/uploads\/2023\/07\/LPA-web.jpg","@id":"https:\/\/loboproduccionesaudiovisuales.ar\/?p=15789\/#organizationLogo","width":500,"height":144},"image":{"@id":"https:\/\/loboproduccionesaudiovisuales.ar\/?p=15789\/#organizationLogo"}},{"@type":"Person","@id":"https:\/\/loboproduccionesaudiovisuales.ar\/?author=3#author","url":"https:\/\/loboproduccionesaudiovisuales.ar\/?author=3","name":"Gustavo Werner","image":{"@type":"ImageObject","@id":"https:\/\/loboproduccionesaudiovisuales.ar\/?p=15789#authorImage","url":"https:\/\/secure.gravatar.com\/avatar\/e04239ede7d02b80503013ac1fa61f308bbe3566e5a70df5bbef7c3725a0dcae?s=96&d=mm&r=g","width":96,"height":96,"caption":"Gustavo Werner"}},{"@type":"WebPage","@id":"https:\/\/loboproduccionesaudiovisuales.ar\/?p=15789#webpage","url":"https:\/\/loboproduccionesaudiovisuales.ar\/?p=15789","name":"La Juventud Agraria Cooperativista de Ram\u00edrez renov\u00f3 su Comisi\u00f3n Directiva - LOBO PRODUCCIONES AUDIOVISUALES","description":"El flamante presidente es Gian Erhardt, quien ocupar\u00e1 el cargo por lo que resta del a\u00f1o y gran parte del 2025. Quien encabez\u00f3 la JACR por dos periodos, Antonella Lombi habl\u00f3 con Informe Campo sobre los objetivos de los j\u00f3venes cooperativistas. La Juventud Agraria Cooperativista de General Ram\u00edrez, es una organizaci\u00f3n juvenil reconocida en toda","inLanguage":"es-AR","isPartOf":{"@id":"https:\/\/loboproduccionesaudiovisuales.ar\/#website"},"breadcrumb":{"@id":"https:\/\/loboproduccionesaudiovisuales.ar\/?p=15789#breadcrumblist"},"author":{"@id":"https:\/\/loboproduccionesaudiovisuales.ar\/?author=3#author"},"creator":{"@id":"https:\/\/loboproduccionesaudiovisuales.ar\/?author=3#author"},"image":{"@type":"ImageObject","url":"https:\/\/loboproduccionesaudiovisuales.ar\/wp-content\/uploads\/2024\/09\/Screenshot_20240924_080749_Instagram-696x414-1.jpg","@id":"https:\/\/loboproduccionesaudiovisuales.ar\/?p=15789\/#mainImage","width":696,"height":414},"primaryImageOfPage":{"@id":"https:\/\/loboproduccionesaudiovisuales.ar\/?p=15789#mainImage"},"datePublished":"2024-09-24T09:52:41-03:00","dateModified":"2024-09-24T09:52:41-03:00"},{"@type":"WebSite","@id":"https:\/\/loboproduccionesaudiovisuales.ar\/#website","url":"https:\/\/loboproduccionesaudiovisuales.ar\/","name":"loboproduccionesaudiovisuales.ar","alternateName":"Lobo Producciones","description":"Sitio digital de noticias agroindustriales","inLanguage":"es-AR","publisher":{"@id":"https:\/\/loboproduccionesaudiovisuales.ar\/#organization"}}]},"og:locale":"es_ES","og:site_name":"LOBO PRODUCCIONES AUDIOVISUALES - Sitio digital de noticias agroindustriales","og:type":"article","og:title":"La Juventud Agraria Cooperativista de Ram\u00edrez renov\u00f3 su Comisi\u00f3n Directiva - LOBO PRODUCCIONES AUDIOVISUALES","og:description":"El flamante presidente es Gian Erhardt, quien ocupar\u00e1 el cargo por lo que resta del a\u00f1o y gran parte del 2025. Quien encabez\u00f3 la JACR por dos periodos, Antonella Lombi habl\u00f3 con Informe Campo sobre los objetivos de los j\u00f3venes cooperativistas. La Juventud Agraria Cooperativista de General Ram\u00edrez, es una organizaci\u00f3n juvenil reconocida en toda","og:url":"https:\/\/loboproduccionesaudiovisuales.ar\/?p=15789","og:image":"https:\/\/loboproduccionesaudiovisuales.ar\/wp-content\/uploads\/2023\/07\/LPA-web.jpg","og:image:secure_url":"https:\/\/loboproduccionesaudiovisuales.ar\/wp-content\/uploads\/2023\/07\/LPA-web.jpg","article:published_time":"2024-09-24T12:52:41+00:00","article:modified_time":"2024-09-24T12:52:41+00:00","twitter:card":"summary_large_image","twitter:title":"La Juventud Agraria Cooperativista de Ram\u00edrez renov\u00f3 su Comisi\u00f3n Directiva - LOBO PRODUCCIONES AUDIOVISUALES","twitter:description":"El flamante presidente es Gian Erhardt, quien ocupar\u00e1 el cargo por lo que resta del a\u00f1o y gran parte del 2025. Quien encabez\u00f3 la JACR por dos periodos, Antonella Lombi habl\u00f3 con Informe Campo sobre los objetivos de los j\u00f3venes cooperativistas. La Juventud Agraria Cooperativista de General Ram\u00edrez, es una organizaci\u00f3n juvenil reconocida en toda","twitter:image":"https:\/\/loboproduccionesaudiovisuales.ar\/wp-content\/uploads\/2023\/07\/LPA-web.jpg"},"aioseo_meta_data":{"post_id":"15789","title":null,"description":null,"keywords":null,"keyphrases":{"focus":{"keyphrase":"","score":0,"analysis":{"keyphraseInTitle":{"score":0,"maxScore":9,"error":1}}},"additional":[]},"primary_term":null,"canonical_url":null,"og_title":null,"og_description":null,"og_object_type":"default","og_image_type":"default","og_image_url":null,"og_image_width":null,"og_image_height":null,"og_image_custom_url":null,"og_image_custom_fields":null,"og_video":"","og_custom_url":null,"og_article_section":null,"og_article_tags":null,"twitter_use_og":false,"twitter_card":"default","twitter_image_type":"default","twitter_image_url":null,"twitter_image_custom_url":null,"twitter_image_custom_fields":null,"twitter_title":null,"twitter_description":null,"schema":{"blockGraphs":[],"customGraphs":[],"default":{"data":{"Article":[],"Course":[],"Dataset":[],"FAQPage":[],"Movie":[],"Person":[],"Product":[],"ProductReview":[],"Car":[],"Recipe":[],"Service":[],"SoftwareApplication":[],"WebPage":[]},"graphName":"BlogPosting","isEnabled":true},"graphs":[]},"schema_type":"default","schema_type_options":null,"pillar_content":false,"robots_default":true,"robots_noindex":false,"robots_noarchive":false,"robots_nosnippet":false,"robots_nofollow":false,"robots_noimageindex":false,"robots_noodp":false,"robots_notranslate":false,"robots_max_snippet":"-1","robots_max_videopreview":"-1","robots_max_imagepreview":"large","priority":null,"frequency":"default","local_seo":null,"breadcrumb_settings":null,"limit_modified_date":false,"ai":null,"created":"2024-09-24 12:52:41","updated":"2025-06-05 00:40:25","seo_analyzer_scan_date":null,"focus_keyword":null,"additional_keywords":null,"truseo_locale":null},"aioseo_breadcrumb":"<div class=\"aioseo-breadcrumbs\"><span class=\"aioseo-breadcrumb\">\n\t\t\t<a href=\"https:\/\/loboproduccionesaudiovisuales.ar\" title=\"Home\">Home<\/a>\n\t\t<\/span><span class=\"aioseo-breadcrumb-separator\">&raquo;<\/span><span class=\"aioseo-breadcrumb\">\n\t\t\t<a href=\"https:\/\/loboproduccionesaudiovisuales.ar\/?cat=1\" title=\"Blog\">Blog<\/a>\n\t\t<\/span><span class=\"aioseo-breadcrumb-separator\">&raquo;<\/span><span class=\"aioseo-breadcrumb\">\n\t\t\tLa Juventud Agraria Cooperativista de Ram\u00edrez renov\u00f3 su Comisi\u00f3n Directiva\n\t\t<\/span><\/div>","aioseo_breadcrumb_json":[{"label":"Home","link":"https:\/\/loboproduccionesaudiovisuales.ar"},{"label":"Blog","link":"https:\/\/loboproduccionesaudiovisuales.ar\/?cat=1"},{"label":"La Juventud Agraria Cooperativista de Ram\u00edrez renov\u00f3 su Comisi\u00f3n Directiva","link":"https:\/\/loboproduccionesaudiovisuales.ar\/?p=15789"}],"_links":{"self":[{"href":"https:\/\/loboproduccionesaudiovisuales.ar\/index.php?rest_route=\/wp\/v2\/posts\/15789","targetHints":{"allow":["GET"]}}],"collection":[{"href":"https:\/\/loboproduccionesaudiovisuales.ar\/index.php?rest_route=\/wp\/v2\/posts"}],"about":[{"href":"https:\/\/loboproduccionesaudiovisuales.ar\/index.php?rest_route=\/wp\/v2\/types\/post"}],"author":[{"embeddable":true,"href":"https:\/\/loboproduccionesaudiovisuales.ar\/index.php?rest_route=\/wp\/v2\/users\/3"}],"replies":[{"embeddable":true,"href":"https:\/\/loboproduccionesaudiovisuales.ar\/index.php?rest_route=%2Fwp%2Fv2%2Fcomments&post=15789"}],"version-history":[{"count":1,"href":"https:\/\/loboproduccionesaudiovisuales.ar\/index.php?rest_route=\/wp\/v2\/posts\/15789\/revisions"}],"predecessor-version":[{"id":15791,"href":"https:\/\/loboproduccionesaudiovisuales.ar\/index.php?rest_route=\/wp\/v2\/posts\/15789\/revisions\/15791"}],"wp:featuredmedia":[{"embeddable":true,"href":"https:\/\/loboproduccionesaudiovisuales.ar\/index.php?rest_route=\/wp\/v2\/media\/15790"}],"wp:attachment":[{"href":"https:\/\/loboproduccionesaudiovisuales.ar\/index.php?rest_route=%2Fwp%2Fv2%2Fmedia&parent=15789"}],"wp:term":[{"taxonomy":"category","embeddable":true,"href":"https:\/\/loboproduccionesaudiovisuales.ar\/index.php?rest_route=%2Fwp%2Fv2%2Fcategories&post=15789"},{"taxonomy":"post_tag","embeddable":true,"href":"https:\/\/loboproduccionesaudiovisuales.ar\/index.php?rest_route=%2Fwp%2Fv2%2Ftags&post=15789"}],"curies":[{"name":"wp","href":"https:\/\/api.w.org\/{rel}","templated":true}]}}