{"id":15090,"date":"2024-08-27T09:17:23","date_gmt":"2024-08-27T12:17:23","guid":{"rendered":"https:\/\/loboproduccionesaudiovisuales.ar\/?p=15090"},"modified":"2024-08-27T10:20:02","modified_gmt":"2024-08-27T13:20:02","slug":"costa-grande-tuvo-su-pena-de-las-escuelas-con-asado-con-cuero-de-bufalo","status":"publish","type":"post","link":"https:\/\/loboproduccionesaudiovisuales.ar\/?p=15090","title":{"rendered":"Costa Grande tuvo su Pe\u00f1a de las Escuelas con asado con cuero de b\u00fafalo"},"content":{"rendered":"<p><strong>La fiesta fue declarada de inter\u00e9s por Diputados. Gestiones para que pueda ser declarada Fiesta Provincial.<\/strong><\/p>\n<p>&nbsp;<\/p>\n<p>El diputado L\u00e9nico Aranda se refiri\u00f3 a la exitosa Pe\u00f1a de Costa Grande y sus Escuelas, con asado con cuero de b\u00fafalo y m\u00fasica regional, que se realiz\u00f3 el fin de semana y fue declarado de inter\u00e9s por la C\u00e1mara baja, a trav\u00e9s de un proyecto de su autor\u00eda.<\/p>\n<p>\u201cLa Junta de Gobierno de Costa Grande hace una fiesta en apoyo de las distintas escuelas de su ejido y es una forma de valorizar su trabajo, as\u00ed como el de los emprendedores de la zona\u201d, dijo Aranda.<\/p>\n<p>Sobre el asado con cuero de b\u00fafalo, indic\u00f3 que \u201cAntes en los campos de la regi\u00f3n hab\u00eda muchos b\u00fafalos y se com\u00eda, pero no es algo habitual. Es una carne muy rica que llama mucho la atenci\u00f3n\u201d.<\/p>\n<p>Agreg\u00f3 que tiene un gusto distinto a la carne de vaca y menos grasa. \u201cSon animales de gran porte y necesitan mucho campo libre. No son muy sociables. Ver una pelea de b\u00fafalos obliga a irse de lugar, por la fuerza que tienen y la brav\u00eda. Hoy en d\u00eda todav\u00eda hay gente que los cr\u00eda en Costa Grande\u201d.<\/p>\n","protected":false},"excerpt":{"rendered":"<p>La fiesta fue declarada de inter\u00e9s por Diputados. Gestiones para que pueda ser declarada Fiesta Provincial. &nbsp; El diputado L\u00e9nico&hellip;<\/p>\n","protected":false},"author":3,"featured_media":15091,"comment_status":"open","ping_status":"open","sticky":false,"template":"","format":"standard","meta":{"footnotes":""},"categories":[5,1,228,128,198,140,298,113],"tags":[296],"class_list":["post-15090","post","type-post","status-publish","format-standard","has-post-thumbnail","hentry","category-actualidad","category-blog","category-cultura","category-entre-rios","category-exposiciones","category-festivales","category-gastronomia","category-region","tag-costa-grande"],"aioseo_notices":[],"aioseo_head":"\n\t\t<!-- All in One SEO 5.0.1.1 - aioseo.com -->\n\t<meta name=\"description\" content=\"La fiesta fue declarada de inter\u00e9s por Diputados. Gestiones para que pueda ser declarada Fiesta Provincial. El diputado L\u00e9nico Aranda se refiri\u00f3 a la exitosa Pe\u00f1a de Costa Grande y sus Escuelas, con asado con cuero de b\u00fafalo y m\u00fasica regional, que se realiz\u00f3 el fin de semana y fue declarado de inter\u00e9s por\" \/>\n\t<meta name=\"robots\" content=\"max-image-preview:large\" \/>\n\t<meta name=\"author\" content=\"Gustavo Werner\"\/>\n\t<link rel=\"canonical\" href=\"https:\/\/loboproduccionesaudiovisuales.ar\/?p=15090\" \/>\n\t<meta name=\"generator\" content=\"All in One SEO (AIOSEO) 5.0.1.1\" \/>\n\t\t<meta property=\"og:locale\" content=\"es_ES\" \/>\n\t\t<meta property=\"og:site_name\" content=\"LOBO PRODUCCIONES AUDIOVISUALES - Sitio digital de noticias agroindustriales\" \/>\n\t\t<meta property=\"og:type\" content=\"article\" \/>\n\t\t<meta property=\"og:title\" content=\"Costa Grande tuvo su Pe\u00f1a de las Escuelas con asado con cuero de b\u00fafalo - LOBO PRODUCCIONES AUDIOVISUALES\" \/>\n\t\t<meta property=\"og:description\" content=\"La fiesta fue declarada de inter\u00e9s por Diputados. Gestiones para que pueda ser declarada Fiesta Provincial. El diputado L\u00e9nico Aranda se refiri\u00f3 a la exitosa Pe\u00f1a de Costa Grande y sus Escuelas, con asado con cuero de b\u00fafalo y m\u00fasica regional, que se realiz\u00f3 el fin de semana y fue declarado de inter\u00e9s por\" \/>\n\t\t<meta property=\"og:url\" content=\"https:\/\/loboproduccionesaudiovisuales.ar\/?p=15090\" \/>\n\t\t<meta property=\"og:image\" content=\"https:\/\/loboproduccionesaudiovisuales.ar\/wp-content\/uploads\/2023\/07\/LPA-web.jpg\" \/>\n\t\t<meta property=\"og:image:secure_url\" content=\"https:\/\/loboproduccionesaudiovisuales.ar\/wp-content\/uploads\/2023\/07\/LPA-web.jpg\" \/>\n\t\t<meta property=\"article:published_time\" content=\"2024-08-27T12:17:23+00:00\" \/>\n\t\t<meta property=\"article:modified_time\" content=\"2024-08-27T13:20:02+00:00\" \/>\n\t\t<meta name=\"twitter:card\" content=\"summary_large_image\" \/>\n\t\t<meta name=\"twitter:title\" content=\"Costa Grande tuvo su Pe\u00f1a de las Escuelas con asado con cuero de b\u00fafalo - LOBO PRODUCCIONES AUDIOVISUALES\" \/>\n\t\t<meta name=\"twitter:description\" content=\"La fiesta fue declarada de inter\u00e9s por Diputados. Gestiones para que pueda ser declarada Fiesta Provincial. El diputado L\u00e9nico Aranda se refiri\u00f3 a la exitosa Pe\u00f1a de Costa Grande y sus Escuelas, con asado con cuero de b\u00fafalo y m\u00fasica regional, que se realiz\u00f3 el fin de semana y fue declarado de inter\u00e9s por\" \/>\n\t\t<meta name=\"twitter:image\" content=\"https:\/\/loboproduccionesaudiovisuales.ar\/wp-content\/uploads\/2023\/07\/LPA-web.jpg\" \/>\n\t\t<script type=\"application\/ld+json\" class=\"aioseo-schema\">\n\t\t\t{\"@context\":\"https:\\\/\\\/schema.org\",\"@graph\":[{\"@type\":\"BlogPosting\",\"@id\":\"https:\\\/\\\/loboproduccionesaudiovisuales.ar\\\/?p=15090#blogposting\",\"name\":\"Costa Grande tuvo su Pe\\u00f1a de las Escuelas con asado con cuero de b\\u00fafalo - LOBO PRODUCCIONES AUDIOVISUALES\",\"headline\":\"Costa Grande tuvo su Pe\\u00f1a de las Escuelas con asado con cuero de b\\u00fafalo\",\"author\":{\"@id\":\"https:\\\/\\\/loboproduccionesaudiovisuales.ar\\\/?author=3#author\"},\"publisher\":{\"@id\":\"https:\\\/\\\/loboproduccionesaudiovisuales.ar\\\/#organization\"},\"image\":{\"@type\":\"ImageObject\",\"url\":\"https:\\\/\\\/loboproduccionesaudiovisuales.ar\\\/wp-content\\\/uploads\\\/2024\\\/08\\\/456861620_1067627658700210_3747822301952753466_n.jpg\",\"width\":960,\"height\":497},\"datePublished\":\"2024-08-27T09:17:23-03:00\",\"dateModified\":\"2024-08-27T10:20:02-03:00\",\"inLanguage\":\"es-AR\",\"mainEntityOfPage\":{\"@id\":\"https:\\\/\\\/loboproduccionesaudiovisuales.ar\\\/?p=15090#webpage\"},\"isPartOf\":{\"@id\":\"https:\\\/\\\/loboproduccionesaudiovisuales.ar\\\/?p=15090#webpage\"},\"articleSection\":\"ACTUALIDAD, Blog, CULTURA, ENTRE RIOS, EXPOSICIONES, FESTIVALES, GASTRONOM\\u00cdA, REGIONALES, Costa Grande\"},{\"@type\":\"BreadcrumbList\",\"@id\":\"https:\\\/\\\/loboproduccionesaudiovisuales.ar\\\/?p=15090#breadcrumblist\",\"itemListElement\":[{\"@type\":\"ListItem\",\"@id\":\"https:\\\/\\\/loboproduccionesaudiovisuales.ar#listItem\",\"position\":1,\"name\":\"Home\",\"item\":\"https:\\\/\\\/loboproduccionesaudiovisuales.ar\",\"nextItem\":{\"@type\":\"ListItem\",\"@id\":\"https:\\\/\\\/loboproduccionesaudiovisuales.ar\\\/?cat=1#listItem\",\"name\":\"Blog\"}},{\"@type\":\"ListItem\",\"@id\":\"https:\\\/\\\/loboproduccionesaudiovisuales.ar\\\/?cat=1#listItem\",\"position\":2,\"name\":\"Blog\",\"item\":\"https:\\\/\\\/loboproduccionesaudiovisuales.ar\\\/?cat=1\",\"nextItem\":{\"@type\":\"ListItem\",\"@id\":\"https:\\\/\\\/loboproduccionesaudiovisuales.ar\\\/?p=15090#listItem\",\"name\":\"Costa Grande tuvo su Pe\\u00f1a de las Escuelas con asado con cuero de b\\u00fafalo\"},\"previousItem\":{\"@type\":\"ListItem\",\"@id\":\"https:\\\/\\\/loboproduccionesaudiovisuales.ar#listItem\",\"name\":\"Home\"}},{\"@type\":\"ListItem\",\"@id\":\"https:\\\/\\\/loboproduccionesaudiovisuales.ar\\\/?p=15090#listItem\",\"position\":3,\"name\":\"Costa Grande tuvo su Pe\\u00f1a de las Escuelas con asado con cuero de b\\u00fafalo\",\"previousItem\":{\"@type\":\"ListItem\",\"@id\":\"https:\\\/\\\/loboproduccionesaudiovisuales.ar\\\/?cat=1#listItem\",\"name\":\"Blog\"}}]},{\"@type\":\"Organization\",\"@id\":\"https:\\\/\\\/loboproduccionesaudiovisuales.ar\\\/#organization\",\"name\":\"loboproduccionesaudiovisuales.ar\",\"description\":\"Sitio digital de noticias agroindustriales\",\"url\":\"https:\\\/\\\/loboproduccionesaudiovisuales.ar\\\/\",\"logo\":{\"@type\":\"ImageObject\",\"url\":\"https:\\\/\\\/loboproduccionesaudiovisuales.ar\\\/wp-content\\\/uploads\\\/2023\\\/07\\\/LPA-web.jpg\",\"@id\":\"https:\\\/\\\/loboproduccionesaudiovisuales.ar\\\/?p=15090\\\/#organizationLogo\",\"width\":500,\"height\":144},\"image\":{\"@id\":\"https:\\\/\\\/loboproduccionesaudiovisuales.ar\\\/?p=15090\\\/#organizationLogo\"}},{\"@type\":\"Person\",\"@id\":\"https:\\\/\\\/loboproduccionesaudiovisuales.ar\\\/?author=3#author\",\"url\":\"https:\\\/\\\/loboproduccionesaudiovisuales.ar\\\/?author=3\",\"name\":\"Gustavo Werner\",\"image\":{\"@type\":\"ImageObject\",\"@id\":\"https:\\\/\\\/loboproduccionesaudiovisuales.ar\\\/?p=15090#authorImage\",\"url\":\"https:\\\/\\\/loboproduccionesaudiovisuales.ar\\\/wp-content\\\/litespeed\\\/avatar\\\/de09dfb254ecca8d89a27b1f284fdb4d.jpg?ver=1788575391\",\"width\":96,\"height\":96,\"caption\":\"Gustavo Werner\"}},{\"@type\":\"WebPage\",\"@id\":\"https:\\\/\\\/loboproduccionesaudiovisuales.ar\\\/?p=15090#webpage\",\"url\":\"https:\\\/\\\/loboproduccionesaudiovisuales.ar\\\/?p=15090\",\"name\":\"Costa Grande tuvo su Pe\\u00f1a de las Escuelas con asado con cuero de b\\u00fafalo - LOBO PRODUCCIONES AUDIOVISUALES\",\"description\":\"La fiesta fue declarada de inter\\u00e9s por Diputados. Gestiones para que pueda ser declarada Fiesta Provincial. El diputado L\\u00e9nico Aranda se refiri\\u00f3 a la exitosa Pe\\u00f1a de Costa Grande y sus Escuelas, con asado con cuero de b\\u00fafalo y m\\u00fasica regional, que se realiz\\u00f3 el fin de semana y fue declarado de inter\\u00e9s por\",\"inLanguage\":\"es-AR\",\"isPartOf\":{\"@id\":\"https:\\\/\\\/loboproduccionesaudiovisuales.ar\\\/#website\"},\"breadcrumb\":{\"@id\":\"https:\\\/\\\/loboproduccionesaudiovisuales.ar\\\/?p=15090#breadcrumblist\"},\"author\":{\"@id\":\"https:\\\/\\\/loboproduccionesaudiovisuales.ar\\\/?author=3#author\"},\"creator\":{\"@id\":\"https:\\\/\\\/loboproduccionesaudiovisuales.ar\\\/?author=3#author\"},\"image\":{\"@type\":\"ImageObject\",\"url\":\"https:\\\/\\\/loboproduccionesaudiovisuales.ar\\\/wp-content\\\/uploads\\\/2024\\\/08\\\/456861620_1067627658700210_3747822301952753466_n.jpg\",\"@id\":\"https:\\\/\\\/loboproduccionesaudiovisuales.ar\\\/?p=15090\\\/#mainImage\",\"width\":960,\"height\":497},\"primaryImageOfPage\":{\"@id\":\"https:\\\/\\\/loboproduccionesaudiovisuales.ar\\\/?p=15090#mainImage\"},\"datePublished\":\"2024-08-27T09:17:23-03:00\",\"dateModified\":\"2024-08-27T10:20:02-03:00\"},{\"@type\":\"WebSite\",\"@id\":\"https:\\\/\\\/loboproduccionesaudiovisuales.ar\\\/#website\",\"url\":\"https:\\\/\\\/loboproduccionesaudiovisuales.ar\\\/\",\"name\":\"loboproduccionesaudiovisuales.ar\",\"alternateName\":\"Lobo Producciones\",\"description\":\"Sitio digital de noticias agroindustriales\",\"inLanguage\":\"es-AR\",\"publisher\":{\"@id\":\"https:\\\/\\\/loboproduccionesaudiovisuales.ar\\\/#organization\"}}]}\n\t\t<\/script>\n\t\t<!-- All in One SEO -->\n\n","aioseo_head_json":{"title":"Costa Grande tuvo su Pe\u00f1a de las Escuelas con asado con cuero de b\u00fafalo - LOBO PRODUCCIONES AUDIOVISUALES","description":"La fiesta fue declarada de inter\u00e9s por Diputados. Gestiones para que pueda ser declarada Fiesta Provincial. El diputado L\u00e9nico Aranda se refiri\u00f3 a la exitosa Pe\u00f1a de Costa Grande y sus Escuelas, con asado con cuero de b\u00fafalo y m\u00fasica regional, que se realiz\u00f3 el fin de semana y fue declarado de inter\u00e9s por","canonical_url":"https:\/\/loboproduccionesaudiovisuales.ar\/?p=15090","robots":"max-image-preview:large","keywords":"","webmasterTools":{"miscellaneous":""},"schema":{"@context":"https:\/\/schema.org","@graph":[{"@type":"BlogPosting","@id":"https:\/\/loboproduccionesaudiovisuales.ar\/?p=15090#blogposting","name":"Costa Grande tuvo su Pe\u00f1a de las Escuelas con asado con cuero de b\u00fafalo - LOBO PRODUCCIONES AUDIOVISUALES","headline":"Costa Grande tuvo su Pe\u00f1a de las Escuelas con asado con cuero de b\u00fafalo","author":{"@id":"https:\/\/loboproduccionesaudiovisuales.ar\/?author=3#author"},"publisher":{"@id":"https:\/\/loboproduccionesaudiovisuales.ar\/#organization"},"image":{"@type":"ImageObject","url":"https:\/\/loboproduccionesaudiovisuales.ar\/wp-content\/uploads\/2024\/08\/456861620_1067627658700210_3747822301952753466_n.jpg","width":960,"height":497},"datePublished":"2024-08-27T09:17:23-03:00","dateModified":"2024-08-27T10:20:02-03:00","inLanguage":"es-AR","mainEntityOfPage":{"@id":"https:\/\/loboproduccionesaudiovisuales.ar\/?p=15090#webpage"},"isPartOf":{"@id":"https:\/\/loboproduccionesaudiovisuales.ar\/?p=15090#webpage"},"articleSection":"ACTUALIDAD, Blog, CULTURA, ENTRE RIOS, EXPOSICIONES, FESTIVALES, GASTRONOM\u00cdA, REGIONALES, Costa Grande"},{"@type":"BreadcrumbList","@id":"https:\/\/loboproduccionesaudiovisuales.ar\/?p=15090#breadcrumblist","itemListElement":[{"@type":"ListItem","@id":"https:\/\/loboproduccionesaudiovisuales.ar#listItem","position":1,"name":"Home","item":"https:\/\/loboproduccionesaudiovisuales.ar","nextItem":{"@type":"ListItem","@id":"https:\/\/loboproduccionesaudiovisuales.ar\/?cat=1#listItem","name":"Blog"}},{"@type":"ListItem","@id":"https:\/\/loboproduccionesaudiovisuales.ar\/?cat=1#listItem","position":2,"name":"Blog","item":"https:\/\/loboproduccionesaudiovisuales.ar\/?cat=1","nextItem":{"@type":"ListItem","@id":"https:\/\/loboproduccionesaudiovisuales.ar\/?p=15090#listItem","name":"Costa Grande tuvo su Pe\u00f1a de las Escuelas con asado con cuero de b\u00fafalo"},"previousItem":{"@type":"ListItem","@id":"https:\/\/loboproduccionesaudiovisuales.ar#listItem","name":"Home"}},{"@type":"ListItem","@id":"https:\/\/loboproduccionesaudiovisuales.ar\/?p=15090#listItem","position":3,"name":"Costa Grande tuvo su Pe\u00f1a de las Escuelas con asado con cuero de b\u00fafalo","previousItem":{"@type":"ListItem","@id":"https:\/\/loboproduccionesaudiovisuales.ar\/?cat=1#listItem","name":"Blog"}}]},{"@type":"Organization","@id":"https:\/\/loboproduccionesaudiovisuales.ar\/#organization","name":"loboproduccionesaudiovisuales.ar","description":"Sitio digital de noticias agroindustriales","url":"https:\/\/loboproduccionesaudiovisuales.ar\/","logo":{"@type":"ImageObject","url":"https:\/\/loboproduccionesaudiovisuales.ar\/wp-content\/uploads\/2023\/07\/LPA-web.jpg","@id":"https:\/\/loboproduccionesaudiovisuales.ar\/?p=15090\/#organizationLogo","width":500,"height":144},"image":{"@id":"https:\/\/loboproduccionesaudiovisuales.ar\/?p=15090\/#organizationLogo"}},{"@type":"Person","@id":"https:\/\/loboproduccionesaudiovisuales.ar\/?author=3#author","url":"https:\/\/loboproduccionesaudiovisuales.ar\/?author=3","name":"Gustavo Werner","image":{"@type":"ImageObject","@id":"https:\/\/loboproduccionesaudiovisuales.ar\/?p=15090#authorImage","url":"https:\/\/loboproduccionesaudiovisuales.ar\/wp-content\/litespeed\/avatar\/de09dfb254ecca8d89a27b1f284fdb4d.jpg?ver=1788575391","width":96,"height":96,"caption":"Gustavo Werner"}},{"@type":"WebPage","@id":"https:\/\/loboproduccionesaudiovisuales.ar\/?p=15090#webpage","url":"https:\/\/loboproduccionesaudiovisuales.ar\/?p=15090","name":"Costa Grande tuvo su Pe\u00f1a de las Escuelas con asado con cuero de b\u00fafalo - LOBO PRODUCCIONES AUDIOVISUALES","description":"La fiesta fue declarada de inter\u00e9s por Diputados. Gestiones para que pueda ser declarada Fiesta Provincial. El diputado L\u00e9nico Aranda se refiri\u00f3 a la exitosa Pe\u00f1a de Costa Grande y sus Escuelas, con asado con cuero de b\u00fafalo y m\u00fasica regional, que se realiz\u00f3 el fin de semana y fue declarado de inter\u00e9s por","inLanguage":"es-AR","isPartOf":{"@id":"https:\/\/loboproduccionesaudiovisuales.ar\/#website"},"breadcrumb":{"@id":"https:\/\/loboproduccionesaudiovisuales.ar\/?p=15090#breadcrumblist"},"author":{"@id":"https:\/\/loboproduccionesaudiovisuales.ar\/?author=3#author"},"creator":{"@id":"https:\/\/loboproduccionesaudiovisuales.ar\/?author=3#author"},"image":{"@type":"ImageObject","url":"https:\/\/loboproduccionesaudiovisuales.ar\/wp-content\/uploads\/2024\/08\/456861620_1067627658700210_3747822301952753466_n.jpg","@id":"https:\/\/loboproduccionesaudiovisuales.ar\/?p=15090\/#mainImage","width":960,"height":497},"primaryImageOfPage":{"@id":"https:\/\/loboproduccionesaudiovisuales.ar\/?p=15090#mainImage"},"datePublished":"2024-08-27T09:17:23-03:00","dateModified":"2024-08-27T10:20:02-03:00"},{"@type":"WebSite","@id":"https:\/\/loboproduccionesaudiovisuales.ar\/#website","url":"https:\/\/loboproduccionesaudiovisuales.ar\/","name":"loboproduccionesaudiovisuales.ar","alternateName":"Lobo Producciones","description":"Sitio digital de noticias agroindustriales","inLanguage":"es-AR","publisher":{"@id":"https:\/\/loboproduccionesaudiovisuales.ar\/#organization"}}]},"og:locale":"es_ES","og:site_name":"LOBO PRODUCCIONES AUDIOVISUALES - Sitio digital de noticias agroindustriales","og:type":"article","og:title":"Costa Grande tuvo su Pe\u00f1a de las Escuelas con asado con cuero de b\u00fafalo - LOBO PRODUCCIONES AUDIOVISUALES","og:description":"La fiesta fue declarada de inter\u00e9s por Diputados. Gestiones para que pueda ser declarada Fiesta Provincial. El diputado L\u00e9nico Aranda se refiri\u00f3 a la exitosa Pe\u00f1a de Costa Grande y sus Escuelas, con asado con cuero de b\u00fafalo y m\u00fasica regional, que se realiz\u00f3 el fin de semana y fue declarado de inter\u00e9s por","og:url":"https:\/\/loboproduccionesaudiovisuales.ar\/?p=15090","og:image":"https:\/\/loboproduccionesaudiovisuales.ar\/wp-content\/uploads\/2023\/07\/LPA-web.jpg","og:image:secure_url":"https:\/\/loboproduccionesaudiovisuales.ar\/wp-content\/uploads\/2023\/07\/LPA-web.jpg","article:published_time":"2024-08-27T12:17:23+00:00","article:modified_time":"2024-08-27T13:20:02+00:00","twitter:card":"summary_large_image","twitter:title":"Costa Grande tuvo su Pe\u00f1a de las Escuelas con asado con cuero de b\u00fafalo - LOBO PRODUCCIONES AUDIOVISUALES","twitter:description":"La fiesta fue declarada de inter\u00e9s por Diputados. Gestiones para que pueda ser declarada Fiesta Provincial. El diputado L\u00e9nico Aranda se refiri\u00f3 a la exitosa Pe\u00f1a de Costa Grande y sus Escuelas, con asado con cuero de b\u00fafalo y m\u00fasica regional, que se realiz\u00f3 el fin de semana y fue declarado de inter\u00e9s por","twitter:image":"https:\/\/loboproduccionesaudiovisuales.ar\/wp-content\/uploads\/2023\/07\/LPA-web.jpg"},"aioseo_meta_data":{"post_id":"15090","title":null,"description":null,"keywords":null,"keyphrases":{"focus":{"keyphrase":"","score":0,"analysis":{"keyphraseInTitle":{"score":0,"maxScore":9,"error":1}}},"additional":[]},"primary_term":null,"canonical_url":null,"og_title":null,"og_description":null,"og_object_type":"default","og_image_type":"default","og_image_url":null,"og_image_width":null,"og_image_height":null,"og_image_custom_url":null,"og_image_custom_fields":null,"og_video":"","og_custom_url":null,"og_article_section":null,"og_article_tags":null,"twitter_use_og":false,"twitter_card":"default","twitter_image_type":"default","twitter_image_url":null,"twitter_image_custom_url":null,"twitter_image_custom_fields":null,"twitter_title":null,"twitter_description":null,"schema":{"blockGraphs":[],"customGraphs":[],"default":{"data":{"Article":[],"Course":[],"Dataset":[],"FAQPage":[],"Movie":[],"Person":[],"Product":[],"ProductReview":[],"Car":[],"Recipe":[],"Service":[],"SoftwareApplication":[],"WebPage":[]},"graphName":"BlogPosting","isEnabled":true},"graphs":[]},"schema_type":"default","schema_type_options":null,"pillar_content":false,"robots_default":true,"robots_noindex":false,"robots_noarchive":false,"robots_nosnippet":false,"robots_nofollow":false,"robots_noimageindex":false,"robots_noodp":false,"robots_notranslate":false,"robots_max_snippet":"-1","robots_max_videopreview":"-1","robots_max_imagepreview":"large","priority":null,"frequency":"default","local_seo":null,"breadcrumb_settings":null,"limit_modified_date":false,"ai":null,"created":"2024-08-27 13:20:02","updated":"2025-06-05 00:25:23","seo_analyzer_scan_date":null,"focus_keyword":null,"additional_keywords":null,"truseo_locale":null},"aioseo_breadcrumb":"<div class=\"aioseo-breadcrumbs\"><span class=\"aioseo-breadcrumb\">\n\t\t\t<a href=\"https:\/\/loboproduccionesaudiovisuales.ar\" title=\"Home\">Home<\/a>\n\t\t<\/span><span class=\"aioseo-breadcrumb-separator\">&raquo;<\/span><span class=\"aioseo-breadcrumb\">\n\t\t\t<a href=\"https:\/\/loboproduccionesaudiovisuales.ar\/?cat=1\" title=\"Blog\">Blog<\/a>\n\t\t<\/span><span class=\"aioseo-breadcrumb-separator\">&raquo;<\/span><span class=\"aioseo-breadcrumb\">\n\t\t\tCosta Grande tuvo su Pe\u00f1a de las Escuelas con asado con cuero de b\u00fafalo\n\t\t<\/span><\/div>","aioseo_breadcrumb_json":[{"label":"Home","link":"https:\/\/loboproduccionesaudiovisuales.ar"},{"label":"Blog","link":"https:\/\/loboproduccionesaudiovisuales.ar\/?cat=1"},{"label":"Costa Grande tuvo su Pe\u00f1a de las Escuelas con asado con cuero de b\u00fafalo","link":"https:\/\/loboproduccionesaudiovisuales.ar\/?p=15090"}],"_links":{"self":[{"href":"https:\/\/loboproduccionesaudiovisuales.ar\/index.php?rest_route=\/wp\/v2\/posts\/15090","targetHints":{"allow":["GET"]}}],"collection":[{"href":"https:\/\/loboproduccionesaudiovisuales.ar\/index.php?rest_route=\/wp\/v2\/posts"}],"about":[{"href":"https:\/\/loboproduccionesaudiovisuales.ar\/index.php?rest_route=\/wp\/v2\/types\/post"}],"author":[{"embeddable":true,"href":"https:\/\/loboproduccionesaudiovisuales.ar\/index.php?rest_route=\/wp\/v2\/users\/3"}],"replies":[{"embeddable":true,"href":"https:\/\/loboproduccionesaudiovisuales.ar\/index.php?rest_route=%2Fwp%2Fv2%2Fcomments&post=15090"}],"version-history":[{"count":1,"href":"https:\/\/loboproduccionesaudiovisuales.ar\/index.php?rest_route=\/wp\/v2\/posts\/15090\/revisions"}],"predecessor-version":[{"id":15092,"href":"https:\/\/loboproduccionesaudiovisuales.ar\/index.php?rest_route=\/wp\/v2\/posts\/15090\/revisions\/15092"}],"wp:featuredmedia":[{"embeddable":true,"href":"https:\/\/loboproduccionesaudiovisuales.ar\/index.php?rest_route=\/wp\/v2\/media\/15091"}],"wp:attachment":[{"href":"https:\/\/loboproduccionesaudiovisuales.ar\/index.php?rest_route=%2Fwp%2Fv2%2Fmedia&parent=15090"}],"wp:term":[{"taxonomy":"category","embeddable":true,"href":"https:\/\/loboproduccionesaudiovisuales.ar\/index.php?rest_route=%2Fwp%2Fv2%2Fcategories&post=15090"},{"taxonomy":"post_tag","embeddable":true,"href":"https:\/\/loboproduccionesaudiovisuales.ar\/index.php?rest_route=%2Fwp%2Fv2%2Ftags&post=15090"}],"curies":[{"name":"wp","href":"https:\/\/api.w.org\/{rel}","templated":true}]}}