{"id":15087,"date":"2024-08-27T10:41:17","date_gmt":"2024-08-27T13:41:17","guid":{"rendered":"https:\/\/loboproduccionesaudiovisuales.ar\/?p=15087"},"modified":"2024-08-27T10:41:25","modified_gmt":"2024-08-27T13:41:25","slug":"aseguran-que-es-critica-la-situacion-de-los-productores-en-entre-rios","status":"publish","type":"post","link":"https:\/\/loboproduccionesaudiovisuales.ar\/?p=15087","title":{"rendered":"Aseguran que es cr\u00edtica la situaci\u00f3n de los productores en Entre R\u00edos"},"content":{"rendered":"<p><strong>Mat\u00edas Martiarena, director del Distrito Tres Entre R\u00edos de la Federaci\u00f3n Agraria, describi\u00f3 la situaci\u00f3n actual como &#8220;compleja&#8221; para los peque\u00f1os y medianos productores.<\/strong><\/p>\n<p>&nbsp;<\/p>\n<p>Asegur\u00f3 que los agricultores a\u00fan no se han recuperado y siguen endeudados tras tres a\u00f1os de sequ\u00eda. En ese sentido, abog\u00f3 por una baja en las retenciones.<\/p>\n<div id=\"publi-584\" class=\"publi publi-html C7\" data-nombre=\"Adsense medio\"><ins class=\"adsbygoogle\" data-ad-client=\"ca-pub-4718065771583347\" data-ad-slot=\"3882674383\" data-ad-format=\"auto\" data-adsbygoogle-status=\"done\" data-ad-status=\"filled\"><\/p>\n<div id=\"aswift_3_host\"><\/div>\n<p><\/ins><\/div>\n<p>En di\u00e1logo con radio La Red (Paran\u00e1), Martiarena se\u00f1al\u00f3 que las soluciones para el sector a\u00fan no han llegado y no es cuesti\u00f3n de simplemente tener paciencia, como lo pide el gobierno nacional. Asimismo, subray\u00f3 que &#8220;los precios de los commodities est\u00e1n muy bajos&#8221; y que, aunque esto no depende directamente de las decisiones gubernamentales, las retenciones siguen siendo un tema importante.<\/p>\n<p>Expres\u00f3 que &#8220;si no se eliminan las retenciones al ma\u00edz, ser\u00e1 imposible cultivarlo&#8221;. Tambi\u00e9n mencion\u00f3 la incertidumbre generada por la plaga conocida como &#8220;chicharrita&#8221; y el impacto del clima en cultivos costosos como el ma\u00edz y la soja, que actualmente generan p\u00e9rdidas de 50 d\u00f3lares por hect\u00e1rea.<\/p>\n<p>Luego, indic\u00f3 que, dado que los campos ya est\u00e1n destinados a la soja, las opciones disponibles son limitadas. En cuanto al trigo, advirti\u00f3 que, aunque queda m\u00e1s de la mitad del ciclo, si el clima no es favorable, los rendimientos esperados podr\u00edan no lograrse.<\/p>\n","protected":false},"excerpt":{"rendered":"<p>Mat\u00edas Martiarena, director del Distrito Tres Entre R\u00edos de la Federaci\u00f3n Agraria, describi\u00f3 la situaci\u00f3n actual como &#8220;compleja&#8221; para los&hellip;<\/p>\n","protected":false},"author":3,"featured_media":15088,"comment_status":"open","ping_status":"open","sticky":false,"template":"","format":"standard","meta":{"footnotes":""},"categories":[5,203,2,1,141,123,128,168,112],"tags":[188],"class_list":["post-15087","post","type-post","status-publish","format-standard","has-post-thumbnail","hentry","category-actualidad","category-agricultura","category-agro","category-blog","category-economia","category-economias-regionales","category-entre-rios","category-nacionales","category-politica","tag-federacion-agraria"],"aioseo_notices":[],"_links":{"self":[{"href":"https:\/\/loboproduccionesaudiovisuales.ar\/index.php?rest_route=\/wp\/v2\/posts\/15087","targetHints":{"allow":["GET"]}}],"collection":[{"href":"https:\/\/loboproduccionesaudiovisuales.ar\/index.php?rest_route=\/wp\/v2\/posts"}],"about":[{"href":"https:\/\/loboproduccionesaudiovisuales.ar\/index.php?rest_route=\/wp\/v2\/types\/post"}],"author":[{"embeddable":true,"href":"https:\/\/loboproduccionesaudiovisuales.ar\/index.php?rest_route=\/wp\/v2\/users\/3"}],"replies":[{"embeddable":true,"href":"https:\/\/loboproduccionesaudiovisuales.ar\/index.php?rest_route=%2Fwp%2Fv2%2Fcomments&post=15087"}],"version-history":[{"count":1,"href":"https:\/\/loboproduccionesaudiovisuales.ar\/index.php?rest_route=\/wp\/v2\/posts\/15087\/revisions"}],"predecessor-version":[{"id":15089,"href":"https:\/\/loboproduccionesaudiovisuales.ar\/index.php?rest_route=\/wp\/v2\/posts\/15087\/revisions\/15089"}],"wp:featuredmedia":[{"embeddable":true,"href":"https:\/\/loboproduccionesaudiovisuales.ar\/index.php?rest_route=\/wp\/v2\/media\/15088"}],"wp:attachment":[{"href":"https:\/\/loboproduccionesaudiovisuales.ar\/index.php?rest_route=%2Fwp%2Fv2%2Fmedia&parent=15087"}],"wp:term":[{"taxonomy":"category","embeddable":true,"href":"https:\/\/loboproduccionesaudiovisuales.ar\/index.php?rest_route=%2Fwp%2Fv2%2Fcategories&post=15087"},{"taxonomy":"post_tag","embeddable":true,"href":"https:\/\/loboproduccionesaudiovisuales.ar\/index.php?rest_route=%2Fwp%2Fv2%2Ftags&post=15087"}],"curies":[{"name":"wp","href":"https:\/\/api.w.org\/{rel}","templated":true}]}}