{"id":15069,"date":"2024-08-26T16:55:16","date_gmt":"2024-08-26T19:55:16","guid":{"rendered":"https:\/\/loboproduccionesaudiovisuales.ar\/?p=15069"},"modified":"2024-08-26T16:56:08","modified_gmt":"2024-08-26T19:56:08","slug":"15069","status":"publish","type":"post","link":"https:\/\/loboproduccionesaudiovisuales.ar\/?p=15069","title":{"rendered":"A los ruralistas no les gusta la imposici\u00f3n de la trazabilidad"},"content":{"rendered":"<p><strong>La Federaci\u00f3n de Asociaciones Rurales de Entre R\u00edos manifest\u00f3 su \u201cabsoluto rechazo al nuevo sistema de trazabilidad individual de car\u00e1cter obligatorio que se pretende imponer desde el gobierno nacional\u201c.<\/strong><\/p>\n<p>&nbsp;<\/p>\n<p>\u201cEste paso que se intenta dar no conlleva mejora alguna sobre el actual sistema de trazabilidad que ya se aplica en la Argentina y no existen datos objetivos que indiquen que esta nueva modalidad sea exigida por mercados internacionales, como as\u00ed tampoco que sea un agregado de valor a las reses que lo incorporen\u201d, argumentaron.<\/p>\n<p>De este modo, adem\u00e1s, indicaron que \u201cesta medida s\u00f3lo agrega un nuevo costo y una complejizaci\u00f3n al manejo de los rodeos, siendo un golpe muy fuerte a la rentabilidad de los peque\u00f1os y medianos productores\u201c.<\/p>\n<p>Sin duda, esta medida \u201cno encuentra en el horizonte beneficios ni para los productores ni para el Estado argentino por lo que carece de sustento\u201c.<\/p>\n<p>\u201cPrecisamente, y antes de pensar en mecanismos de incorporaci\u00f3n de tecnolog\u00eda, se debieran solucionar con anterioridad problemas macroecon\u00f3micos como la presi\u00f3n impositiva y la unificaci\u00f3n del tipo de cambio, medidas que s\u00ed coadyuvar\u00e1n a que los productores la incorporen sin necesidad de una imposici\u00f3n\u201d, plantearon desde la entidad entrerriana.<\/p>\n<p>En ese marco, finalmente afirmaron que \u201cla trazabilidad electr\u00f3nica individual debe seguir siendo voluntaria, al tiempo que instamos a las autoridades pertinentes a que revisen esta decisi\u00f3n controversial y arbitraria\u201d.<\/p>\n","protected":false},"excerpt":{"rendered":"<p>La Federaci\u00f3n de Asociaciones Rurales de Entre R\u00edos manifest\u00f3 su \u201cabsoluto rechazo al nuevo sistema de trazabilidad individual de car\u00e1cter&hellip;<\/p>\n","protected":false},"author":3,"featured_media":15070,"comment_status":"open","ping_status":"open","sticky":false,"template":"","format":"standard","meta":{"footnotes":""},"categories":[5,203,2,1,168,112],"tags":[393],"class_list":["post-15069","post","type-post","status-publish","format-standard","has-post-thumbnail","hentry","category-actualidad","category-agricultura","category-agro","category-blog","category-nacionales","category-politica","tag-trazabilidad"],"aioseo_notices":[],"aioseo_head":"\n\t\t<!-- All in One SEO 5.0.1.1 - aioseo.com -->\n\t<meta name=\"description\" content=\"La Federaci\u00f3n de Asociaciones Rurales de Entre R\u00edos manifest\u00f3 su \u201cabsoluto rechazo al nuevo sistema de trazabilidad individual de car\u00e1cter obligatorio que se pretende imponer desde el gobierno nacional\u201c. \u201cEste paso que se intenta dar no conlleva mejora alguna sobre el actual sistema de trazabilidad que ya se aplica en la Argentina y no\" \/>\n\t<meta name=\"robots\" content=\"max-image-preview:large\" \/>\n\t<meta name=\"author\" content=\"Gustavo Werner\"\/>\n\t<link rel=\"canonical\" href=\"https:\/\/loboproduccionesaudiovisuales.ar\/?p=15069\" \/>\n\t<meta name=\"generator\" content=\"All in One SEO (AIOSEO) 5.0.1.1\" \/>\n\t\t<meta property=\"og:locale\" content=\"es_ES\" \/>\n\t\t<meta property=\"og:site_name\" content=\"LOBO PRODUCCIONES AUDIOVISUALES - Sitio digital de noticias agroindustriales\" \/>\n\t\t<meta property=\"og:type\" content=\"article\" \/>\n\t\t<meta property=\"og:title\" content=\"A los ruralistas no les gusta la imposici\u00f3n de la trazabilidad - LOBO PRODUCCIONES AUDIOVISUALES\" \/>\n\t\t<meta property=\"og:description\" content=\"La Federaci\u00f3n de Asociaciones Rurales de Entre R\u00edos manifest\u00f3 su \u201cabsoluto rechazo al nuevo sistema de trazabilidad individual de car\u00e1cter obligatorio que se pretende imponer desde el gobierno nacional\u201c. \u201cEste paso que se intenta dar no conlleva mejora alguna sobre el actual sistema de trazabilidad que ya se aplica en la Argentina y no\" \/>\n\t\t<meta property=\"og:url\" content=\"https:\/\/loboproduccionesaudiovisuales.ar\/?p=15069\" \/>\n\t\t<meta property=\"og:image\" content=\"https:\/\/loboproduccionesaudiovisuales.ar\/wp-content\/uploads\/2023\/07\/LPA-web.jpg\" \/>\n\t\t<meta property=\"og:image:secure_url\" content=\"https:\/\/loboproduccionesaudiovisuales.ar\/wp-content\/uploads\/2023\/07\/LPA-web.jpg\" \/>\n\t\t<meta property=\"article:published_time\" content=\"2024-08-26T19:55:16+00:00\" \/>\n\t\t<meta property=\"article:modified_time\" content=\"2024-08-26T19:56:08+00:00\" \/>\n\t\t<meta name=\"twitter:card\" content=\"summary_large_image\" \/>\n\t\t<meta name=\"twitter:title\" content=\"A los ruralistas no les gusta la imposici\u00f3n de la trazabilidad - LOBO PRODUCCIONES AUDIOVISUALES\" \/>\n\t\t<meta name=\"twitter:description\" content=\"La Federaci\u00f3n de Asociaciones Rurales de Entre R\u00edos manifest\u00f3 su \u201cabsoluto rechazo al nuevo sistema de trazabilidad individual de car\u00e1cter obligatorio que se pretende imponer desde el gobierno nacional\u201c. \u201cEste paso que se intenta dar no conlleva mejora alguna sobre el actual sistema de trazabilidad que ya se aplica en la Argentina y no\" \/>\n\t\t<meta name=\"twitter:image\" content=\"https:\/\/loboproduccionesaudiovisuales.ar\/wp-content\/uploads\/2023\/07\/LPA-web.jpg\" \/>\n\t\t<script type=\"application\/ld+json\" class=\"aioseo-schema\">\n\t\t\t{\"@context\":\"https:\\\/\\\/schema.org\",\"@graph\":[{\"@type\":\"BlogPosting\",\"@id\":\"https:\\\/\\\/loboproduccionesaudiovisuales.ar\\\/?p=15069#blogposting\",\"name\":\"A los ruralistas no les gusta la imposici\\u00f3n de la trazabilidad - LOBO PRODUCCIONES AUDIOVISUALES\",\"headline\":\"A los ruralistas no les gusta la imposici\\u00f3n de la trazabilidad\",\"author\":{\"@id\":\"https:\\\/\\\/loboproduccionesaudiovisuales.ar\\\/?author=3#author\"},\"publisher\":{\"@id\":\"https:\\\/\\\/loboproduccionesaudiovisuales.ar\\\/#organization\"},\"image\":{\"@type\":\"ImageObject\",\"url\":\"https:\\\/\\\/loboproduccionesaudiovisuales.ar\\\/wp-content\\\/uploads\\\/2024\\\/08\\\/f_1649855556.jpg\",\"width\":1032,\"height\":688},\"datePublished\":\"2024-08-26T16:55:16-03:00\",\"dateModified\":\"2024-08-26T16:56:08-03:00\",\"inLanguage\":\"es-AR\",\"mainEntityOfPage\":{\"@id\":\"https:\\\/\\\/loboproduccionesaudiovisuales.ar\\\/?p=15069#webpage\"},\"isPartOf\":{\"@id\":\"https:\\\/\\\/loboproduccionesaudiovisuales.ar\\\/?p=15069#webpage\"},\"articleSection\":\"ACTUALIDAD, AGRICULTURA, AGRO, Blog, NACIONALES, POL\\u00cdTICA, trazabilidad\"},{\"@type\":\"BreadcrumbList\",\"@id\":\"https:\\\/\\\/loboproduccionesaudiovisuales.ar\\\/?p=15069#breadcrumblist\",\"itemListElement\":[{\"@type\":\"ListItem\",\"@id\":\"https:\\\/\\\/loboproduccionesaudiovisuales.ar#listItem\",\"position\":1,\"name\":\"Home\",\"item\":\"https:\\\/\\\/loboproduccionesaudiovisuales.ar\",\"nextItem\":{\"@type\":\"ListItem\",\"@id\":\"https:\\\/\\\/loboproduccionesaudiovisuales.ar\\\/?cat=1#listItem\",\"name\":\"Blog\"}},{\"@type\":\"ListItem\",\"@id\":\"https:\\\/\\\/loboproduccionesaudiovisuales.ar\\\/?cat=1#listItem\",\"position\":2,\"name\":\"Blog\",\"item\":\"https:\\\/\\\/loboproduccionesaudiovisuales.ar\\\/?cat=1\",\"nextItem\":{\"@type\":\"ListItem\",\"@id\":\"https:\\\/\\\/loboproduccionesaudiovisuales.ar\\\/?p=15069#listItem\",\"name\":\"A los ruralistas no les gusta la imposici\\u00f3n de la trazabilidad\"},\"previousItem\":{\"@type\":\"ListItem\",\"@id\":\"https:\\\/\\\/loboproduccionesaudiovisuales.ar#listItem\",\"name\":\"Home\"}},{\"@type\":\"ListItem\",\"@id\":\"https:\\\/\\\/loboproduccionesaudiovisuales.ar\\\/?p=15069#listItem\",\"position\":3,\"name\":\"A los ruralistas no les gusta la imposici\\u00f3n de la trazabilidad\",\"previousItem\":{\"@type\":\"ListItem\",\"@id\":\"https:\\\/\\\/loboproduccionesaudiovisuales.ar\\\/?cat=1#listItem\",\"name\":\"Blog\"}}]},{\"@type\":\"Organization\",\"@id\":\"https:\\\/\\\/loboproduccionesaudiovisuales.ar\\\/#organization\",\"name\":\"loboproduccionesaudiovisuales.ar\",\"description\":\"Sitio digital de noticias agroindustriales\",\"url\":\"https:\\\/\\\/loboproduccionesaudiovisuales.ar\\\/\",\"logo\":{\"@type\":\"ImageObject\",\"url\":\"https:\\\/\\\/loboproduccionesaudiovisuales.ar\\\/wp-content\\\/uploads\\\/2023\\\/07\\\/LPA-web.jpg\",\"@id\":\"https:\\\/\\\/loboproduccionesaudiovisuales.ar\\\/?p=15069\\\/#organizationLogo\",\"width\":500,\"height\":144},\"image\":{\"@id\":\"https:\\\/\\\/loboproduccionesaudiovisuales.ar\\\/?p=15069\\\/#organizationLogo\"}},{\"@type\":\"Person\",\"@id\":\"https:\\\/\\\/loboproduccionesaudiovisuales.ar\\\/?author=3#author\",\"url\":\"https:\\\/\\\/loboproduccionesaudiovisuales.ar\\\/?author=3\",\"name\":\"Gustavo Werner\",\"image\":{\"@type\":\"ImageObject\",\"@id\":\"https:\\\/\\\/loboproduccionesaudiovisuales.ar\\\/?p=15069#authorImage\",\"url\":\"https:\\\/\\\/loboproduccionesaudiovisuales.ar\\\/wp-content\\\/litespeed\\\/avatar\\\/de09dfb254ecca8d89a27b1f284fdb4d.jpg?ver=1788575391\",\"width\":96,\"height\":96,\"caption\":\"Gustavo Werner\"}},{\"@type\":\"WebPage\",\"@id\":\"https:\\\/\\\/loboproduccionesaudiovisuales.ar\\\/?p=15069#webpage\",\"url\":\"https:\\\/\\\/loboproduccionesaudiovisuales.ar\\\/?p=15069\",\"name\":\"A los ruralistas no les gusta la imposici\\u00f3n de la trazabilidad - LOBO PRODUCCIONES AUDIOVISUALES\",\"description\":\"La Federaci\\u00f3n de Asociaciones Rurales de Entre R\\u00edos manifest\\u00f3 su \\u201cabsoluto rechazo al nuevo sistema de trazabilidad individual de car\\u00e1cter obligatorio que se pretende imponer desde el gobierno nacional\\u201c. \\u201cEste paso que se intenta dar no conlleva mejora alguna sobre el actual sistema de trazabilidad que ya se aplica en la Argentina y no\",\"inLanguage\":\"es-AR\",\"isPartOf\":{\"@id\":\"https:\\\/\\\/loboproduccionesaudiovisuales.ar\\\/#website\"},\"breadcrumb\":{\"@id\":\"https:\\\/\\\/loboproduccionesaudiovisuales.ar\\\/?p=15069#breadcrumblist\"},\"author\":{\"@id\":\"https:\\\/\\\/loboproduccionesaudiovisuales.ar\\\/?author=3#author\"},\"creator\":{\"@id\":\"https:\\\/\\\/loboproduccionesaudiovisuales.ar\\\/?author=3#author\"},\"image\":{\"@type\":\"ImageObject\",\"url\":\"https:\\\/\\\/loboproduccionesaudiovisuales.ar\\\/wp-content\\\/uploads\\\/2024\\\/08\\\/f_1649855556.jpg\",\"@id\":\"https:\\\/\\\/loboproduccionesaudiovisuales.ar\\\/?p=15069\\\/#mainImage\",\"width\":1032,\"height\":688},\"primaryImageOfPage\":{\"@id\":\"https:\\\/\\\/loboproduccionesaudiovisuales.ar\\\/?p=15069#mainImage\"},\"datePublished\":\"2024-08-26T16:55:16-03:00\",\"dateModified\":\"2024-08-26T16:56:08-03:00\"},{\"@type\":\"WebSite\",\"@id\":\"https:\\\/\\\/loboproduccionesaudiovisuales.ar\\\/#website\",\"url\":\"https:\\\/\\\/loboproduccionesaudiovisuales.ar\\\/\",\"name\":\"loboproduccionesaudiovisuales.ar\",\"alternateName\":\"Lobo Producciones\",\"description\":\"Sitio digital de noticias agroindustriales\",\"inLanguage\":\"es-AR\",\"publisher\":{\"@id\":\"https:\\\/\\\/loboproduccionesaudiovisuales.ar\\\/#organization\"}}]}\n\t\t<\/script>\n\t\t<!-- All in One SEO -->\n\n","aioseo_head_json":{"title":"A los ruralistas no les gusta la imposici\u00f3n de la trazabilidad - LOBO PRODUCCIONES AUDIOVISUALES","description":"La Federaci\u00f3n de Asociaciones Rurales de Entre R\u00edos manifest\u00f3 su \u201cabsoluto rechazo al nuevo sistema de trazabilidad individual de car\u00e1cter obligatorio que se pretende imponer desde el gobierno nacional\u201c. \u201cEste paso que se intenta dar no conlleva mejora alguna sobre el actual sistema de trazabilidad que ya se aplica en la Argentina y no","canonical_url":"https:\/\/loboproduccionesaudiovisuales.ar\/?p=15069","robots":"max-image-preview:large","keywords":"","webmasterTools":{"miscellaneous":""},"schema":{"@context":"https:\/\/schema.org","@graph":[{"@type":"BlogPosting","@id":"https:\/\/loboproduccionesaudiovisuales.ar\/?p=15069#blogposting","name":"A los ruralistas no les gusta la imposici\u00f3n de la trazabilidad - LOBO PRODUCCIONES AUDIOVISUALES","headline":"A los ruralistas no les gusta la imposici\u00f3n de la trazabilidad","author":{"@id":"https:\/\/loboproduccionesaudiovisuales.ar\/?author=3#author"},"publisher":{"@id":"https:\/\/loboproduccionesaudiovisuales.ar\/#organization"},"image":{"@type":"ImageObject","url":"https:\/\/loboproduccionesaudiovisuales.ar\/wp-content\/uploads\/2024\/08\/f_1649855556.jpg","width":1032,"height":688},"datePublished":"2024-08-26T16:55:16-03:00","dateModified":"2024-08-26T16:56:08-03:00","inLanguage":"es-AR","mainEntityOfPage":{"@id":"https:\/\/loboproduccionesaudiovisuales.ar\/?p=15069#webpage"},"isPartOf":{"@id":"https:\/\/loboproduccionesaudiovisuales.ar\/?p=15069#webpage"},"articleSection":"ACTUALIDAD, AGRICULTURA, AGRO, Blog, NACIONALES, POL\u00cdTICA, trazabilidad"},{"@type":"BreadcrumbList","@id":"https:\/\/loboproduccionesaudiovisuales.ar\/?p=15069#breadcrumblist","itemListElement":[{"@type":"ListItem","@id":"https:\/\/loboproduccionesaudiovisuales.ar#listItem","position":1,"name":"Home","item":"https:\/\/loboproduccionesaudiovisuales.ar","nextItem":{"@type":"ListItem","@id":"https:\/\/loboproduccionesaudiovisuales.ar\/?cat=1#listItem","name":"Blog"}},{"@type":"ListItem","@id":"https:\/\/loboproduccionesaudiovisuales.ar\/?cat=1#listItem","position":2,"name":"Blog","item":"https:\/\/loboproduccionesaudiovisuales.ar\/?cat=1","nextItem":{"@type":"ListItem","@id":"https:\/\/loboproduccionesaudiovisuales.ar\/?p=15069#listItem","name":"A los ruralistas no les gusta la imposici\u00f3n de la trazabilidad"},"previousItem":{"@type":"ListItem","@id":"https:\/\/loboproduccionesaudiovisuales.ar#listItem","name":"Home"}},{"@type":"ListItem","@id":"https:\/\/loboproduccionesaudiovisuales.ar\/?p=15069#listItem","position":3,"name":"A los ruralistas no les gusta la imposici\u00f3n de la trazabilidad","previousItem":{"@type":"ListItem","@id":"https:\/\/loboproduccionesaudiovisuales.ar\/?cat=1#listItem","name":"Blog"}}]},{"@type":"Organization","@id":"https:\/\/loboproduccionesaudiovisuales.ar\/#organization","name":"loboproduccionesaudiovisuales.ar","description":"Sitio digital de noticias agroindustriales","url":"https:\/\/loboproduccionesaudiovisuales.ar\/","logo":{"@type":"ImageObject","url":"https:\/\/loboproduccionesaudiovisuales.ar\/wp-content\/uploads\/2023\/07\/LPA-web.jpg","@id":"https:\/\/loboproduccionesaudiovisuales.ar\/?p=15069\/#organizationLogo","width":500,"height":144},"image":{"@id":"https:\/\/loboproduccionesaudiovisuales.ar\/?p=15069\/#organizationLogo"}},{"@type":"Person","@id":"https:\/\/loboproduccionesaudiovisuales.ar\/?author=3#author","url":"https:\/\/loboproduccionesaudiovisuales.ar\/?author=3","name":"Gustavo Werner","image":{"@type":"ImageObject","@id":"https:\/\/loboproduccionesaudiovisuales.ar\/?p=15069#authorImage","url":"https:\/\/loboproduccionesaudiovisuales.ar\/wp-content\/litespeed\/avatar\/de09dfb254ecca8d89a27b1f284fdb4d.jpg?ver=1788575391","width":96,"height":96,"caption":"Gustavo Werner"}},{"@type":"WebPage","@id":"https:\/\/loboproduccionesaudiovisuales.ar\/?p=15069#webpage","url":"https:\/\/loboproduccionesaudiovisuales.ar\/?p=15069","name":"A los ruralistas no les gusta la imposici\u00f3n de la trazabilidad - LOBO PRODUCCIONES AUDIOVISUALES","description":"La Federaci\u00f3n de Asociaciones Rurales de Entre R\u00edos manifest\u00f3 su \u201cabsoluto rechazo al nuevo sistema de trazabilidad individual de car\u00e1cter obligatorio que se pretende imponer desde el gobierno nacional\u201c. \u201cEste paso que se intenta dar no conlleva mejora alguna sobre el actual sistema de trazabilidad que ya se aplica en la Argentina y no","inLanguage":"es-AR","isPartOf":{"@id":"https:\/\/loboproduccionesaudiovisuales.ar\/#website"},"breadcrumb":{"@id":"https:\/\/loboproduccionesaudiovisuales.ar\/?p=15069#breadcrumblist"},"author":{"@id":"https:\/\/loboproduccionesaudiovisuales.ar\/?author=3#author"},"creator":{"@id":"https:\/\/loboproduccionesaudiovisuales.ar\/?author=3#author"},"image":{"@type":"ImageObject","url":"https:\/\/loboproduccionesaudiovisuales.ar\/wp-content\/uploads\/2024\/08\/f_1649855556.jpg","@id":"https:\/\/loboproduccionesaudiovisuales.ar\/?p=15069\/#mainImage","width":1032,"height":688},"primaryImageOfPage":{"@id":"https:\/\/loboproduccionesaudiovisuales.ar\/?p=15069#mainImage"},"datePublished":"2024-08-26T16:55:16-03:00","dateModified":"2024-08-26T16:56:08-03:00"},{"@type":"WebSite","@id":"https:\/\/loboproduccionesaudiovisuales.ar\/#website","url":"https:\/\/loboproduccionesaudiovisuales.ar\/","name":"loboproduccionesaudiovisuales.ar","alternateName":"Lobo Producciones","description":"Sitio digital de noticias agroindustriales","inLanguage":"es-AR","publisher":{"@id":"https:\/\/loboproduccionesaudiovisuales.ar\/#organization"}}]},"og:locale":"es_ES","og:site_name":"LOBO PRODUCCIONES AUDIOVISUALES - Sitio digital de noticias agroindustriales","og:type":"article","og:title":"A los ruralistas no les gusta la imposici\u00f3n de la trazabilidad - LOBO PRODUCCIONES AUDIOVISUALES","og:description":"La Federaci\u00f3n de Asociaciones Rurales de Entre R\u00edos manifest\u00f3 su \u201cabsoluto rechazo al nuevo sistema de trazabilidad individual de car\u00e1cter obligatorio que se pretende imponer desde el gobierno nacional\u201c. \u201cEste paso que se intenta dar no conlleva mejora alguna sobre el actual sistema de trazabilidad que ya se aplica en la Argentina y no","og:url":"https:\/\/loboproduccionesaudiovisuales.ar\/?p=15069","og:image":"https:\/\/loboproduccionesaudiovisuales.ar\/wp-content\/uploads\/2023\/07\/LPA-web.jpg","og:image:secure_url":"https:\/\/loboproduccionesaudiovisuales.ar\/wp-content\/uploads\/2023\/07\/LPA-web.jpg","article:published_time":"2024-08-26T19:55:16+00:00","article:modified_time":"2024-08-26T19:56:08+00:00","twitter:card":"summary_large_image","twitter:title":"A los ruralistas no les gusta la imposici\u00f3n de la trazabilidad - LOBO PRODUCCIONES AUDIOVISUALES","twitter:description":"La Federaci\u00f3n de Asociaciones Rurales de Entre R\u00edos manifest\u00f3 su \u201cabsoluto rechazo al nuevo sistema de trazabilidad individual de car\u00e1cter obligatorio que se pretende imponer desde el gobierno nacional\u201c. \u201cEste paso que se intenta dar no conlleva mejora alguna sobre el actual sistema de trazabilidad que ya se aplica en la Argentina y no","twitter:image":"https:\/\/loboproduccionesaudiovisuales.ar\/wp-content\/uploads\/2023\/07\/LPA-web.jpg"},"aioseo_meta_data":{"post_id":"15069","title":null,"description":null,"keywords":null,"keyphrases":{"focus":{"keyphrase":"","score":0,"analysis":{"keyphraseInTitle":{"score":0,"maxScore":9,"error":1}}},"additional":[]},"primary_term":null,"canonical_url":null,"og_title":null,"og_description":null,"og_object_type":"default","og_image_type":"default","og_image_url":null,"og_image_width":null,"og_image_height":null,"og_image_custom_url":null,"og_image_custom_fields":null,"og_video":"","og_custom_url":null,"og_article_section":null,"og_article_tags":null,"twitter_use_og":false,"twitter_card":"default","twitter_image_type":"default","twitter_image_url":null,"twitter_image_custom_url":null,"twitter_image_custom_fields":null,"twitter_title":null,"twitter_description":null,"schema":{"blockGraphs":[],"customGraphs":[],"default":{"data":{"Article":[],"Course":[],"Dataset":[],"FAQPage":[],"Movie":[],"Person":[],"Product":[],"ProductReview":[],"Car":[],"Recipe":[],"Service":[],"SoftwareApplication":[],"WebPage":[]},"graphName":"BlogPosting","isEnabled":true},"graphs":[]},"schema_type":"default","schema_type_options":null,"pillar_content":false,"robots_default":true,"robots_noindex":false,"robots_noarchive":false,"robots_nosnippet":false,"robots_nofollow":false,"robots_noimageindex":false,"robots_noodp":false,"robots_notranslate":false,"robots_max_snippet":"-1","robots_max_videopreview":"-1","robots_max_imagepreview":"large","priority":null,"frequency":"default","local_seo":null,"breadcrumb_settings":null,"limit_modified_date":false,"ai":null,"created":"2024-08-26 19:55:16","updated":"2025-06-05 00:25:23","seo_analyzer_scan_date":null,"focus_keyword":null,"additional_keywords":null,"truseo_locale":null},"aioseo_breadcrumb":"<div class=\"aioseo-breadcrumbs\"><span class=\"aioseo-breadcrumb\">\n\t\t\t<a href=\"https:\/\/loboproduccionesaudiovisuales.ar\" title=\"Home\">Home<\/a>\n\t\t<\/span><span class=\"aioseo-breadcrumb-separator\">&raquo;<\/span><span class=\"aioseo-breadcrumb\">\n\t\t\t<a href=\"https:\/\/loboproduccionesaudiovisuales.ar\/?cat=1\" title=\"Blog\">Blog<\/a>\n\t\t<\/span><span class=\"aioseo-breadcrumb-separator\">&raquo;<\/span><span class=\"aioseo-breadcrumb\">\n\t\t\tA los ruralistas no les gusta la imposici\u00f3n de la trazabilidad\n\t\t<\/span><\/div>","aioseo_breadcrumb_json":[{"label":"Home","link":"https:\/\/loboproduccionesaudiovisuales.ar"},{"label":"Blog","link":"https:\/\/loboproduccionesaudiovisuales.ar\/?cat=1"},{"label":"A los ruralistas no les gusta la imposici\u00f3n de la trazabilidad","link":"https:\/\/loboproduccionesaudiovisuales.ar\/?p=15069"}],"_links":{"self":[{"href":"https:\/\/loboproduccionesaudiovisuales.ar\/index.php?rest_route=\/wp\/v2\/posts\/15069","targetHints":{"allow":["GET"]}}],"collection":[{"href":"https:\/\/loboproduccionesaudiovisuales.ar\/index.php?rest_route=\/wp\/v2\/posts"}],"about":[{"href":"https:\/\/loboproduccionesaudiovisuales.ar\/index.php?rest_route=\/wp\/v2\/types\/post"}],"author":[{"embeddable":true,"href":"https:\/\/loboproduccionesaudiovisuales.ar\/index.php?rest_route=\/wp\/v2\/users\/3"}],"replies":[{"embeddable":true,"href":"https:\/\/loboproduccionesaudiovisuales.ar\/index.php?rest_route=%2Fwp%2Fv2%2Fcomments&post=15069"}],"version-history":[{"count":2,"href":"https:\/\/loboproduccionesaudiovisuales.ar\/index.php?rest_route=\/wp\/v2\/posts\/15069\/revisions"}],"predecessor-version":[{"id":15072,"href":"https:\/\/loboproduccionesaudiovisuales.ar\/index.php?rest_route=\/wp\/v2\/posts\/15069\/revisions\/15072"}],"wp:featuredmedia":[{"embeddable":true,"href":"https:\/\/loboproduccionesaudiovisuales.ar\/index.php?rest_route=\/wp\/v2\/media\/15070"}],"wp:attachment":[{"href":"https:\/\/loboproduccionesaudiovisuales.ar\/index.php?rest_route=%2Fwp%2Fv2%2Fmedia&parent=15069"}],"wp:term":[{"taxonomy":"category","embeddable":true,"href":"https:\/\/loboproduccionesaudiovisuales.ar\/index.php?rest_route=%2Fwp%2Fv2%2Fcategories&post=15069"},{"taxonomy":"post_tag","embeddable":true,"href":"https:\/\/loboproduccionesaudiovisuales.ar\/index.php?rest_route=%2Fwp%2Fv2%2Ftags&post=15069"}],"curies":[{"name":"wp","href":"https:\/\/api.w.org\/{rel}","templated":true}]}}