{"id":14343,"date":"2024-07-22T10:02:12","date_gmt":"2024-07-22T13:02:12","guid":{"rendered":"https:\/\/loboproduccionesaudiovisuales.ar\/?p=14343"},"modified":"2024-07-22T11:05:18","modified_gmt":"2024-07-22T14:05:18","slug":"valle-maria-celebro-su-146o-aniversario","status":"publish","type":"post","link":"https:\/\/loboproduccionesaudiovisuales.ar\/?p=14343","title":{"rendered":"Valle Mar\u00eda celebr\u00f3 su 146\u00ba Aniversario"},"content":{"rendered":"<p><strong>El presidente municipal, Mario Sokolovsky, destac\u00f3 la participaci\u00f3n de los vecinos. \u201cEstamos muy conformes con la convocatoria\u201d, dijo.<\/strong><\/p>\n<p>&nbsp;<\/p>\n<p>Del viernes al domingo, Valle Mar\u00eda tuvo una importante agenda de actividades que concentr\u00f3 la atenci\u00f3n de la regi\u00f3n.<\/p>\n<p>El viernes, el municipio inaugur\u00f3 la Casa de la Cultura Morada del Volga. \u201cPara nosotros es muy importante la inversi\u00f3n que hicimos, con fondos municipales, poniendo en valor una casa centenaria por donde pasaron las familias D\u00e4nning-Obholz, Becker-Gassmann y Unrein-Gassmann\u201d, dijo el intendente.<\/p>\n<p>Sokolovsky explic\u00f3 que se trat\u00f3 de un trabajo minucioso donde se restauraron cielorrasos, pisos y las aberturas de madera originales de la casa. \u201cEstamos agradecidos tambi\u00e9n por la buena voluntad de Mariana Alicia Unrein, descendiente de los \u00faltimos moradores y propietaria, por lo cual llegamos a un canje por otra propiedad que nos permiti\u00f3 poner en valor la edificaci\u00f3n\u201d, destac\u00f3.<\/p>\n<p>Adem\u00e1s, se coloc\u00f3 un nuevo techo y se realiz\u00f3 una galer\u00eda. Tambi\u00e9n se realizaron tareas de revoque completo, trabajos de perimetrado y patio, colocaci\u00f3n de luminarias y se equip\u00f3 con muebles y tecnolog\u00eda la sala de la Biblioteca Nicol\u00e1s Dening y la Fototeca denominada Jos\u00e9 Dening.<\/p>\n<p>El s\u00e1bado, el desfile tradicional por las calles congreg\u00f3 a vecinos y visitantes de diversos lugares de la regi\u00f3n y el pa\u00eds, que se sumaron a los festejos. Por la noche, se realiz\u00f3 una pe\u00f1a gratuita en el Polideportivo. \u201cQueremos conservar esta tradici\u00f3n que honra la cultura de nuestros abuelos, y nos enorgullece que nos visiten y se contagien de nuestra alegr\u00eda, donde mostramos nuestra forma de ser, nuestra comida y nuestras tradiciones\u201d, reflexion\u00f3 el presidente municipal.<\/p>\n<p>El domingo se realiz\u00f3 el almuerzo y baile en el sal\u00f3n de la Uni\u00f3n de Alemanes Libres y sus Descendientes, que tambi\u00e9n recibi\u00f3 visitantes de la regi\u00f3n. Sokolovsky agradeci\u00f3 a todos los que se sumaron a los festejos y a quienes hicieron posible su realizaci\u00f3n. \u201cTengo que mencionar a todas las autoridades que participaron, provinciales, municipales, de municipios vecinos, y fundamentalmente a los trabajadores municipales que hacen todos los a\u00f1os el esfuerzo para brindar lo mejor de s\u00ed. Adem\u00e1s, todas las instituciones que siempre se involucran en la organizaci\u00f3n y los vecinos y visitantes que brindan el marco para esta fiesta en memoria de quienes nos precedieron\u201d, mencion\u00f3.<\/p>\n<p><img loading=\"lazy\" decoding=\"async\" class=\"alignnone size-medium wp-image-14346\" src=\"https:\/\/loboproduccionesaudiovisuales.ar\/wp-content\/uploads\/2024\/07\/desfile-DSC_8288-300x200.jpg\" alt=\"\" width=\"300\" height=\"200\" srcset=\"https:\/\/loboproduccionesaudiovisuales.ar\/wp-content\/uploads\/2024\/07\/desfile-DSC_8288-300x200.jpg 300w, https:\/\/loboproduccionesaudiovisuales.ar\/wp-content\/uploads\/2024\/07\/desfile-DSC_8288-1024x683.jpg 1024w, https:\/\/loboproduccionesaudiovisuales.ar\/wp-content\/uploads\/2024\/07\/desfile-DSC_8288-768x512.jpg 768w, https:\/\/loboproduccionesaudiovisuales.ar\/wp-content\/uploads\/2024\/07\/desfile-DSC_8288-1536x1024.jpg 1536w, https:\/\/loboproduccionesaudiovisuales.ar\/wp-content\/uploads\/2024\/07\/desfile-DSC_8288-2048x1365.jpg 2048w\" sizes=\"auto, (max-width: 300px) 100vw, 300px\" \/><\/p>\n<p><strong>Origen<\/strong><\/p>\n<p>Despu\u00e9s de arribar al Puerto de Diamante y ubicarse en la Chacra 100, a escasos kil\u00f3metros de la planta urbana, el 21 de julio de 1878 se estableci\u00f3 como fecha fundacional de la localidad y cuatro aldeas m\u00e1s: Aldea Salto, Aldea Spatzenkutter, Aldea Protestante y Aldea San Francisco.<\/p>\n","protected":false},"excerpt":{"rendered":"<p>El presidente municipal, Mario Sokolovsky, destac\u00f3 la participaci\u00f3n de los vecinos. \u201cEstamos muy conformes con la convocatoria\u201d, dijo. &nbsp; Del&hellip;<\/p>\n","protected":false},"author":3,"featured_media":14345,"comment_status":"open","ping_status":"open","sticky":false,"template":"","format":"standard","meta":{"footnotes":""},"categories":[5,128,113,167],"tags":[161],"class_list":["post-14343","post","type-post","status-publish","format-standard","has-post-thumbnail","hentry","category-actualidad","category-entre-rios","category-region","category-turismo","tag-valle-maria"],"aioseo_notices":[],"aioseo_head":"\n\t\t<!-- All in One SEO 5.0.1.1 - aioseo.com -->\n\t<meta name=\"description\" content=\"El presidente municipal, Mario Sokolovsky, destac\u00f3 la participaci\u00f3n de los vecinos. \u201cEstamos muy conformes con la convocatoria\u201d, dijo. Del viernes al domingo, Valle Mar\u00eda tuvo una importante agenda de actividades que concentr\u00f3 la atenci\u00f3n de la regi\u00f3n. El viernes, el municipio inaugur\u00f3 la Casa de la Cultura Morada del Volga. \u201cPara nosotros es muy\" \/>\n\t<meta name=\"robots\" content=\"max-image-preview:large\" \/>\n\t<meta name=\"author\" content=\"Gustavo Werner\"\/>\n\t<link rel=\"canonical\" href=\"https:\/\/loboproduccionesaudiovisuales.ar\/?p=14343\" \/>\n\t<meta name=\"generator\" content=\"All in One SEO (AIOSEO) 5.0.1.1\" \/>\n\t\t<meta property=\"og:locale\" content=\"es_ES\" \/>\n\t\t<meta property=\"og:site_name\" content=\"LOBO PRODUCCIONES AUDIOVISUALES - Sitio digital de noticias agroindustriales\" \/>\n\t\t<meta property=\"og:type\" content=\"article\" \/>\n\t\t<meta property=\"og:title\" content=\"Valle Mar\u00eda celebr\u00f3 su 146\u00ba Aniversario - LOBO PRODUCCIONES AUDIOVISUALES\" \/>\n\t\t<meta property=\"og:description\" content=\"El presidente municipal, Mario Sokolovsky, destac\u00f3 la participaci\u00f3n de los vecinos. \u201cEstamos muy conformes con la convocatoria\u201d, dijo. Del viernes al domingo, Valle Mar\u00eda tuvo una importante agenda de actividades que concentr\u00f3 la atenci\u00f3n de la regi\u00f3n. El viernes, el municipio inaugur\u00f3 la Casa de la Cultura Morada del Volga. \u201cPara nosotros es muy\" \/>\n\t\t<meta property=\"og:url\" content=\"https:\/\/loboproduccionesaudiovisuales.ar\/?p=14343\" \/>\n\t\t<meta property=\"og:image\" content=\"https:\/\/loboproduccionesaudiovisuales.ar\/wp-content\/uploads\/2023\/07\/LPA-web.jpg\" \/>\n\t\t<meta property=\"og:image:secure_url\" content=\"https:\/\/loboproduccionesaudiovisuales.ar\/wp-content\/uploads\/2023\/07\/LPA-web.jpg\" \/>\n\t\t<meta property=\"article:published_time\" content=\"2024-07-22T13:02:12+00:00\" \/>\n\t\t<meta property=\"article:modified_time\" content=\"2024-07-22T14:05:18+00:00\" \/>\n\t\t<meta name=\"twitter:card\" content=\"summary_large_image\" \/>\n\t\t<meta name=\"twitter:title\" content=\"Valle Mar\u00eda celebr\u00f3 su 146\u00ba Aniversario - LOBO PRODUCCIONES AUDIOVISUALES\" \/>\n\t\t<meta name=\"twitter:description\" content=\"El presidente municipal, Mario Sokolovsky, destac\u00f3 la participaci\u00f3n de los vecinos. \u201cEstamos muy conformes con la convocatoria\u201d, dijo. Del viernes al domingo, Valle Mar\u00eda tuvo una importante agenda de actividades que concentr\u00f3 la atenci\u00f3n de la regi\u00f3n. El viernes, el municipio inaugur\u00f3 la Casa de la Cultura Morada del Volga. \u201cPara nosotros es muy\" \/>\n\t\t<meta name=\"twitter:image\" content=\"https:\/\/loboproduccionesaudiovisuales.ar\/wp-content\/uploads\/2023\/07\/LPA-web.jpg\" \/>\n\t\t<script type=\"application\/ld+json\" class=\"aioseo-schema\">\n\t\t\t{\"@context\":\"https:\\\/\\\/schema.org\",\"@graph\":[{\"@type\":\"BlogPosting\",\"@id\":\"https:\\\/\\\/loboproduccionesaudiovisuales.ar\\\/?p=14343#blogposting\",\"name\":\"Valle Mar\\u00eda celebr\\u00f3 su 146\\u00ba Aniversario - LOBO PRODUCCIONES AUDIOVISUALES\",\"headline\":\"Valle Mar\\u00eda celebr\\u00f3 su 146\\u00ba Aniversario\",\"author\":{\"@id\":\"https:\\\/\\\/loboproduccionesaudiovisuales.ar\\\/?author=3#author\"},\"publisher\":{\"@id\":\"https:\\\/\\\/loboproduccionesaudiovisuales.ar\\\/#organization\"},\"image\":{\"@type\":\"ImageObject\",\"url\":\"https:\\\/\\\/loboproduccionesaudiovisuales.ar\\\/wp-content\\\/uploads\\\/2024\\\/07\\\/desfile-DSC_8402-scaled.jpg\",\"width\":2560,\"height\":1707},\"datePublished\":\"2024-07-22T10:02:12-03:00\",\"dateModified\":\"2024-07-22T11:05:18-03:00\",\"inLanguage\":\"es-AR\",\"mainEntityOfPage\":{\"@id\":\"https:\\\/\\\/loboproduccionesaudiovisuales.ar\\\/?p=14343#webpage\"},\"isPartOf\":{\"@id\":\"https:\\\/\\\/loboproduccionesaudiovisuales.ar\\\/?p=14343#webpage\"},\"articleSection\":\"ACTUALIDAD, ENTRE RIOS, REGIONALES, TURISMO, Valle Mar\\u00eda\"},{\"@type\":\"BreadcrumbList\",\"@id\":\"https:\\\/\\\/loboproduccionesaudiovisuales.ar\\\/?p=14343#breadcrumblist\",\"itemListElement\":[{\"@type\":\"ListItem\",\"@id\":\"https:\\\/\\\/loboproduccionesaudiovisuales.ar#listItem\",\"position\":1,\"name\":\"Home\",\"item\":\"https:\\\/\\\/loboproduccionesaudiovisuales.ar\",\"nextItem\":{\"@type\":\"ListItem\",\"@id\":\"https:\\\/\\\/loboproduccionesaudiovisuales.ar\\\/?cat=5#listItem\",\"name\":\"ACTUALIDAD\"}},{\"@type\":\"ListItem\",\"@id\":\"https:\\\/\\\/loboproduccionesaudiovisuales.ar\\\/?cat=5#listItem\",\"position\":2,\"name\":\"ACTUALIDAD\",\"item\":\"https:\\\/\\\/loboproduccionesaudiovisuales.ar\\\/?cat=5\",\"nextItem\":{\"@type\":\"ListItem\",\"@id\":\"https:\\\/\\\/loboproduccionesaudiovisuales.ar\\\/?p=14343#listItem\",\"name\":\"Valle Mar\\u00eda celebr\\u00f3 su 146\\u00ba Aniversario\"},\"previousItem\":{\"@type\":\"ListItem\",\"@id\":\"https:\\\/\\\/loboproduccionesaudiovisuales.ar#listItem\",\"name\":\"Home\"}},{\"@type\":\"ListItem\",\"@id\":\"https:\\\/\\\/loboproduccionesaudiovisuales.ar\\\/?p=14343#listItem\",\"position\":3,\"name\":\"Valle Mar\\u00eda celebr\\u00f3 su 146\\u00ba Aniversario\",\"previousItem\":{\"@type\":\"ListItem\",\"@id\":\"https:\\\/\\\/loboproduccionesaudiovisuales.ar\\\/?cat=5#listItem\",\"name\":\"ACTUALIDAD\"}}]},{\"@type\":\"Organization\",\"@id\":\"https:\\\/\\\/loboproduccionesaudiovisuales.ar\\\/#organization\",\"name\":\"loboproduccionesaudiovisuales.ar\",\"description\":\"Sitio digital de noticias agroindustriales\",\"url\":\"https:\\\/\\\/loboproduccionesaudiovisuales.ar\\\/\",\"logo\":{\"@type\":\"ImageObject\",\"url\":\"https:\\\/\\\/loboproduccionesaudiovisuales.ar\\\/wp-content\\\/uploads\\\/2023\\\/07\\\/LPA-web.jpg\",\"@id\":\"https:\\\/\\\/loboproduccionesaudiovisuales.ar\\\/?p=14343\\\/#organizationLogo\",\"width\":500,\"height\":144},\"image\":{\"@id\":\"https:\\\/\\\/loboproduccionesaudiovisuales.ar\\\/?p=14343\\\/#organizationLogo\"}},{\"@type\":\"Person\",\"@id\":\"https:\\\/\\\/loboproduccionesaudiovisuales.ar\\\/?author=3#author\",\"url\":\"https:\\\/\\\/loboproduccionesaudiovisuales.ar\\\/?author=3\",\"name\":\"Gustavo Werner\",\"image\":{\"@type\":\"ImageObject\",\"@id\":\"https:\\\/\\\/loboproduccionesaudiovisuales.ar\\\/?p=14343#authorImage\",\"url\":\"https:\\\/\\\/loboproduccionesaudiovisuales.ar\\\/wp-content\\\/litespeed\\\/avatar\\\/de09dfb254ecca8d89a27b1f284fdb4d.jpg?ver=1788575391\",\"width\":96,\"height\":96,\"caption\":\"Gustavo Werner\"}},{\"@type\":\"WebPage\",\"@id\":\"https:\\\/\\\/loboproduccionesaudiovisuales.ar\\\/?p=14343#webpage\",\"url\":\"https:\\\/\\\/loboproduccionesaudiovisuales.ar\\\/?p=14343\",\"name\":\"Valle Mar\\u00eda celebr\\u00f3 su 146\\u00ba Aniversario - LOBO PRODUCCIONES AUDIOVISUALES\",\"description\":\"El presidente municipal, Mario Sokolovsky, destac\\u00f3 la participaci\\u00f3n de los vecinos. \\u201cEstamos muy conformes con la convocatoria\\u201d, dijo. Del viernes al domingo, Valle Mar\\u00eda tuvo una importante agenda de actividades que concentr\\u00f3 la atenci\\u00f3n de la regi\\u00f3n. El viernes, el municipio inaugur\\u00f3 la Casa de la Cultura Morada del Volga. \\u201cPara nosotros es muy\",\"inLanguage\":\"es-AR\",\"isPartOf\":{\"@id\":\"https:\\\/\\\/loboproduccionesaudiovisuales.ar\\\/#website\"},\"breadcrumb\":{\"@id\":\"https:\\\/\\\/loboproduccionesaudiovisuales.ar\\\/?p=14343#breadcrumblist\"},\"author\":{\"@id\":\"https:\\\/\\\/loboproduccionesaudiovisuales.ar\\\/?author=3#author\"},\"creator\":{\"@id\":\"https:\\\/\\\/loboproduccionesaudiovisuales.ar\\\/?author=3#author\"},\"image\":{\"@type\":\"ImageObject\",\"url\":\"https:\\\/\\\/loboproduccionesaudiovisuales.ar\\\/wp-content\\\/uploads\\\/2024\\\/07\\\/desfile-DSC_8402-scaled.jpg\",\"@id\":\"https:\\\/\\\/loboproduccionesaudiovisuales.ar\\\/?p=14343\\\/#mainImage\",\"width\":2560,\"height\":1707},\"primaryImageOfPage\":{\"@id\":\"https:\\\/\\\/loboproduccionesaudiovisuales.ar\\\/?p=14343#mainImage\"},\"datePublished\":\"2024-07-22T10:02:12-03:00\",\"dateModified\":\"2024-07-22T11:05:18-03:00\"},{\"@type\":\"WebSite\",\"@id\":\"https:\\\/\\\/loboproduccionesaudiovisuales.ar\\\/#website\",\"url\":\"https:\\\/\\\/loboproduccionesaudiovisuales.ar\\\/\",\"name\":\"loboproduccionesaudiovisuales.ar\",\"alternateName\":\"Lobo Producciones\",\"description\":\"Sitio digital de noticias agroindustriales\",\"inLanguage\":\"es-AR\",\"publisher\":{\"@id\":\"https:\\\/\\\/loboproduccionesaudiovisuales.ar\\\/#organization\"}}]}\n\t\t<\/script>\n\t\t<!-- All in One SEO -->\n\n","aioseo_head_json":{"title":"Valle Mar\u00eda celebr\u00f3 su 146\u00ba Aniversario - LOBO PRODUCCIONES AUDIOVISUALES","description":"El presidente municipal, Mario Sokolovsky, destac\u00f3 la participaci\u00f3n de los vecinos. \u201cEstamos muy conformes con la convocatoria\u201d, dijo. Del viernes al domingo, Valle Mar\u00eda tuvo una importante agenda de actividades que concentr\u00f3 la atenci\u00f3n de la regi\u00f3n. El viernes, el municipio inaugur\u00f3 la Casa de la Cultura Morada del Volga. \u201cPara nosotros es muy","canonical_url":"https:\/\/loboproduccionesaudiovisuales.ar\/?p=14343","robots":"max-image-preview:large","keywords":"","webmasterTools":{"miscellaneous":""},"schema":{"@context":"https:\/\/schema.org","@graph":[{"@type":"BlogPosting","@id":"https:\/\/loboproduccionesaudiovisuales.ar\/?p=14343#blogposting","name":"Valle Mar\u00eda celebr\u00f3 su 146\u00ba Aniversario - LOBO PRODUCCIONES AUDIOVISUALES","headline":"Valle Mar\u00eda celebr\u00f3 su 146\u00ba Aniversario","author":{"@id":"https:\/\/loboproduccionesaudiovisuales.ar\/?author=3#author"},"publisher":{"@id":"https:\/\/loboproduccionesaudiovisuales.ar\/#organization"},"image":{"@type":"ImageObject","url":"https:\/\/loboproduccionesaudiovisuales.ar\/wp-content\/uploads\/2024\/07\/desfile-DSC_8402-scaled.jpg","width":2560,"height":1707},"datePublished":"2024-07-22T10:02:12-03:00","dateModified":"2024-07-22T11:05:18-03:00","inLanguage":"es-AR","mainEntityOfPage":{"@id":"https:\/\/loboproduccionesaudiovisuales.ar\/?p=14343#webpage"},"isPartOf":{"@id":"https:\/\/loboproduccionesaudiovisuales.ar\/?p=14343#webpage"},"articleSection":"ACTUALIDAD, ENTRE RIOS, REGIONALES, TURISMO, Valle Mar\u00eda"},{"@type":"BreadcrumbList","@id":"https:\/\/loboproduccionesaudiovisuales.ar\/?p=14343#breadcrumblist","itemListElement":[{"@type":"ListItem","@id":"https:\/\/loboproduccionesaudiovisuales.ar#listItem","position":1,"name":"Home","item":"https:\/\/loboproduccionesaudiovisuales.ar","nextItem":{"@type":"ListItem","@id":"https:\/\/loboproduccionesaudiovisuales.ar\/?cat=5#listItem","name":"ACTUALIDAD"}},{"@type":"ListItem","@id":"https:\/\/loboproduccionesaudiovisuales.ar\/?cat=5#listItem","position":2,"name":"ACTUALIDAD","item":"https:\/\/loboproduccionesaudiovisuales.ar\/?cat=5","nextItem":{"@type":"ListItem","@id":"https:\/\/loboproduccionesaudiovisuales.ar\/?p=14343#listItem","name":"Valle Mar\u00eda celebr\u00f3 su 146\u00ba Aniversario"},"previousItem":{"@type":"ListItem","@id":"https:\/\/loboproduccionesaudiovisuales.ar#listItem","name":"Home"}},{"@type":"ListItem","@id":"https:\/\/loboproduccionesaudiovisuales.ar\/?p=14343#listItem","position":3,"name":"Valle Mar\u00eda celebr\u00f3 su 146\u00ba Aniversario","previousItem":{"@type":"ListItem","@id":"https:\/\/loboproduccionesaudiovisuales.ar\/?cat=5#listItem","name":"ACTUALIDAD"}}]},{"@type":"Organization","@id":"https:\/\/loboproduccionesaudiovisuales.ar\/#organization","name":"loboproduccionesaudiovisuales.ar","description":"Sitio digital de noticias agroindustriales","url":"https:\/\/loboproduccionesaudiovisuales.ar\/","logo":{"@type":"ImageObject","url":"https:\/\/loboproduccionesaudiovisuales.ar\/wp-content\/uploads\/2023\/07\/LPA-web.jpg","@id":"https:\/\/loboproduccionesaudiovisuales.ar\/?p=14343\/#organizationLogo","width":500,"height":144},"image":{"@id":"https:\/\/loboproduccionesaudiovisuales.ar\/?p=14343\/#organizationLogo"}},{"@type":"Person","@id":"https:\/\/loboproduccionesaudiovisuales.ar\/?author=3#author","url":"https:\/\/loboproduccionesaudiovisuales.ar\/?author=3","name":"Gustavo Werner","image":{"@type":"ImageObject","@id":"https:\/\/loboproduccionesaudiovisuales.ar\/?p=14343#authorImage","url":"https:\/\/loboproduccionesaudiovisuales.ar\/wp-content\/litespeed\/avatar\/de09dfb254ecca8d89a27b1f284fdb4d.jpg?ver=1788575391","width":96,"height":96,"caption":"Gustavo Werner"}},{"@type":"WebPage","@id":"https:\/\/loboproduccionesaudiovisuales.ar\/?p=14343#webpage","url":"https:\/\/loboproduccionesaudiovisuales.ar\/?p=14343","name":"Valle Mar\u00eda celebr\u00f3 su 146\u00ba Aniversario - LOBO PRODUCCIONES AUDIOVISUALES","description":"El presidente municipal, Mario Sokolovsky, destac\u00f3 la participaci\u00f3n de los vecinos. \u201cEstamos muy conformes con la convocatoria\u201d, dijo. Del viernes al domingo, Valle Mar\u00eda tuvo una importante agenda de actividades que concentr\u00f3 la atenci\u00f3n de la regi\u00f3n. El viernes, el municipio inaugur\u00f3 la Casa de la Cultura Morada del Volga. \u201cPara nosotros es muy","inLanguage":"es-AR","isPartOf":{"@id":"https:\/\/loboproduccionesaudiovisuales.ar\/#website"},"breadcrumb":{"@id":"https:\/\/loboproduccionesaudiovisuales.ar\/?p=14343#breadcrumblist"},"author":{"@id":"https:\/\/loboproduccionesaudiovisuales.ar\/?author=3#author"},"creator":{"@id":"https:\/\/loboproduccionesaudiovisuales.ar\/?author=3#author"},"image":{"@type":"ImageObject","url":"https:\/\/loboproduccionesaudiovisuales.ar\/wp-content\/uploads\/2024\/07\/desfile-DSC_8402-scaled.jpg","@id":"https:\/\/loboproduccionesaudiovisuales.ar\/?p=14343\/#mainImage","width":2560,"height":1707},"primaryImageOfPage":{"@id":"https:\/\/loboproduccionesaudiovisuales.ar\/?p=14343#mainImage"},"datePublished":"2024-07-22T10:02:12-03:00","dateModified":"2024-07-22T11:05:18-03:00"},{"@type":"WebSite","@id":"https:\/\/loboproduccionesaudiovisuales.ar\/#website","url":"https:\/\/loboproduccionesaudiovisuales.ar\/","name":"loboproduccionesaudiovisuales.ar","alternateName":"Lobo Producciones","description":"Sitio digital de noticias agroindustriales","inLanguage":"es-AR","publisher":{"@id":"https:\/\/loboproduccionesaudiovisuales.ar\/#organization"}}]},"og:locale":"es_ES","og:site_name":"LOBO PRODUCCIONES AUDIOVISUALES - Sitio digital de noticias agroindustriales","og:type":"article","og:title":"Valle Mar\u00eda celebr\u00f3 su 146\u00ba Aniversario - LOBO PRODUCCIONES AUDIOVISUALES","og:description":"El presidente municipal, Mario Sokolovsky, destac\u00f3 la participaci\u00f3n de los vecinos. \u201cEstamos muy conformes con la convocatoria\u201d, dijo. Del viernes al domingo, Valle Mar\u00eda tuvo una importante agenda de actividades que concentr\u00f3 la atenci\u00f3n de la regi\u00f3n. El viernes, el municipio inaugur\u00f3 la Casa de la Cultura Morada del Volga. \u201cPara nosotros es muy","og:url":"https:\/\/loboproduccionesaudiovisuales.ar\/?p=14343","og:image":"https:\/\/loboproduccionesaudiovisuales.ar\/wp-content\/uploads\/2023\/07\/LPA-web.jpg","og:image:secure_url":"https:\/\/loboproduccionesaudiovisuales.ar\/wp-content\/uploads\/2023\/07\/LPA-web.jpg","article:published_time":"2024-07-22T13:02:12+00:00","article:modified_time":"2024-07-22T14:05:18+00:00","twitter:card":"summary_large_image","twitter:title":"Valle Mar\u00eda celebr\u00f3 su 146\u00ba Aniversario - LOBO PRODUCCIONES AUDIOVISUALES","twitter:description":"El presidente municipal, Mario Sokolovsky, destac\u00f3 la participaci\u00f3n de los vecinos. \u201cEstamos muy conformes con la convocatoria\u201d, dijo. Del viernes al domingo, Valle Mar\u00eda tuvo una importante agenda de actividades que concentr\u00f3 la atenci\u00f3n de la regi\u00f3n. El viernes, el municipio inaugur\u00f3 la Casa de la Cultura Morada del Volga. \u201cPara nosotros es muy","twitter:image":"https:\/\/loboproduccionesaudiovisuales.ar\/wp-content\/uploads\/2023\/07\/LPA-web.jpg"},"aioseo_meta_data":{"post_id":"14343","title":null,"description":null,"keywords":null,"keyphrases":{"focus":{"keyphrase":"","score":0,"analysis":{"keyphraseInTitle":{"score":0,"maxScore":9,"error":1}}},"additional":[]},"primary_term":null,"canonical_url":null,"og_title":null,"og_description":null,"og_object_type":"default","og_image_type":"default","og_image_url":null,"og_image_width":null,"og_image_height":null,"og_image_custom_url":null,"og_image_custom_fields":null,"og_video":"","og_custom_url":null,"og_article_section":null,"og_article_tags":null,"twitter_use_og":false,"twitter_card":"default","twitter_image_type":"default","twitter_image_url":null,"twitter_image_custom_url":null,"twitter_image_custom_fields":null,"twitter_title":null,"twitter_description":null,"schema":{"blockGraphs":[],"customGraphs":[],"default":{"data":{"Article":[],"Course":[],"Dataset":[],"FAQPage":[],"Movie":[],"Person":[],"Product":[],"ProductReview":[],"Car":[],"Recipe":[],"Service":[],"SoftwareApplication":[],"WebPage":[]},"graphName":"BlogPosting","isEnabled":true},"graphs":[]},"schema_type":"default","schema_type_options":null,"pillar_content":false,"robots_default":true,"robots_noindex":false,"robots_noarchive":false,"robots_nosnippet":false,"robots_nofollow":false,"robots_noimageindex":false,"robots_noodp":false,"robots_notranslate":false,"robots_max_snippet":"-1","robots_max_videopreview":"-1","robots_max_imagepreview":"large","priority":null,"frequency":"default","local_seo":null,"breadcrumb_settings":null,"limit_modified_date":false,"ai":null,"created":"2024-07-22 14:05:18","updated":"2025-06-05 00:12:28","seo_analyzer_scan_date":null,"focus_keyword":null,"additional_keywords":null,"truseo_locale":null},"aioseo_breadcrumb":"<div class=\"aioseo-breadcrumbs\"><span class=\"aioseo-breadcrumb\">\n\t\t\t<a href=\"https:\/\/loboproduccionesaudiovisuales.ar\" title=\"Home\">Home<\/a>\n\t\t<\/span><span class=\"aioseo-breadcrumb-separator\">&raquo;<\/span><span class=\"aioseo-breadcrumb\">\n\t\t\t<a href=\"https:\/\/loboproduccionesaudiovisuales.ar\/?cat=5\" title=\"ACTUALIDAD\">ACTUALIDAD<\/a>\n\t\t<\/span><span class=\"aioseo-breadcrumb-separator\">&raquo;<\/span><span class=\"aioseo-breadcrumb\">\n\t\t\tValle Mar\u00eda celebr\u00f3 su 146\u00ba Aniversario\n\t\t<\/span><\/div>","aioseo_breadcrumb_json":[{"label":"Home","link":"https:\/\/loboproduccionesaudiovisuales.ar"},{"label":"ACTUALIDAD","link":"https:\/\/loboproduccionesaudiovisuales.ar\/?cat=5"},{"label":"Valle Mar\u00eda celebr\u00f3 su 146\u00ba Aniversario","link":"https:\/\/loboproduccionesaudiovisuales.ar\/?p=14343"}],"_links":{"self":[{"href":"https:\/\/loboproduccionesaudiovisuales.ar\/index.php?rest_route=\/wp\/v2\/posts\/14343","targetHints":{"allow":["GET"]}}],"collection":[{"href":"https:\/\/loboproduccionesaudiovisuales.ar\/index.php?rest_route=\/wp\/v2\/posts"}],"about":[{"href":"https:\/\/loboproduccionesaudiovisuales.ar\/index.php?rest_route=\/wp\/v2\/types\/post"}],"author":[{"embeddable":true,"href":"https:\/\/loboproduccionesaudiovisuales.ar\/index.php?rest_route=\/wp\/v2\/users\/3"}],"replies":[{"embeddable":true,"href":"https:\/\/loboproduccionesaudiovisuales.ar\/index.php?rest_route=%2Fwp%2Fv2%2Fcomments&post=14343"}],"version-history":[{"count":1,"href":"https:\/\/loboproduccionesaudiovisuales.ar\/index.php?rest_route=\/wp\/v2\/posts\/14343\/revisions"}],"predecessor-version":[{"id":14347,"href":"https:\/\/loboproduccionesaudiovisuales.ar\/index.php?rest_route=\/wp\/v2\/posts\/14343\/revisions\/14347"}],"wp:featuredmedia":[{"embeddable":true,"href":"https:\/\/loboproduccionesaudiovisuales.ar\/index.php?rest_route=\/wp\/v2\/media\/14345"}],"wp:attachment":[{"href":"https:\/\/loboproduccionesaudiovisuales.ar\/index.php?rest_route=%2Fwp%2Fv2%2Fmedia&parent=14343"}],"wp:term":[{"taxonomy":"category","embeddable":true,"href":"https:\/\/loboproduccionesaudiovisuales.ar\/index.php?rest_route=%2Fwp%2Fv2%2Fcategories&post=14343"},{"taxonomy":"post_tag","embeddable":true,"href":"https:\/\/loboproduccionesaudiovisuales.ar\/index.php?rest_route=%2Fwp%2Fv2%2Ftags&post=14343"}],"curies":[{"name":"wp","href":"https:\/\/api.w.org\/{rel}","templated":true}]}}