{"id":14325,"date":"2024-07-22T09:51:35","date_gmt":"2024-07-22T12:51:35","guid":{"rendered":"https:\/\/loboproduccionesaudiovisuales.ar\/?p=14325"},"modified":"2024-07-22T09:51:35","modified_gmt":"2024-07-22T12:51:35","slug":"frigerio-visito-la-exposicion-rural-de-palermo-que-reune-a-44-empresas-entrerrianas","status":"publish","type":"post","link":"https:\/\/loboproduccionesaudiovisuales.ar\/?p=14325","title":{"rendered":"Frigerio visit\u00f3 la Exposici\u00f3n Rural de Palermo que re\u00fane a 44 empresas entrerrianas"},"content":{"rendered":"<p><strong>Con la participaci\u00f3n de 44 empresas y m\u00e1s de 100 artistas en escena, la provincia de Entre R\u00edos marca presencia en la 136\u00ba Exposici\u00f3n Rural que se realiza en el predio ferial de Palermo.Hasta all\u00ed lleg\u00f3, este viernes, el gobernador Rogelio Frigerio.<\/strong><\/p>\n<p>&nbsp;<\/p>\n<p>Junto al ministro de Desarrollo Econ\u00f3mico, Guillermo Bernaudo, el primer mandatario entrerriano visit\u00f3 este viernes la importante muestra, que se desarrolla del 18 al 28 de julio, y all\u00ed salud\u00f3 al presidente de la Sociedad Rural, Nicol\u00e1s Pino.<\/p>\n<p>El secretario de Turismo, Jorge Satto, se sum\u00f3 a la recorrida por los stands pertenecientes a la provincia y que fueron destinados por el gobierno, sin costo alguno, para que las empresas pudieran realizar la exposici\u00f3n, degustaci\u00f3n y venta de sus productos.<\/p>\n<p>Presencia entrerriana<\/p>\n<p>La provincia despliega su diversidad productiva y cultural en la muestra agroecon\u00f3mica m\u00e1s emblem\u00e1tica del pa\u00eds. Son 44 las empresas entrerrianas que se har\u00e1n presentes, pertenecientes a los rubros alimentos, bebidas, textiles, artesan\u00edas, dise\u00f1o y arte. Habr\u00e1 adem\u00e1s, una amplia cartelera cultural, con espect\u00e1culos musicales, comparsas y comidas tradicionales.<\/p>\n<p>Bajo la organizaci\u00f3n del Ministerio de Desarrollo Econ\u00f3mico y la Secretar\u00eda de Turismo, las empresas mostrar\u00e1n sus productos en los 14 stands disponibles.<\/p>\n","protected":false},"excerpt":{"rendered":"<p>Con la participaci\u00f3n de 44 empresas y m\u00e1s de 100 artistas en escena, la provincia de Entre R\u00edos marca presencia&hellip;<\/p>\n","protected":false},"author":3,"featured_media":14326,"comment_status":"open","ping_status":"open","sticky":false,"template":"","format":"standard","meta":{"footnotes":""},"categories":[5,2,1,128,198,140],"tags":[276,363],"class_list":["post-14325","post","type-post","status-publish","format-standard","has-post-thumbnail","hentry","category-actualidad","category-agro","category-blog","category-entre-rios","category-exposiciones","category-festivales","tag-frigerio","tag-rural"],"aioseo_notices":[],"aioseo_head":"\n\t\t<!-- All in One SEO 5.0.1.1 - aioseo.com -->\n\t<meta name=\"description\" content=\"Con la participaci\u00f3n de 44 empresas y m\u00e1s de 100 artistas en escena, la provincia de Entre R\u00edos marca presencia en la 136\u00ba Exposici\u00f3n Rural que se realiza en el predio ferial de Palermo.Hasta all\u00ed lleg\u00f3, este viernes, el gobernador Rogelio Frigerio. Junto al ministro de Desarrollo Econ\u00f3mico, Guillermo Bernaudo, el primer mandatario entrerriano\" \/>\n\t<meta name=\"robots\" content=\"max-image-preview:large\" \/>\n\t<meta name=\"author\" content=\"Gustavo Werner\"\/>\n\t<link rel=\"canonical\" href=\"https:\/\/loboproduccionesaudiovisuales.ar\/?p=14325\" \/>\n\t<meta name=\"generator\" content=\"All in One SEO (AIOSEO) 5.0.1.1\" \/>\n\t\t<meta property=\"og:locale\" content=\"es_ES\" \/>\n\t\t<meta property=\"og:site_name\" content=\"LOBO PRODUCCIONES AUDIOVISUALES - Sitio digital de noticias agroindustriales\" \/>\n\t\t<meta property=\"og:type\" content=\"article\" \/>\n\t\t<meta property=\"og:title\" content=\"Frigerio visit\u00f3 la Exposici\u00f3n Rural de Palermo que re\u00fane a 44 empresas entrerrianas - LOBO PRODUCCIONES AUDIOVISUALES\" \/>\n\t\t<meta property=\"og:description\" content=\"Con la participaci\u00f3n de 44 empresas y m\u00e1s de 100 artistas en escena, la provincia de Entre R\u00edos marca presencia en la 136\u00ba Exposici\u00f3n Rural que se realiza en el predio ferial de Palermo.Hasta all\u00ed lleg\u00f3, este viernes, el gobernador Rogelio Frigerio. Junto al ministro de Desarrollo Econ\u00f3mico, Guillermo Bernaudo, el primer mandatario entrerriano\" \/>\n\t\t<meta property=\"og:url\" content=\"https:\/\/loboproduccionesaudiovisuales.ar\/?p=14325\" \/>\n\t\t<meta property=\"og:image\" content=\"https:\/\/loboproduccionesaudiovisuales.ar\/wp-content\/uploads\/2023\/07\/LPA-web.jpg\" \/>\n\t\t<meta property=\"og:image:secure_url\" content=\"https:\/\/loboproduccionesaudiovisuales.ar\/wp-content\/uploads\/2023\/07\/LPA-web.jpg\" \/>\n\t\t<meta property=\"article:published_time\" content=\"2024-07-22T12:51:35+00:00\" \/>\n\t\t<meta property=\"article:modified_time\" content=\"2024-07-22T12:51:35+00:00\" \/>\n\t\t<meta name=\"twitter:card\" content=\"summary_large_image\" \/>\n\t\t<meta name=\"twitter:title\" content=\"Frigerio visit\u00f3 la Exposici\u00f3n Rural de Palermo que re\u00fane a 44 empresas entrerrianas - LOBO PRODUCCIONES AUDIOVISUALES\" \/>\n\t\t<meta name=\"twitter:description\" content=\"Con la participaci\u00f3n de 44 empresas y m\u00e1s de 100 artistas en escena, la provincia de Entre R\u00edos marca presencia en la 136\u00ba Exposici\u00f3n Rural que se realiza en el predio ferial de Palermo.Hasta all\u00ed lleg\u00f3, este viernes, el gobernador Rogelio Frigerio. Junto al ministro de Desarrollo Econ\u00f3mico, Guillermo Bernaudo, el primer mandatario entrerriano\" \/>\n\t\t<meta name=\"twitter:image\" content=\"https:\/\/loboproduccionesaudiovisuales.ar\/wp-content\/uploads\/2023\/07\/LPA-web.jpg\" \/>\n\t\t<script type=\"application\/ld+json\" class=\"aioseo-schema\">\n\t\t\t{\"@context\":\"https:\\\/\\\/schema.org\",\"@graph\":[{\"@type\":\"BlogPosting\",\"@id\":\"https:\\\/\\\/loboproduccionesaudiovisuales.ar\\\/?p=14325#blogposting\",\"name\":\"Frigerio visit\\u00f3 la Exposici\\u00f3n Rural de Palermo que re\\u00fane a 44 empresas entrerrianas - LOBO PRODUCCIONES AUDIOVISUALES\",\"headline\":\"Frigerio visit\\u00f3 la Exposici\\u00f3n Rural de Palermo que re\\u00fane a 44 empresas entrerrianas\",\"author\":{\"@id\":\"https:\\\/\\\/loboproduccionesaudiovisuales.ar\\\/?author=3#author\"},\"publisher\":{\"@id\":\"https:\\\/\\\/loboproduccionesaudiovisuales.ar\\\/#organization\"},\"image\":{\"@type\":\"ImageObject\",\"url\":\"https:\\\/\\\/loboproduccionesaudiovisuales.ar\\\/wp-content\\\/uploads\\\/2024\\\/07\\\/451874706_26206635852284340_1777634787609471564_n.jpg\",\"width\":843,\"height\":529},\"datePublished\":\"2024-07-22T09:51:35-03:00\",\"dateModified\":\"2024-07-22T09:51:35-03:00\",\"inLanguage\":\"es-AR\",\"mainEntityOfPage\":{\"@id\":\"https:\\\/\\\/loboproduccionesaudiovisuales.ar\\\/?p=14325#webpage\"},\"isPartOf\":{\"@id\":\"https:\\\/\\\/loboproduccionesaudiovisuales.ar\\\/?p=14325#webpage\"},\"articleSection\":\"ACTUALIDAD, AGRO, Blog, ENTRE RIOS, EXPOSICIONES, FESTIVALES, Frigerio, Rural\"},{\"@type\":\"BreadcrumbList\",\"@id\":\"https:\\\/\\\/loboproduccionesaudiovisuales.ar\\\/?p=14325#breadcrumblist\",\"itemListElement\":[{\"@type\":\"ListItem\",\"@id\":\"https:\\\/\\\/loboproduccionesaudiovisuales.ar#listItem\",\"position\":1,\"name\":\"Home\",\"item\":\"https:\\\/\\\/loboproduccionesaudiovisuales.ar\",\"nextItem\":{\"@type\":\"ListItem\",\"@id\":\"https:\\\/\\\/loboproduccionesaudiovisuales.ar\\\/?cat=1#listItem\",\"name\":\"Blog\"}},{\"@type\":\"ListItem\",\"@id\":\"https:\\\/\\\/loboproduccionesaudiovisuales.ar\\\/?cat=1#listItem\",\"position\":2,\"name\":\"Blog\",\"item\":\"https:\\\/\\\/loboproduccionesaudiovisuales.ar\\\/?cat=1\",\"nextItem\":{\"@type\":\"ListItem\",\"@id\":\"https:\\\/\\\/loboproduccionesaudiovisuales.ar\\\/?p=14325#listItem\",\"name\":\"Frigerio visit\\u00f3 la Exposici\\u00f3n Rural de Palermo que re\\u00fane a 44 empresas entrerrianas\"},\"previousItem\":{\"@type\":\"ListItem\",\"@id\":\"https:\\\/\\\/loboproduccionesaudiovisuales.ar#listItem\",\"name\":\"Home\"}},{\"@type\":\"ListItem\",\"@id\":\"https:\\\/\\\/loboproduccionesaudiovisuales.ar\\\/?p=14325#listItem\",\"position\":3,\"name\":\"Frigerio visit\\u00f3 la Exposici\\u00f3n Rural de Palermo que re\\u00fane a 44 empresas entrerrianas\",\"previousItem\":{\"@type\":\"ListItem\",\"@id\":\"https:\\\/\\\/loboproduccionesaudiovisuales.ar\\\/?cat=1#listItem\",\"name\":\"Blog\"}}]},{\"@type\":\"Organization\",\"@id\":\"https:\\\/\\\/loboproduccionesaudiovisuales.ar\\\/#organization\",\"name\":\"loboproduccionesaudiovisuales.ar\",\"description\":\"Sitio digital de noticias agroindustriales\",\"url\":\"https:\\\/\\\/loboproduccionesaudiovisuales.ar\\\/\",\"logo\":{\"@type\":\"ImageObject\",\"url\":\"https:\\\/\\\/loboproduccionesaudiovisuales.ar\\\/wp-content\\\/uploads\\\/2023\\\/07\\\/LPA-web.jpg\",\"@id\":\"https:\\\/\\\/loboproduccionesaudiovisuales.ar\\\/?p=14325\\\/#organizationLogo\",\"width\":500,\"height\":144},\"image\":{\"@id\":\"https:\\\/\\\/loboproduccionesaudiovisuales.ar\\\/?p=14325\\\/#organizationLogo\"}},{\"@type\":\"Person\",\"@id\":\"https:\\\/\\\/loboproduccionesaudiovisuales.ar\\\/?author=3#author\",\"url\":\"https:\\\/\\\/loboproduccionesaudiovisuales.ar\\\/?author=3\",\"name\":\"Gustavo Werner\",\"image\":{\"@type\":\"ImageObject\",\"@id\":\"https:\\\/\\\/loboproduccionesaudiovisuales.ar\\\/?p=14325#authorImage\",\"url\":\"https:\\\/\\\/loboproduccionesaudiovisuales.ar\\\/wp-content\\\/litespeed\\\/avatar\\\/de09dfb254ecca8d89a27b1f284fdb4d.jpg?ver=1788575391\",\"width\":96,\"height\":96,\"caption\":\"Gustavo Werner\"}},{\"@type\":\"WebPage\",\"@id\":\"https:\\\/\\\/loboproduccionesaudiovisuales.ar\\\/?p=14325#webpage\",\"url\":\"https:\\\/\\\/loboproduccionesaudiovisuales.ar\\\/?p=14325\",\"name\":\"Frigerio visit\\u00f3 la Exposici\\u00f3n Rural de Palermo que re\\u00fane a 44 empresas entrerrianas - LOBO PRODUCCIONES AUDIOVISUALES\",\"description\":\"Con la participaci\\u00f3n de 44 empresas y m\\u00e1s de 100 artistas en escena, la provincia de Entre R\\u00edos marca presencia en la 136\\u00ba Exposici\\u00f3n Rural que se realiza en el predio ferial de Palermo.Hasta all\\u00ed lleg\\u00f3, este viernes, el gobernador Rogelio Frigerio. Junto al ministro de Desarrollo Econ\\u00f3mico, Guillermo Bernaudo, el primer mandatario entrerriano\",\"inLanguage\":\"es-AR\",\"isPartOf\":{\"@id\":\"https:\\\/\\\/loboproduccionesaudiovisuales.ar\\\/#website\"},\"breadcrumb\":{\"@id\":\"https:\\\/\\\/loboproduccionesaudiovisuales.ar\\\/?p=14325#breadcrumblist\"},\"author\":{\"@id\":\"https:\\\/\\\/loboproduccionesaudiovisuales.ar\\\/?author=3#author\"},\"creator\":{\"@id\":\"https:\\\/\\\/loboproduccionesaudiovisuales.ar\\\/?author=3#author\"},\"image\":{\"@type\":\"ImageObject\",\"url\":\"https:\\\/\\\/loboproduccionesaudiovisuales.ar\\\/wp-content\\\/uploads\\\/2024\\\/07\\\/451874706_26206635852284340_1777634787609471564_n.jpg\",\"@id\":\"https:\\\/\\\/loboproduccionesaudiovisuales.ar\\\/?p=14325\\\/#mainImage\",\"width\":843,\"height\":529},\"primaryImageOfPage\":{\"@id\":\"https:\\\/\\\/loboproduccionesaudiovisuales.ar\\\/?p=14325#mainImage\"},\"datePublished\":\"2024-07-22T09:51:35-03:00\",\"dateModified\":\"2024-07-22T09:51:35-03:00\"},{\"@type\":\"WebSite\",\"@id\":\"https:\\\/\\\/loboproduccionesaudiovisuales.ar\\\/#website\",\"url\":\"https:\\\/\\\/loboproduccionesaudiovisuales.ar\\\/\",\"name\":\"loboproduccionesaudiovisuales.ar\",\"alternateName\":\"Lobo Producciones\",\"description\":\"Sitio digital de noticias agroindustriales\",\"inLanguage\":\"es-AR\",\"publisher\":{\"@id\":\"https:\\\/\\\/loboproduccionesaudiovisuales.ar\\\/#organization\"}}]}\n\t\t<\/script>\n\t\t<!-- All in One SEO -->\n\n","aioseo_head_json":{"title":"Frigerio visit\u00f3 la Exposici\u00f3n Rural de Palermo que re\u00fane a 44 empresas entrerrianas - LOBO PRODUCCIONES AUDIOVISUALES","description":"Con la participaci\u00f3n de 44 empresas y m\u00e1s de 100 artistas en escena, la provincia de Entre R\u00edos marca presencia en la 136\u00ba Exposici\u00f3n Rural que se realiza en el predio ferial de Palermo.Hasta all\u00ed lleg\u00f3, este viernes, el gobernador Rogelio Frigerio. Junto al ministro de Desarrollo Econ\u00f3mico, Guillermo Bernaudo, el primer mandatario entrerriano","canonical_url":"https:\/\/loboproduccionesaudiovisuales.ar\/?p=14325","robots":"max-image-preview:large","keywords":"","webmasterTools":{"miscellaneous":""},"schema":{"@context":"https:\/\/schema.org","@graph":[{"@type":"BlogPosting","@id":"https:\/\/loboproduccionesaudiovisuales.ar\/?p=14325#blogposting","name":"Frigerio visit\u00f3 la Exposici\u00f3n Rural de Palermo que re\u00fane a 44 empresas entrerrianas - LOBO PRODUCCIONES AUDIOVISUALES","headline":"Frigerio visit\u00f3 la Exposici\u00f3n Rural de Palermo que re\u00fane a 44 empresas entrerrianas","author":{"@id":"https:\/\/loboproduccionesaudiovisuales.ar\/?author=3#author"},"publisher":{"@id":"https:\/\/loboproduccionesaudiovisuales.ar\/#organization"},"image":{"@type":"ImageObject","url":"https:\/\/loboproduccionesaudiovisuales.ar\/wp-content\/uploads\/2024\/07\/451874706_26206635852284340_1777634787609471564_n.jpg","width":843,"height":529},"datePublished":"2024-07-22T09:51:35-03:00","dateModified":"2024-07-22T09:51:35-03:00","inLanguage":"es-AR","mainEntityOfPage":{"@id":"https:\/\/loboproduccionesaudiovisuales.ar\/?p=14325#webpage"},"isPartOf":{"@id":"https:\/\/loboproduccionesaudiovisuales.ar\/?p=14325#webpage"},"articleSection":"ACTUALIDAD, AGRO, Blog, ENTRE RIOS, EXPOSICIONES, FESTIVALES, Frigerio, Rural"},{"@type":"BreadcrumbList","@id":"https:\/\/loboproduccionesaudiovisuales.ar\/?p=14325#breadcrumblist","itemListElement":[{"@type":"ListItem","@id":"https:\/\/loboproduccionesaudiovisuales.ar#listItem","position":1,"name":"Home","item":"https:\/\/loboproduccionesaudiovisuales.ar","nextItem":{"@type":"ListItem","@id":"https:\/\/loboproduccionesaudiovisuales.ar\/?cat=1#listItem","name":"Blog"}},{"@type":"ListItem","@id":"https:\/\/loboproduccionesaudiovisuales.ar\/?cat=1#listItem","position":2,"name":"Blog","item":"https:\/\/loboproduccionesaudiovisuales.ar\/?cat=1","nextItem":{"@type":"ListItem","@id":"https:\/\/loboproduccionesaudiovisuales.ar\/?p=14325#listItem","name":"Frigerio visit\u00f3 la Exposici\u00f3n Rural de Palermo que re\u00fane a 44 empresas entrerrianas"},"previousItem":{"@type":"ListItem","@id":"https:\/\/loboproduccionesaudiovisuales.ar#listItem","name":"Home"}},{"@type":"ListItem","@id":"https:\/\/loboproduccionesaudiovisuales.ar\/?p=14325#listItem","position":3,"name":"Frigerio visit\u00f3 la Exposici\u00f3n Rural de Palermo que re\u00fane a 44 empresas entrerrianas","previousItem":{"@type":"ListItem","@id":"https:\/\/loboproduccionesaudiovisuales.ar\/?cat=1#listItem","name":"Blog"}}]},{"@type":"Organization","@id":"https:\/\/loboproduccionesaudiovisuales.ar\/#organization","name":"loboproduccionesaudiovisuales.ar","description":"Sitio digital de noticias agroindustriales","url":"https:\/\/loboproduccionesaudiovisuales.ar\/","logo":{"@type":"ImageObject","url":"https:\/\/loboproduccionesaudiovisuales.ar\/wp-content\/uploads\/2023\/07\/LPA-web.jpg","@id":"https:\/\/loboproduccionesaudiovisuales.ar\/?p=14325\/#organizationLogo","width":500,"height":144},"image":{"@id":"https:\/\/loboproduccionesaudiovisuales.ar\/?p=14325\/#organizationLogo"}},{"@type":"Person","@id":"https:\/\/loboproduccionesaudiovisuales.ar\/?author=3#author","url":"https:\/\/loboproduccionesaudiovisuales.ar\/?author=3","name":"Gustavo Werner","image":{"@type":"ImageObject","@id":"https:\/\/loboproduccionesaudiovisuales.ar\/?p=14325#authorImage","url":"https:\/\/loboproduccionesaudiovisuales.ar\/wp-content\/litespeed\/avatar\/de09dfb254ecca8d89a27b1f284fdb4d.jpg?ver=1788575391","width":96,"height":96,"caption":"Gustavo Werner"}},{"@type":"WebPage","@id":"https:\/\/loboproduccionesaudiovisuales.ar\/?p=14325#webpage","url":"https:\/\/loboproduccionesaudiovisuales.ar\/?p=14325","name":"Frigerio visit\u00f3 la Exposici\u00f3n Rural de Palermo que re\u00fane a 44 empresas entrerrianas - LOBO PRODUCCIONES AUDIOVISUALES","description":"Con la participaci\u00f3n de 44 empresas y m\u00e1s de 100 artistas en escena, la provincia de Entre R\u00edos marca presencia en la 136\u00ba Exposici\u00f3n Rural que se realiza en el predio ferial de Palermo.Hasta all\u00ed lleg\u00f3, este viernes, el gobernador Rogelio Frigerio. Junto al ministro de Desarrollo Econ\u00f3mico, Guillermo Bernaudo, el primer mandatario entrerriano","inLanguage":"es-AR","isPartOf":{"@id":"https:\/\/loboproduccionesaudiovisuales.ar\/#website"},"breadcrumb":{"@id":"https:\/\/loboproduccionesaudiovisuales.ar\/?p=14325#breadcrumblist"},"author":{"@id":"https:\/\/loboproduccionesaudiovisuales.ar\/?author=3#author"},"creator":{"@id":"https:\/\/loboproduccionesaudiovisuales.ar\/?author=3#author"},"image":{"@type":"ImageObject","url":"https:\/\/loboproduccionesaudiovisuales.ar\/wp-content\/uploads\/2024\/07\/451874706_26206635852284340_1777634787609471564_n.jpg","@id":"https:\/\/loboproduccionesaudiovisuales.ar\/?p=14325\/#mainImage","width":843,"height":529},"primaryImageOfPage":{"@id":"https:\/\/loboproduccionesaudiovisuales.ar\/?p=14325#mainImage"},"datePublished":"2024-07-22T09:51:35-03:00","dateModified":"2024-07-22T09:51:35-03:00"},{"@type":"WebSite","@id":"https:\/\/loboproduccionesaudiovisuales.ar\/#website","url":"https:\/\/loboproduccionesaudiovisuales.ar\/","name":"loboproduccionesaudiovisuales.ar","alternateName":"Lobo Producciones","description":"Sitio digital de noticias agroindustriales","inLanguage":"es-AR","publisher":{"@id":"https:\/\/loboproduccionesaudiovisuales.ar\/#organization"}}]},"og:locale":"es_ES","og:site_name":"LOBO PRODUCCIONES AUDIOVISUALES - Sitio digital de noticias agroindustriales","og:type":"article","og:title":"Frigerio visit\u00f3 la Exposici\u00f3n Rural de Palermo que re\u00fane a 44 empresas entrerrianas - LOBO PRODUCCIONES AUDIOVISUALES","og:description":"Con la participaci\u00f3n de 44 empresas y m\u00e1s de 100 artistas en escena, la provincia de Entre R\u00edos marca presencia en la 136\u00ba Exposici\u00f3n Rural que se realiza en el predio ferial de Palermo.Hasta all\u00ed lleg\u00f3, este viernes, el gobernador Rogelio Frigerio. Junto al ministro de Desarrollo Econ\u00f3mico, Guillermo Bernaudo, el primer mandatario entrerriano","og:url":"https:\/\/loboproduccionesaudiovisuales.ar\/?p=14325","og:image":"https:\/\/loboproduccionesaudiovisuales.ar\/wp-content\/uploads\/2023\/07\/LPA-web.jpg","og:image:secure_url":"https:\/\/loboproduccionesaudiovisuales.ar\/wp-content\/uploads\/2023\/07\/LPA-web.jpg","article:published_time":"2024-07-22T12:51:35+00:00","article:modified_time":"2024-07-22T12:51:35+00:00","twitter:card":"summary_large_image","twitter:title":"Frigerio visit\u00f3 la Exposici\u00f3n Rural de Palermo que re\u00fane a 44 empresas entrerrianas - LOBO PRODUCCIONES AUDIOVISUALES","twitter:description":"Con la participaci\u00f3n de 44 empresas y m\u00e1s de 100 artistas en escena, la provincia de Entre R\u00edos marca presencia en la 136\u00ba Exposici\u00f3n Rural que se realiza en el predio ferial de Palermo.Hasta all\u00ed lleg\u00f3, este viernes, el gobernador Rogelio Frigerio. Junto al ministro de Desarrollo Econ\u00f3mico, Guillermo Bernaudo, el primer mandatario entrerriano","twitter:image":"https:\/\/loboproduccionesaudiovisuales.ar\/wp-content\/uploads\/2023\/07\/LPA-web.jpg"},"aioseo_meta_data":{"post_id":"14325","title":null,"description":null,"keywords":null,"keyphrases":{"focus":{"keyphrase":"","score":0,"analysis":{"keyphraseInTitle":{"score":0,"maxScore":9,"error":1}}},"additional":[]},"primary_term":null,"canonical_url":null,"og_title":null,"og_description":null,"og_object_type":"default","og_image_type":"default","og_image_url":null,"og_image_width":null,"og_image_height":null,"og_image_custom_url":null,"og_image_custom_fields":null,"og_video":"","og_custom_url":null,"og_article_section":null,"og_article_tags":null,"twitter_use_og":false,"twitter_card":"default","twitter_image_type":"default","twitter_image_url":null,"twitter_image_custom_url":null,"twitter_image_custom_fields":null,"twitter_title":null,"twitter_description":null,"schema":{"blockGraphs":[],"customGraphs":[],"default":{"data":{"Article":[],"Course":[],"Dataset":[],"FAQPage":[],"Movie":[],"Person":[],"Product":[],"ProductReview":[],"Car":[],"Recipe":[],"Service":[],"SoftwareApplication":[],"WebPage":[]},"graphName":"BlogPosting","isEnabled":true},"graphs":[]},"schema_type":"default","schema_type_options":null,"pillar_content":false,"robots_default":true,"robots_noindex":false,"robots_noarchive":false,"robots_nosnippet":false,"robots_nofollow":false,"robots_noimageindex":false,"robots_noodp":false,"robots_notranslate":false,"robots_max_snippet":"-1","robots_max_videopreview":"-1","robots_max_imagepreview":"large","priority":null,"frequency":"default","local_seo":null,"breadcrumb_settings":null,"limit_modified_date":false,"ai":null,"created":"2024-07-22 12:51:36","updated":"2025-06-05 00:12:28","seo_analyzer_scan_date":null,"focus_keyword":null,"additional_keywords":null,"truseo_locale":null},"aioseo_breadcrumb":"<div class=\"aioseo-breadcrumbs\"><span class=\"aioseo-breadcrumb\">\n\t\t\t<a href=\"https:\/\/loboproduccionesaudiovisuales.ar\" title=\"Home\">Home<\/a>\n\t\t<\/span><span class=\"aioseo-breadcrumb-separator\">&raquo;<\/span><span class=\"aioseo-breadcrumb\">\n\t\t\t<a href=\"https:\/\/loboproduccionesaudiovisuales.ar\/?cat=1\" title=\"Blog\">Blog<\/a>\n\t\t<\/span><span class=\"aioseo-breadcrumb-separator\">&raquo;<\/span><span class=\"aioseo-breadcrumb\">\n\t\t\tFrigerio visit\u00f3 la Exposici\u00f3n Rural de Palermo que re\u00fane a 44 empresas entrerrianas\n\t\t<\/span><\/div>","aioseo_breadcrumb_json":[{"label":"Home","link":"https:\/\/loboproduccionesaudiovisuales.ar"},{"label":"Blog","link":"https:\/\/loboproduccionesaudiovisuales.ar\/?cat=1"},{"label":"Frigerio visit\u00f3 la Exposici\u00f3n Rural de Palermo que re\u00fane a 44 empresas entrerrianas","link":"https:\/\/loboproduccionesaudiovisuales.ar\/?p=14325"}],"_links":{"self":[{"href":"https:\/\/loboproduccionesaudiovisuales.ar\/index.php?rest_route=\/wp\/v2\/posts\/14325","targetHints":{"allow":["GET"]}}],"collection":[{"href":"https:\/\/loboproduccionesaudiovisuales.ar\/index.php?rest_route=\/wp\/v2\/posts"}],"about":[{"href":"https:\/\/loboproduccionesaudiovisuales.ar\/index.php?rest_route=\/wp\/v2\/types\/post"}],"author":[{"embeddable":true,"href":"https:\/\/loboproduccionesaudiovisuales.ar\/index.php?rest_route=\/wp\/v2\/users\/3"}],"replies":[{"embeddable":true,"href":"https:\/\/loboproduccionesaudiovisuales.ar\/index.php?rest_route=%2Fwp%2Fv2%2Fcomments&post=14325"}],"version-history":[{"count":2,"href":"https:\/\/loboproduccionesaudiovisuales.ar\/index.php?rest_route=\/wp\/v2\/posts\/14325\/revisions"}],"predecessor-version":[{"id":14328,"href":"https:\/\/loboproduccionesaudiovisuales.ar\/index.php?rest_route=\/wp\/v2\/posts\/14325\/revisions\/14328"}],"wp:featuredmedia":[{"embeddable":true,"href":"https:\/\/loboproduccionesaudiovisuales.ar\/index.php?rest_route=\/wp\/v2\/media\/14326"}],"wp:attachment":[{"href":"https:\/\/loboproduccionesaudiovisuales.ar\/index.php?rest_route=%2Fwp%2Fv2%2Fmedia&parent=14325"}],"wp:term":[{"taxonomy":"category","embeddable":true,"href":"https:\/\/loboproduccionesaudiovisuales.ar\/index.php?rest_route=%2Fwp%2Fv2%2Fcategories&post=14325"},{"taxonomy":"post_tag","embeddable":true,"href":"https:\/\/loboproduccionesaudiovisuales.ar\/index.php?rest_route=%2Fwp%2Fv2%2Ftags&post=14325"}],"curies":[{"name":"wp","href":"https:\/\/api.w.org\/{rel}","templated":true}]}}