{"id":13991,"date":"2024-07-08T10:04:16","date_gmt":"2024-07-08T13:04:16","guid":{"rendered":"https:\/\/loboproduccionesaudiovisuales.ar\/?p=13991"},"modified":"2024-07-08T10:04:16","modified_gmt":"2024-07-08T13:04:16","slug":"entre-rios-participa-de-la-feria-caminos-y-sabores-2024","status":"publish","type":"post","link":"https:\/\/loboproduccionesaudiovisuales.ar\/?p=13991","title":{"rendered":"Entre R\u00edos participa de la feria Caminos y Sabores 2024"},"content":{"rendered":"<p><strong>Con el apoyo del ministerio de Desarrollo Econ\u00f3mico, peque\u00f1os productores de alimentos estuvieron presentes en la feria m\u00e1s importante de gastronom\u00eda y turismo de Buenos Aires.<\/strong><\/p>\n<p>&nbsp;<\/p>\n<p>La muestra federal que re\u00fane a productores de alimentos, emprendedores, gobiernos municipales y provinciales, cocineros, artesanos y empresas de gastronom\u00eda, cuya primera edici\u00f3n fue en 2005, se desarrolla desde el s\u00e1bado hasta el martes 9 en el predio de La Rural, barrio de Palermo, con la presencia de m\u00e1s de 450 productores. \u00a0All\u00ed, representantes de 18 provincias exhiben sus productos y ofrecen degustaciones, utilizando el evento como una vidriera tanto para peque\u00f1as ventas como para posibles negocios con distribuidores o restaurantes.<\/p>\n<p>&nbsp;<\/p>\n<p>Guillermo Bernaudo, ministro de Desarrollo Econ\u00f3mico de Entre R\u00edos, recorri\u00f3 los stands de la provincia junto a la secretaria de Desarrollo Econ\u00f3mico y Emprendedor, Paula Vicari; para conversar con los expositores. &#8220;Como gobierno nos llena de orgullo que las distintas exquisiteces que nos caracterizan como provincia, y reflejan nuestra cultura y tradiciones, est\u00e9n presentes en este encuentro tan importante. Sabemos que estos productores representar\u00e1n de la mejor manera a todos los entrerrianos&#8221;, afirm\u00f3 el ministro.<\/p>\n<p>&nbsp;<\/p>\n<p>Por Entre R\u00edos, en el rubro bebidas, estuvieron participando de Caminos y Sabores\u00a0 Leonardo Ortiz, por la Asociaci\u00f3n de Vitivinicultores entrerrianos (AVER); Mat\u00edas Visconti, creador del aperitivo de quinoto Kumquat; Francisco Clerico de aperitivos Yatay; y Mat\u00edas Favot de gin Mitos. En dulces y conservas, particip\u00f3 la familia Meglio con sus dulces Caserito; l\u00e1cteos La Peque\u00f1a, de la familia Wagner de Urdinarrain y dos veces ganadores en Todo L\u00e1ctea del premio al mejor dulce de leche del pa\u00eds; y la firma Regidiet de la familia Pauletti, creadores del primer dulce de leche sin sellos apto para diab\u00e9ticos y cel\u00edacos. A su vez, participaron tambi\u00e9n Chano Mar\u00eda, embutidos y fiambres; Ricardo Jeandet de ap\u00edcola Mimiel y Julieta Forisi de pec\u00e1n La Reina.<\/p>\n<p>&nbsp;<\/p>\n<p>Asimismo, el Gobierno provincial acompa\u00f1\u00f3 con stands de informaci\u00f3n tur\u00edstica y un escenario donde cocineros elaboraron ante el p\u00fablico platos propios de nuestra cultura gastron\u00f3mica.<\/p>\n","protected":false},"excerpt":{"rendered":"<p>Con el apoyo del ministerio de Desarrollo Econ\u00f3mico, peque\u00f1os productores de alimentos estuvieron presentes en la feria m\u00e1s importante de&hellip;<\/p>\n","protected":false},"author":3,"featured_media":13993,"comment_status":"open","ping_status":"open","sticky":false,"template":"","format":"standard","meta":{"footnotes":""},"categories":[5,2,1,128,198,140],"tags":[347],"class_list":["post-13991","post","type-post","status-publish","format-standard","has-post-thumbnail","hentry","category-actualidad","category-agro","category-blog","category-entre-rios","category-exposiciones","category-festivales","tag-caminos-y-sabores"],"aioseo_notices":[],"aioseo_head":"\n\t\t<!-- All in One SEO 5.0.1.1 - aioseo.com -->\n\t<meta name=\"description\" content=\"Con el apoyo del ministerio de Desarrollo Econ\u00f3mico, peque\u00f1os productores de alimentos estuvieron presentes en la feria m\u00e1s importante de gastronom\u00eda y turismo de Buenos Aires. La muestra federal que re\u00fane a productores de alimentos, emprendedores, gobiernos municipales y provinciales, cocineros, artesanos y empresas de gastronom\u00eda, cuya primera edici\u00f3n fue en 2005, se desarrolla\" \/>\n\t<meta name=\"robots\" content=\"max-image-preview:large\" \/>\n\t<meta name=\"author\" content=\"Gustavo Werner\"\/>\n\t<link rel=\"canonical\" href=\"https:\/\/loboproduccionesaudiovisuales.ar\/?p=13991\" \/>\n\t<meta name=\"generator\" content=\"All in One SEO (AIOSEO) 5.0.1.1\" \/>\n\t\t<meta property=\"og:locale\" content=\"es_ES\" \/>\n\t\t<meta property=\"og:site_name\" content=\"LOBO PRODUCCIONES AUDIOVISUALES - Sitio digital de noticias agroindustriales\" \/>\n\t\t<meta property=\"og:type\" content=\"article\" \/>\n\t\t<meta property=\"og:title\" content=\"Entre R\u00edos participa de la feria Caminos y Sabores 2024 - LOBO PRODUCCIONES AUDIOVISUALES\" \/>\n\t\t<meta property=\"og:description\" content=\"Con el apoyo del ministerio de Desarrollo Econ\u00f3mico, peque\u00f1os productores de alimentos estuvieron presentes en la feria m\u00e1s importante de gastronom\u00eda y turismo de Buenos Aires. La muestra federal que re\u00fane a productores de alimentos, emprendedores, gobiernos municipales y provinciales, cocineros, artesanos y empresas de gastronom\u00eda, cuya primera edici\u00f3n fue en 2005, se desarrolla\" \/>\n\t\t<meta property=\"og:url\" content=\"https:\/\/loboproduccionesaudiovisuales.ar\/?p=13991\" \/>\n\t\t<meta property=\"og:image\" content=\"https:\/\/loboproduccionesaudiovisuales.ar\/wp-content\/uploads\/2023\/07\/LPA-web.jpg\" \/>\n\t\t<meta property=\"og:image:secure_url\" content=\"https:\/\/loboproduccionesaudiovisuales.ar\/wp-content\/uploads\/2023\/07\/LPA-web.jpg\" \/>\n\t\t<meta property=\"article:published_time\" content=\"2024-07-08T13:04:16+00:00\" \/>\n\t\t<meta property=\"article:modified_time\" content=\"2024-07-08T13:04:16+00:00\" \/>\n\t\t<meta name=\"twitter:card\" content=\"summary_large_image\" \/>\n\t\t<meta name=\"twitter:title\" content=\"Entre R\u00edos participa de la feria Caminos y Sabores 2024 - LOBO PRODUCCIONES AUDIOVISUALES\" \/>\n\t\t<meta name=\"twitter:description\" content=\"Con el apoyo del ministerio de Desarrollo Econ\u00f3mico, peque\u00f1os productores de alimentos estuvieron presentes en la feria m\u00e1s importante de gastronom\u00eda y turismo de Buenos Aires. La muestra federal que re\u00fane a productores de alimentos, emprendedores, gobiernos municipales y provinciales, cocineros, artesanos y empresas de gastronom\u00eda, cuya primera edici\u00f3n fue en 2005, se desarrolla\" \/>\n\t\t<meta name=\"twitter:image\" content=\"https:\/\/loboproduccionesaudiovisuales.ar\/wp-content\/uploads\/2023\/07\/LPA-web.jpg\" \/>\n\t\t<script type=\"application\/ld+json\" class=\"aioseo-schema\">\n\t\t\t{\"@context\":\"https:\\\/\\\/schema.org\",\"@graph\":[{\"@type\":\"BlogPosting\",\"@id\":\"https:\\\/\\\/loboproduccionesaudiovisuales.ar\\\/?p=13991#blogposting\",\"name\":\"Entre R\\u00edos participa de la feria Caminos y Sabores 2024 - LOBO PRODUCCIONES AUDIOVISUALES\",\"headline\":\"Entre R\\u00edos participa de la feria Caminos y Sabores 2024\",\"author\":{\"@id\":\"https:\\\/\\\/loboproduccionesaudiovisuales.ar\\\/?author=3#author\"},\"publisher\":{\"@id\":\"https:\\\/\\\/loboproduccionesaudiovisuales.ar\\\/#organization\"},\"image\":{\"@type\":\"ImageObject\",\"url\":\"https:\\\/\\\/loboproduccionesaudiovisuales.ar\\\/wp-content\\\/uploads\\\/2024\\\/07\\\/expo.jpg\",\"width\":1920,\"height\":1280},\"datePublished\":\"2024-07-08T10:04:16-03:00\",\"dateModified\":\"2024-07-08T10:04:16-03:00\",\"inLanguage\":\"es-AR\",\"mainEntityOfPage\":{\"@id\":\"https:\\\/\\\/loboproduccionesaudiovisuales.ar\\\/?p=13991#webpage\"},\"isPartOf\":{\"@id\":\"https:\\\/\\\/loboproduccionesaudiovisuales.ar\\\/?p=13991#webpage\"},\"articleSection\":\"ACTUALIDAD, AGRO, Blog, ENTRE RIOS, EXPOSICIONES, FESTIVALES, Caminos y Sabores\"},{\"@type\":\"BreadcrumbList\",\"@id\":\"https:\\\/\\\/loboproduccionesaudiovisuales.ar\\\/?p=13991#breadcrumblist\",\"itemListElement\":[{\"@type\":\"ListItem\",\"@id\":\"https:\\\/\\\/loboproduccionesaudiovisuales.ar#listItem\",\"position\":1,\"name\":\"Home\",\"item\":\"https:\\\/\\\/loboproduccionesaudiovisuales.ar\",\"nextItem\":{\"@type\":\"ListItem\",\"@id\":\"https:\\\/\\\/loboproduccionesaudiovisuales.ar\\\/?cat=1#listItem\",\"name\":\"Blog\"}},{\"@type\":\"ListItem\",\"@id\":\"https:\\\/\\\/loboproduccionesaudiovisuales.ar\\\/?cat=1#listItem\",\"position\":2,\"name\":\"Blog\",\"item\":\"https:\\\/\\\/loboproduccionesaudiovisuales.ar\\\/?cat=1\",\"nextItem\":{\"@type\":\"ListItem\",\"@id\":\"https:\\\/\\\/loboproduccionesaudiovisuales.ar\\\/?p=13991#listItem\",\"name\":\"Entre R\\u00edos participa de la feria Caminos y Sabores 2024\"},\"previousItem\":{\"@type\":\"ListItem\",\"@id\":\"https:\\\/\\\/loboproduccionesaudiovisuales.ar#listItem\",\"name\":\"Home\"}},{\"@type\":\"ListItem\",\"@id\":\"https:\\\/\\\/loboproduccionesaudiovisuales.ar\\\/?p=13991#listItem\",\"position\":3,\"name\":\"Entre R\\u00edos participa de la feria Caminos y Sabores 2024\",\"previousItem\":{\"@type\":\"ListItem\",\"@id\":\"https:\\\/\\\/loboproduccionesaudiovisuales.ar\\\/?cat=1#listItem\",\"name\":\"Blog\"}}]},{\"@type\":\"Organization\",\"@id\":\"https:\\\/\\\/loboproduccionesaudiovisuales.ar\\\/#organization\",\"name\":\"loboproduccionesaudiovisuales.ar\",\"description\":\"Sitio digital de noticias agroindustriales\",\"url\":\"https:\\\/\\\/loboproduccionesaudiovisuales.ar\\\/\",\"logo\":{\"@type\":\"ImageObject\",\"url\":\"https:\\\/\\\/loboproduccionesaudiovisuales.ar\\\/wp-content\\\/uploads\\\/2023\\\/07\\\/LPA-web.jpg\",\"@id\":\"https:\\\/\\\/loboproduccionesaudiovisuales.ar\\\/?p=13991\\\/#organizationLogo\",\"width\":500,\"height\":144},\"image\":{\"@id\":\"https:\\\/\\\/loboproduccionesaudiovisuales.ar\\\/?p=13991\\\/#organizationLogo\"}},{\"@type\":\"Person\",\"@id\":\"https:\\\/\\\/loboproduccionesaudiovisuales.ar\\\/?author=3#author\",\"url\":\"https:\\\/\\\/loboproduccionesaudiovisuales.ar\\\/?author=3\",\"name\":\"Gustavo Werner\",\"image\":{\"@type\":\"ImageObject\",\"@id\":\"https:\\\/\\\/loboproduccionesaudiovisuales.ar\\\/?p=13991#authorImage\",\"url\":\"https:\\\/\\\/secure.gravatar.com\\\/avatar\\\/e04239ede7d02b80503013ac1fa61f308bbe3566e5a70df5bbef7c3725a0dcae?s=96&d=mm&r=g\",\"width\":96,\"height\":96,\"caption\":\"Gustavo Werner\"}},{\"@type\":\"WebPage\",\"@id\":\"https:\\\/\\\/loboproduccionesaudiovisuales.ar\\\/?p=13991#webpage\",\"url\":\"https:\\\/\\\/loboproduccionesaudiovisuales.ar\\\/?p=13991\",\"name\":\"Entre R\\u00edos participa de la feria Caminos y Sabores 2024 - LOBO PRODUCCIONES AUDIOVISUALES\",\"description\":\"Con el apoyo del ministerio de Desarrollo Econ\\u00f3mico, peque\\u00f1os productores de alimentos estuvieron presentes en la feria m\\u00e1s importante de gastronom\\u00eda y turismo de Buenos Aires. La muestra federal que re\\u00fane a productores de alimentos, emprendedores, gobiernos municipales y provinciales, cocineros, artesanos y empresas de gastronom\\u00eda, cuya primera edici\\u00f3n fue en 2005, se desarrolla\",\"inLanguage\":\"es-AR\",\"isPartOf\":{\"@id\":\"https:\\\/\\\/loboproduccionesaudiovisuales.ar\\\/#website\"},\"breadcrumb\":{\"@id\":\"https:\\\/\\\/loboproduccionesaudiovisuales.ar\\\/?p=13991#breadcrumblist\"},\"author\":{\"@id\":\"https:\\\/\\\/loboproduccionesaudiovisuales.ar\\\/?author=3#author\"},\"creator\":{\"@id\":\"https:\\\/\\\/loboproduccionesaudiovisuales.ar\\\/?author=3#author\"},\"image\":{\"@type\":\"ImageObject\",\"url\":\"https:\\\/\\\/loboproduccionesaudiovisuales.ar\\\/wp-content\\\/uploads\\\/2024\\\/07\\\/expo.jpg\",\"@id\":\"https:\\\/\\\/loboproduccionesaudiovisuales.ar\\\/?p=13991\\\/#mainImage\",\"width\":1920,\"height\":1280},\"primaryImageOfPage\":{\"@id\":\"https:\\\/\\\/loboproduccionesaudiovisuales.ar\\\/?p=13991#mainImage\"},\"datePublished\":\"2024-07-08T10:04:16-03:00\",\"dateModified\":\"2024-07-08T10:04:16-03:00\"},{\"@type\":\"WebSite\",\"@id\":\"https:\\\/\\\/loboproduccionesaudiovisuales.ar\\\/#website\",\"url\":\"https:\\\/\\\/loboproduccionesaudiovisuales.ar\\\/\",\"name\":\"loboproduccionesaudiovisuales.ar\",\"alternateName\":\"Lobo Producciones\",\"description\":\"Sitio digital de noticias agroindustriales\",\"inLanguage\":\"es-AR\",\"publisher\":{\"@id\":\"https:\\\/\\\/loboproduccionesaudiovisuales.ar\\\/#organization\"}}]}\n\t\t<\/script>\n\t\t<!-- All in One SEO -->\n\n","aioseo_head_json":{"title":"Entre R\u00edos participa de la feria Caminos y Sabores 2024 - LOBO PRODUCCIONES AUDIOVISUALES","description":"Con el apoyo del ministerio de Desarrollo Econ\u00f3mico, peque\u00f1os productores de alimentos estuvieron presentes en la feria m\u00e1s importante de gastronom\u00eda y turismo de Buenos Aires. La muestra federal que re\u00fane a productores de alimentos, emprendedores, gobiernos municipales y provinciales, cocineros, artesanos y empresas de gastronom\u00eda, cuya primera edici\u00f3n fue en 2005, se desarrolla","canonical_url":"https:\/\/loboproduccionesaudiovisuales.ar\/?p=13991","robots":"max-image-preview:large","keywords":"","webmasterTools":{"miscellaneous":""},"schema":{"@context":"https:\/\/schema.org","@graph":[{"@type":"BlogPosting","@id":"https:\/\/loboproduccionesaudiovisuales.ar\/?p=13991#blogposting","name":"Entre R\u00edos participa de la feria Caminos y Sabores 2024 - LOBO PRODUCCIONES AUDIOVISUALES","headline":"Entre R\u00edos participa de la feria Caminos y Sabores 2024","author":{"@id":"https:\/\/loboproduccionesaudiovisuales.ar\/?author=3#author"},"publisher":{"@id":"https:\/\/loboproduccionesaudiovisuales.ar\/#organization"},"image":{"@type":"ImageObject","url":"https:\/\/loboproduccionesaudiovisuales.ar\/wp-content\/uploads\/2024\/07\/expo.jpg","width":1920,"height":1280},"datePublished":"2024-07-08T10:04:16-03:00","dateModified":"2024-07-08T10:04:16-03:00","inLanguage":"es-AR","mainEntityOfPage":{"@id":"https:\/\/loboproduccionesaudiovisuales.ar\/?p=13991#webpage"},"isPartOf":{"@id":"https:\/\/loboproduccionesaudiovisuales.ar\/?p=13991#webpage"},"articleSection":"ACTUALIDAD, AGRO, Blog, ENTRE RIOS, EXPOSICIONES, FESTIVALES, Caminos y Sabores"},{"@type":"BreadcrumbList","@id":"https:\/\/loboproduccionesaudiovisuales.ar\/?p=13991#breadcrumblist","itemListElement":[{"@type":"ListItem","@id":"https:\/\/loboproduccionesaudiovisuales.ar#listItem","position":1,"name":"Home","item":"https:\/\/loboproduccionesaudiovisuales.ar","nextItem":{"@type":"ListItem","@id":"https:\/\/loboproduccionesaudiovisuales.ar\/?cat=1#listItem","name":"Blog"}},{"@type":"ListItem","@id":"https:\/\/loboproduccionesaudiovisuales.ar\/?cat=1#listItem","position":2,"name":"Blog","item":"https:\/\/loboproduccionesaudiovisuales.ar\/?cat=1","nextItem":{"@type":"ListItem","@id":"https:\/\/loboproduccionesaudiovisuales.ar\/?p=13991#listItem","name":"Entre R\u00edos participa de la feria Caminos y Sabores 2024"},"previousItem":{"@type":"ListItem","@id":"https:\/\/loboproduccionesaudiovisuales.ar#listItem","name":"Home"}},{"@type":"ListItem","@id":"https:\/\/loboproduccionesaudiovisuales.ar\/?p=13991#listItem","position":3,"name":"Entre R\u00edos participa de la feria Caminos y Sabores 2024","previousItem":{"@type":"ListItem","@id":"https:\/\/loboproduccionesaudiovisuales.ar\/?cat=1#listItem","name":"Blog"}}]},{"@type":"Organization","@id":"https:\/\/loboproduccionesaudiovisuales.ar\/#organization","name":"loboproduccionesaudiovisuales.ar","description":"Sitio digital de noticias agroindustriales","url":"https:\/\/loboproduccionesaudiovisuales.ar\/","logo":{"@type":"ImageObject","url":"https:\/\/loboproduccionesaudiovisuales.ar\/wp-content\/uploads\/2023\/07\/LPA-web.jpg","@id":"https:\/\/loboproduccionesaudiovisuales.ar\/?p=13991\/#organizationLogo","width":500,"height":144},"image":{"@id":"https:\/\/loboproduccionesaudiovisuales.ar\/?p=13991\/#organizationLogo"}},{"@type":"Person","@id":"https:\/\/loboproduccionesaudiovisuales.ar\/?author=3#author","url":"https:\/\/loboproduccionesaudiovisuales.ar\/?author=3","name":"Gustavo Werner","image":{"@type":"ImageObject","@id":"https:\/\/loboproduccionesaudiovisuales.ar\/?p=13991#authorImage","url":"https:\/\/secure.gravatar.com\/avatar\/e04239ede7d02b80503013ac1fa61f308bbe3566e5a70df5bbef7c3725a0dcae?s=96&d=mm&r=g","width":96,"height":96,"caption":"Gustavo Werner"}},{"@type":"WebPage","@id":"https:\/\/loboproduccionesaudiovisuales.ar\/?p=13991#webpage","url":"https:\/\/loboproduccionesaudiovisuales.ar\/?p=13991","name":"Entre R\u00edos participa de la feria Caminos y Sabores 2024 - LOBO PRODUCCIONES AUDIOVISUALES","description":"Con el apoyo del ministerio de Desarrollo Econ\u00f3mico, peque\u00f1os productores de alimentos estuvieron presentes en la feria m\u00e1s importante de gastronom\u00eda y turismo de Buenos Aires. La muestra federal que re\u00fane a productores de alimentos, emprendedores, gobiernos municipales y provinciales, cocineros, artesanos y empresas de gastronom\u00eda, cuya primera edici\u00f3n fue en 2005, se desarrolla","inLanguage":"es-AR","isPartOf":{"@id":"https:\/\/loboproduccionesaudiovisuales.ar\/#website"},"breadcrumb":{"@id":"https:\/\/loboproduccionesaudiovisuales.ar\/?p=13991#breadcrumblist"},"author":{"@id":"https:\/\/loboproduccionesaudiovisuales.ar\/?author=3#author"},"creator":{"@id":"https:\/\/loboproduccionesaudiovisuales.ar\/?author=3#author"},"image":{"@type":"ImageObject","url":"https:\/\/loboproduccionesaudiovisuales.ar\/wp-content\/uploads\/2024\/07\/expo.jpg","@id":"https:\/\/loboproduccionesaudiovisuales.ar\/?p=13991\/#mainImage","width":1920,"height":1280},"primaryImageOfPage":{"@id":"https:\/\/loboproduccionesaudiovisuales.ar\/?p=13991#mainImage"},"datePublished":"2024-07-08T10:04:16-03:00","dateModified":"2024-07-08T10:04:16-03:00"},{"@type":"WebSite","@id":"https:\/\/loboproduccionesaudiovisuales.ar\/#website","url":"https:\/\/loboproduccionesaudiovisuales.ar\/","name":"loboproduccionesaudiovisuales.ar","alternateName":"Lobo Producciones","description":"Sitio digital de noticias agroindustriales","inLanguage":"es-AR","publisher":{"@id":"https:\/\/loboproduccionesaudiovisuales.ar\/#organization"}}]},"og:locale":"es_ES","og:site_name":"LOBO PRODUCCIONES AUDIOVISUALES - Sitio digital de noticias agroindustriales","og:type":"article","og:title":"Entre R\u00edos participa de la feria Caminos y Sabores 2024 - LOBO PRODUCCIONES AUDIOVISUALES","og:description":"Con el apoyo del ministerio de Desarrollo Econ\u00f3mico, peque\u00f1os productores de alimentos estuvieron presentes en la feria m\u00e1s importante de gastronom\u00eda y turismo de Buenos Aires. La muestra federal que re\u00fane a productores de alimentos, emprendedores, gobiernos municipales y provinciales, cocineros, artesanos y empresas de gastronom\u00eda, cuya primera edici\u00f3n fue en 2005, se desarrolla","og:url":"https:\/\/loboproduccionesaudiovisuales.ar\/?p=13991","og:image":"https:\/\/loboproduccionesaudiovisuales.ar\/wp-content\/uploads\/2023\/07\/LPA-web.jpg","og:image:secure_url":"https:\/\/loboproduccionesaudiovisuales.ar\/wp-content\/uploads\/2023\/07\/LPA-web.jpg","article:published_time":"2024-07-08T13:04:16+00:00","article:modified_time":"2024-07-08T13:04:16+00:00","twitter:card":"summary_large_image","twitter:title":"Entre R\u00edos participa de la feria Caminos y Sabores 2024 - LOBO PRODUCCIONES AUDIOVISUALES","twitter:description":"Con el apoyo del ministerio de Desarrollo Econ\u00f3mico, peque\u00f1os productores de alimentos estuvieron presentes en la feria m\u00e1s importante de gastronom\u00eda y turismo de Buenos Aires. La muestra federal que re\u00fane a productores de alimentos, emprendedores, gobiernos municipales y provinciales, cocineros, artesanos y empresas de gastronom\u00eda, cuya primera edici\u00f3n fue en 2005, se desarrolla","twitter:image":"https:\/\/loboproduccionesaudiovisuales.ar\/wp-content\/uploads\/2023\/07\/LPA-web.jpg"},"aioseo_meta_data":{"post_id":"13991","title":null,"description":null,"keywords":null,"keyphrases":{"focus":{"keyphrase":"","score":0,"analysis":{"keyphraseInTitle":{"score":0,"maxScore":9,"error":1}}},"additional":[]},"primary_term":null,"canonical_url":null,"og_title":null,"og_description":null,"og_object_type":"default","og_image_type":"default","og_image_url":null,"og_image_width":null,"og_image_height":null,"og_image_custom_url":null,"og_image_custom_fields":null,"og_video":"","og_custom_url":null,"og_article_section":null,"og_article_tags":null,"twitter_use_og":false,"twitter_card":"default","twitter_image_type":"default","twitter_image_url":null,"twitter_image_custom_url":null,"twitter_image_custom_fields":null,"twitter_title":null,"twitter_description":null,"schema":{"blockGraphs":[],"customGraphs":[],"default":{"data":{"Article":[],"Course":[],"Dataset":[],"FAQPage":[],"Movie":[],"Person":[],"Product":[],"ProductReview":[],"Car":[],"Recipe":[],"Service":[],"SoftwareApplication":[],"WebPage":[]},"graphName":"BlogPosting","isEnabled":true},"graphs":[]},"schema_type":"default","schema_type_options":null,"pillar_content":false,"robots_default":true,"robots_noindex":false,"robots_noarchive":false,"robots_nosnippet":false,"robots_nofollow":false,"robots_noimageindex":false,"robots_noodp":false,"robots_notranslate":false,"robots_max_snippet":"-1","robots_max_videopreview":"-1","robots_max_imagepreview":"large","priority":null,"frequency":"default","local_seo":null,"breadcrumb_settings":null,"limit_modified_date":false,"ai":null,"created":"2024-07-08 13:04:16","updated":"2025-06-05 00:06:25","seo_analyzer_scan_date":null,"focus_keyword":null,"additional_keywords":null,"truseo_locale":null},"aioseo_breadcrumb":"<div class=\"aioseo-breadcrumbs\"><span class=\"aioseo-breadcrumb\">\n\t\t\t<a href=\"https:\/\/loboproduccionesaudiovisuales.ar\" title=\"Home\">Home<\/a>\n\t\t<\/span><span class=\"aioseo-breadcrumb-separator\">&raquo;<\/span><span class=\"aioseo-breadcrumb\">\n\t\t\t<a href=\"https:\/\/loboproduccionesaudiovisuales.ar\/?cat=1\" title=\"Blog\">Blog<\/a>\n\t\t<\/span><span class=\"aioseo-breadcrumb-separator\">&raquo;<\/span><span class=\"aioseo-breadcrumb\">\n\t\t\tEntre R\u00edos participa de la feria Caminos y Sabores 2024\n\t\t<\/span><\/div>","aioseo_breadcrumb_json":[{"label":"Home","link":"https:\/\/loboproduccionesaudiovisuales.ar"},{"label":"Blog","link":"https:\/\/loboproduccionesaudiovisuales.ar\/?cat=1"},{"label":"Entre R\u00edos participa de la feria Caminos y Sabores 2024","link":"https:\/\/loboproduccionesaudiovisuales.ar\/?p=13991"}],"_links":{"self":[{"href":"https:\/\/loboproduccionesaudiovisuales.ar\/index.php?rest_route=\/wp\/v2\/posts\/13991","targetHints":{"allow":["GET"]}}],"collection":[{"href":"https:\/\/loboproduccionesaudiovisuales.ar\/index.php?rest_route=\/wp\/v2\/posts"}],"about":[{"href":"https:\/\/loboproduccionesaudiovisuales.ar\/index.php?rest_route=\/wp\/v2\/types\/post"}],"author":[{"embeddable":true,"href":"https:\/\/loboproduccionesaudiovisuales.ar\/index.php?rest_route=\/wp\/v2\/users\/3"}],"replies":[{"embeddable":true,"href":"https:\/\/loboproduccionesaudiovisuales.ar\/index.php?rest_route=%2Fwp%2Fv2%2Fcomments&post=13991"}],"version-history":[{"count":2,"href":"https:\/\/loboproduccionesaudiovisuales.ar\/index.php?rest_route=\/wp\/v2\/posts\/13991\/revisions"}],"predecessor-version":[{"id":13995,"href":"https:\/\/loboproduccionesaudiovisuales.ar\/index.php?rest_route=\/wp\/v2\/posts\/13991\/revisions\/13995"}],"wp:featuredmedia":[{"embeddable":true,"href":"https:\/\/loboproduccionesaudiovisuales.ar\/index.php?rest_route=\/wp\/v2\/media\/13993"}],"wp:attachment":[{"href":"https:\/\/loboproduccionesaudiovisuales.ar\/index.php?rest_route=%2Fwp%2Fv2%2Fmedia&parent=13991"}],"wp:term":[{"taxonomy":"category","embeddable":true,"href":"https:\/\/loboproduccionesaudiovisuales.ar\/index.php?rest_route=%2Fwp%2Fv2%2Fcategories&post=13991"},{"taxonomy":"post_tag","embeddable":true,"href":"https:\/\/loboproduccionesaudiovisuales.ar\/index.php?rest_route=%2Fwp%2Fv2%2Ftags&post=13991"}],"curies":[{"name":"wp","href":"https:\/\/api.w.org\/{rel}","templated":true}]}}