{"id":13805,"date":"2024-07-01T10:34:23","date_gmt":"2024-07-01T13:34:23","guid":{"rendered":"https:\/\/loboproduccionesaudiovisuales.ar\/?p=13805"},"modified":"2024-07-01T10:34:23","modified_gmt":"2024-07-01T13:34:23","slug":"francos-reitero-que-no-habra-devaluacion-y-llamo-a-los-productores-a-liquidar","status":"publish","type":"post","link":"https:\/\/loboproduccionesaudiovisuales.ar\/?p=13805","title":{"rendered":"Francos reiter\u00f3 que no habr\u00e1 devaluaci\u00f3n y llam\u00f3 a los productores a liquidar"},"content":{"rendered":"<p><strong>El Jefe de Gabinete, Guillermo Francos, ratific\u00f3 que no habr\u00e1 devaluaci\u00f3n y que los productores deber\u00e1n liquidar sus d\u00f3lares, en un intento de estabilizar la econom\u00eda y atraer inversiones tras la aprobaci\u00f3n de la ley Bases.<\/strong><\/p>\n<p>&nbsp;<\/p>\n<p>&#8220;Ahora se ver\u00e1 nuestra habilidad para gestionar la ley Bases y atraer inversiones, si somos eficientes o no&#8221;, expres\u00f3 Francos.<\/p>\n<p>&nbsp;<\/p>\n<p>Respecto a las expectativas sobre los mercados y la estabilidad pol\u00edtica, Francos indic\u00f3: &#8220;No esperaba una reacci\u00f3n inmediata de los mercados. Supongo que los mercados todav\u00eda est\u00e1n analizando y van a empezar a analizar el impacto cuando empiecen a aparecer algunas medidas. El mercado va a rebotar cuando haya estabilidad institucional y medidas econ\u00f3micas concretas&#8221;.<\/p>\n<p>&nbsp;<\/p>\n<p>La relaci\u00f3n con el FMI se describe como &#8220;muy buena&#8221;, aunque Francos no confirm\u00f3 si hubo un pedido para retirar a Rodrigo Vald\u00e9s de las negociaciones. El jefe de Gabinete subray\u00f3 que el presidente Javier Milei act\u00faa con prudencia respecto al levantamiento del cepo cambiario para evitar un golpe a la inflaci\u00f3n.<\/p>\n<p>&nbsp;<\/p>\n<p>En cuanto a la situaci\u00f3n econ\u00f3mica y medidas fiscales, Guillermo Francos, en una entrevista con Infobae y lo que pasar\u00e1 con los productores, grafic\u00f3: &#8220;Hoy, quiz\u00e1 muchos est\u00e1n tomando cr\u00e9dito para no liquidar divisas, porque est\u00e1n esperando lo que dice alg\u00fan trasnochado que dice va a haber una devaluaci\u00f3n del 30%. Entonces dicen: \u2018Mejor espero, a ver si liquido m\u00e1s tarde. Prefiero endeudarme a una tasa del 25% o 30% y despu\u00e9s ver qu\u00e9 pasa con el d\u00f3lar\u2019. Eso ha generado que no tengas la misma liquidaci\u00f3n de divisas que normalmente podr\u00edas haber tenido. No va haber devaluaci\u00f3n y la gente va a tener que liquidar los d\u00f3lares&#8221;.<\/p>\n<p>&nbsp;<\/p>\n<p>Sobre la relaci\u00f3n con el PRO y posibles alianzas, el funcionario mencion\u00f3 que &#8220;la relaci\u00f3n con el PRO es casi natural&#8221;.<\/p>\n<p>&nbsp;<\/p>\n<p>&#8220;Hemos trabajado muy c\u00f3modos con ellos en el tratamiento de estas leyes. Hoy, Milei tiene una capacidad de penetraci\u00f3n mucho m\u00e1s grande que la del PRO&#8221;, subray\u00f3.<\/p>\n<p>&nbsp;<\/p>\n<p>El oficialismo insistir\u00e1 en el plano legislativo con la presentaci\u00f3n de una reforma electoral, aunque acotada para evitar los vaivenes que tuvo la ley Bases. Tambi\u00e9n se podr\u00eda considerar ampliar el n\u00famero de jueces de la Corte para incluir a mujeres.<\/p>\n<p>&nbsp;<\/p>\n<p>El mensaje al sector agropecuario de Francos es claro: &#8220;les pido al sector agropecuario que liquide la producci\u00f3n&#8221;.<\/p>\n","protected":false},"excerpt":{"rendered":"<p>El Jefe de Gabinete, Guillermo Francos, ratific\u00f3 que no habr\u00e1 devaluaci\u00f3n y que los productores deber\u00e1n liquidar sus d\u00f3lares, en&hellip;<\/p>\n","protected":false},"author":3,"featured_media":13806,"comment_status":"open","ping_status":"open","sticky":false,"template":"","format":"standard","meta":{"footnotes":""},"categories":[5,2,1,168,112],"tags":[346],"class_list":["post-13805","post","type-post","status-publish","format-standard","has-post-thumbnail","hentry","category-actualidad","category-agro","category-blog","category-nacionales","category-politica","tag-guillermo-francos"],"aioseo_notices":[],"aioseo_head":"\n\t\t<!-- All in One SEO 5.0.1.1 - aioseo.com -->\n\t<meta name=\"description\" content=\"El Jefe de Gabinete, Guillermo Francos, ratific\u00f3 que no habr\u00e1 devaluaci\u00f3n y que los productores deber\u00e1n liquidar sus d\u00f3lares, en un intento de estabilizar la econom\u00eda y atraer inversiones tras la aprobaci\u00f3n de la ley Bases. &quot;Ahora se ver\u00e1 nuestra habilidad para gestionar la ley Bases y atraer inversiones, si somos eficientes o no&quot;,\" \/>\n\t<meta name=\"robots\" content=\"max-image-preview:large\" \/>\n\t<meta name=\"author\" content=\"Gustavo Werner\"\/>\n\t<link rel=\"canonical\" href=\"https:\/\/loboproduccionesaudiovisuales.ar\/?p=13805\" \/>\n\t<meta name=\"generator\" content=\"All in One SEO (AIOSEO) 5.0.1.1\" \/>\n\t\t<meta property=\"og:locale\" content=\"es_ES\" \/>\n\t\t<meta property=\"og:site_name\" content=\"LOBO PRODUCCIONES AUDIOVISUALES - Sitio digital de noticias agroindustriales\" \/>\n\t\t<meta property=\"og:type\" content=\"article\" \/>\n\t\t<meta property=\"og:title\" content=\"Francos reiter\u00f3 que no habr\u00e1 devaluaci\u00f3n y llam\u00f3 a los productores a liquidar - LOBO PRODUCCIONES AUDIOVISUALES\" \/>\n\t\t<meta property=\"og:description\" content=\"El Jefe de Gabinete, Guillermo Francos, ratific\u00f3 que no habr\u00e1 devaluaci\u00f3n y que los productores deber\u00e1n liquidar sus d\u00f3lares, en un intento de estabilizar la econom\u00eda y atraer inversiones tras la aprobaci\u00f3n de la ley Bases. &quot;Ahora se ver\u00e1 nuestra habilidad para gestionar la ley Bases y atraer inversiones, si somos eficientes o no&quot;,\" \/>\n\t\t<meta property=\"og:url\" content=\"https:\/\/loboproduccionesaudiovisuales.ar\/?p=13805\" \/>\n\t\t<meta property=\"og:image\" content=\"https:\/\/loboproduccionesaudiovisuales.ar\/wp-content\/uploads\/2023\/07\/LPA-web.jpg\" \/>\n\t\t<meta property=\"og:image:secure_url\" content=\"https:\/\/loboproduccionesaudiovisuales.ar\/wp-content\/uploads\/2023\/07\/LPA-web.jpg\" \/>\n\t\t<meta property=\"article:published_time\" content=\"2024-07-01T13:34:23+00:00\" \/>\n\t\t<meta property=\"article:modified_time\" content=\"2024-07-01T13:34:23+00:00\" \/>\n\t\t<meta name=\"twitter:card\" content=\"summary_large_image\" \/>\n\t\t<meta name=\"twitter:title\" content=\"Francos reiter\u00f3 que no habr\u00e1 devaluaci\u00f3n y llam\u00f3 a los productores a liquidar - LOBO PRODUCCIONES AUDIOVISUALES\" \/>\n\t\t<meta name=\"twitter:description\" content=\"El Jefe de Gabinete, Guillermo Francos, ratific\u00f3 que no habr\u00e1 devaluaci\u00f3n y que los productores deber\u00e1n liquidar sus d\u00f3lares, en un intento de estabilizar la econom\u00eda y atraer inversiones tras la aprobaci\u00f3n de la ley Bases. &quot;Ahora se ver\u00e1 nuestra habilidad para gestionar la ley Bases y atraer inversiones, si somos eficientes o no&quot;,\" \/>\n\t\t<meta name=\"twitter:image\" content=\"https:\/\/loboproduccionesaudiovisuales.ar\/wp-content\/uploads\/2023\/07\/LPA-web.jpg\" \/>\n\t\t<script type=\"application\/ld+json\" class=\"aioseo-schema\">\n\t\t\t{\"@context\":\"https:\\\/\\\/schema.org\",\"@graph\":[{\"@type\":\"BlogPosting\",\"@id\":\"https:\\\/\\\/loboproduccionesaudiovisuales.ar\\\/?p=13805#blogposting\",\"name\":\"Francos reiter\\u00f3 que no habr\\u00e1 devaluaci\\u00f3n y llam\\u00f3 a los productores a liquidar - LOBO PRODUCCIONES AUDIOVISUALES\",\"headline\":\"Francos reiter\\u00f3 que no habr\\u00e1 devaluaci\\u00f3n y llam\\u00f3 a los productores a liquidar\",\"author\":{\"@id\":\"https:\\\/\\\/loboproduccionesaudiovisuales.ar\\\/?author=3#author\"},\"publisher\":{\"@id\":\"https:\\\/\\\/loboproduccionesaudiovisuales.ar\\\/#organization\"},\"image\":{\"@type\":\"ImageObject\",\"url\":\"https:\\\/\\\/loboproduccionesaudiovisuales.ar\\\/wp-content\\\/uploads\\\/2024\\\/07\\\/ARCHI_1113649.jpg\",\"width\":760,\"height\":503},\"datePublished\":\"2024-07-01T10:34:23-03:00\",\"dateModified\":\"2024-07-01T10:34:23-03:00\",\"inLanguage\":\"es-AR\",\"mainEntityOfPage\":{\"@id\":\"https:\\\/\\\/loboproduccionesaudiovisuales.ar\\\/?p=13805#webpage\"},\"isPartOf\":{\"@id\":\"https:\\\/\\\/loboproduccionesaudiovisuales.ar\\\/?p=13805#webpage\"},\"articleSection\":\"ACTUALIDAD, AGRO, Blog, NACIONALES, POL\\u00cdTICA, Guillermo Francos\"},{\"@type\":\"BreadcrumbList\",\"@id\":\"https:\\\/\\\/loboproduccionesaudiovisuales.ar\\\/?p=13805#breadcrumblist\",\"itemListElement\":[{\"@type\":\"ListItem\",\"@id\":\"https:\\\/\\\/loboproduccionesaudiovisuales.ar#listItem\",\"position\":1,\"name\":\"Home\",\"item\":\"https:\\\/\\\/loboproduccionesaudiovisuales.ar\",\"nextItem\":{\"@type\":\"ListItem\",\"@id\":\"https:\\\/\\\/loboproduccionesaudiovisuales.ar\\\/?cat=1#listItem\",\"name\":\"Blog\"}},{\"@type\":\"ListItem\",\"@id\":\"https:\\\/\\\/loboproduccionesaudiovisuales.ar\\\/?cat=1#listItem\",\"position\":2,\"name\":\"Blog\",\"item\":\"https:\\\/\\\/loboproduccionesaudiovisuales.ar\\\/?cat=1\",\"nextItem\":{\"@type\":\"ListItem\",\"@id\":\"https:\\\/\\\/loboproduccionesaudiovisuales.ar\\\/?p=13805#listItem\",\"name\":\"Francos reiter\\u00f3 que no habr\\u00e1 devaluaci\\u00f3n y llam\\u00f3 a los productores a liquidar\"},\"previousItem\":{\"@type\":\"ListItem\",\"@id\":\"https:\\\/\\\/loboproduccionesaudiovisuales.ar#listItem\",\"name\":\"Home\"}},{\"@type\":\"ListItem\",\"@id\":\"https:\\\/\\\/loboproduccionesaudiovisuales.ar\\\/?p=13805#listItem\",\"position\":3,\"name\":\"Francos reiter\\u00f3 que no habr\\u00e1 devaluaci\\u00f3n y llam\\u00f3 a los productores a liquidar\",\"previousItem\":{\"@type\":\"ListItem\",\"@id\":\"https:\\\/\\\/loboproduccionesaudiovisuales.ar\\\/?cat=1#listItem\",\"name\":\"Blog\"}}]},{\"@type\":\"Organization\",\"@id\":\"https:\\\/\\\/loboproduccionesaudiovisuales.ar\\\/#organization\",\"name\":\"loboproduccionesaudiovisuales.ar\",\"description\":\"Sitio digital de noticias agroindustriales\",\"url\":\"https:\\\/\\\/loboproduccionesaudiovisuales.ar\\\/\",\"logo\":{\"@type\":\"ImageObject\",\"url\":\"https:\\\/\\\/loboproduccionesaudiovisuales.ar\\\/wp-content\\\/uploads\\\/2023\\\/07\\\/LPA-web.jpg\",\"@id\":\"https:\\\/\\\/loboproduccionesaudiovisuales.ar\\\/?p=13805\\\/#organizationLogo\",\"width\":500,\"height\":144},\"image\":{\"@id\":\"https:\\\/\\\/loboproduccionesaudiovisuales.ar\\\/?p=13805\\\/#organizationLogo\"}},{\"@type\":\"Person\",\"@id\":\"https:\\\/\\\/loboproduccionesaudiovisuales.ar\\\/?author=3#author\",\"url\":\"https:\\\/\\\/loboproduccionesaudiovisuales.ar\\\/?author=3\",\"name\":\"Gustavo Werner\",\"image\":{\"@type\":\"ImageObject\",\"@id\":\"https:\\\/\\\/loboproduccionesaudiovisuales.ar\\\/?p=13805#authorImage\",\"url\":\"https:\\\/\\\/secure.gravatar.com\\\/avatar\\\/e04239ede7d02b80503013ac1fa61f308bbe3566e5a70df5bbef7c3725a0dcae?s=96&d=mm&r=g\",\"width\":96,\"height\":96,\"caption\":\"Gustavo Werner\"}},{\"@type\":\"WebPage\",\"@id\":\"https:\\\/\\\/loboproduccionesaudiovisuales.ar\\\/?p=13805#webpage\",\"url\":\"https:\\\/\\\/loboproduccionesaudiovisuales.ar\\\/?p=13805\",\"name\":\"Francos reiter\\u00f3 que no habr\\u00e1 devaluaci\\u00f3n y llam\\u00f3 a los productores a liquidar - LOBO PRODUCCIONES AUDIOVISUALES\",\"description\":\"El Jefe de Gabinete, Guillermo Francos, ratific\\u00f3 que no habr\\u00e1 devaluaci\\u00f3n y que los productores deber\\u00e1n liquidar sus d\\u00f3lares, en un intento de estabilizar la econom\\u00eda y atraer inversiones tras la aprobaci\\u00f3n de la ley Bases. \\\"Ahora se ver\\u00e1 nuestra habilidad para gestionar la ley Bases y atraer inversiones, si somos eficientes o no\\\",\",\"inLanguage\":\"es-AR\",\"isPartOf\":{\"@id\":\"https:\\\/\\\/loboproduccionesaudiovisuales.ar\\\/#website\"},\"breadcrumb\":{\"@id\":\"https:\\\/\\\/loboproduccionesaudiovisuales.ar\\\/?p=13805#breadcrumblist\"},\"author\":{\"@id\":\"https:\\\/\\\/loboproduccionesaudiovisuales.ar\\\/?author=3#author\"},\"creator\":{\"@id\":\"https:\\\/\\\/loboproduccionesaudiovisuales.ar\\\/?author=3#author\"},\"image\":{\"@type\":\"ImageObject\",\"url\":\"https:\\\/\\\/loboproduccionesaudiovisuales.ar\\\/wp-content\\\/uploads\\\/2024\\\/07\\\/ARCHI_1113649.jpg\",\"@id\":\"https:\\\/\\\/loboproduccionesaudiovisuales.ar\\\/?p=13805\\\/#mainImage\",\"width\":760,\"height\":503},\"primaryImageOfPage\":{\"@id\":\"https:\\\/\\\/loboproduccionesaudiovisuales.ar\\\/?p=13805#mainImage\"},\"datePublished\":\"2024-07-01T10:34:23-03:00\",\"dateModified\":\"2024-07-01T10:34:23-03:00\"},{\"@type\":\"WebSite\",\"@id\":\"https:\\\/\\\/loboproduccionesaudiovisuales.ar\\\/#website\",\"url\":\"https:\\\/\\\/loboproduccionesaudiovisuales.ar\\\/\",\"name\":\"loboproduccionesaudiovisuales.ar\",\"alternateName\":\"Lobo Producciones\",\"description\":\"Sitio digital de noticias agroindustriales\",\"inLanguage\":\"es-AR\",\"publisher\":{\"@id\":\"https:\\\/\\\/loboproduccionesaudiovisuales.ar\\\/#organization\"}}]}\n\t\t<\/script>\n\t\t<!-- All in One SEO -->\n\n","aioseo_head_json":{"title":"Francos reiter\u00f3 que no habr\u00e1 devaluaci\u00f3n y llam\u00f3 a los productores a liquidar - LOBO PRODUCCIONES AUDIOVISUALES","description":"El Jefe de Gabinete, Guillermo Francos, ratific\u00f3 que no habr\u00e1 devaluaci\u00f3n y que los productores deber\u00e1n liquidar sus d\u00f3lares, en un intento de estabilizar la econom\u00eda y atraer inversiones tras la aprobaci\u00f3n de la ley Bases. \"Ahora se ver\u00e1 nuestra habilidad para gestionar la ley Bases y atraer inversiones, si somos eficientes o no\",","canonical_url":"https:\/\/loboproduccionesaudiovisuales.ar\/?p=13805","robots":"max-image-preview:large","keywords":"","webmasterTools":{"miscellaneous":""},"schema":{"@context":"https:\/\/schema.org","@graph":[{"@type":"BlogPosting","@id":"https:\/\/loboproduccionesaudiovisuales.ar\/?p=13805#blogposting","name":"Francos reiter\u00f3 que no habr\u00e1 devaluaci\u00f3n y llam\u00f3 a los productores a liquidar - LOBO PRODUCCIONES AUDIOVISUALES","headline":"Francos reiter\u00f3 que no habr\u00e1 devaluaci\u00f3n y llam\u00f3 a los productores a liquidar","author":{"@id":"https:\/\/loboproduccionesaudiovisuales.ar\/?author=3#author"},"publisher":{"@id":"https:\/\/loboproduccionesaudiovisuales.ar\/#organization"},"image":{"@type":"ImageObject","url":"https:\/\/loboproduccionesaudiovisuales.ar\/wp-content\/uploads\/2024\/07\/ARCHI_1113649.jpg","width":760,"height":503},"datePublished":"2024-07-01T10:34:23-03:00","dateModified":"2024-07-01T10:34:23-03:00","inLanguage":"es-AR","mainEntityOfPage":{"@id":"https:\/\/loboproduccionesaudiovisuales.ar\/?p=13805#webpage"},"isPartOf":{"@id":"https:\/\/loboproduccionesaudiovisuales.ar\/?p=13805#webpage"},"articleSection":"ACTUALIDAD, AGRO, Blog, NACIONALES, POL\u00cdTICA, Guillermo Francos"},{"@type":"BreadcrumbList","@id":"https:\/\/loboproduccionesaudiovisuales.ar\/?p=13805#breadcrumblist","itemListElement":[{"@type":"ListItem","@id":"https:\/\/loboproduccionesaudiovisuales.ar#listItem","position":1,"name":"Home","item":"https:\/\/loboproduccionesaudiovisuales.ar","nextItem":{"@type":"ListItem","@id":"https:\/\/loboproduccionesaudiovisuales.ar\/?cat=1#listItem","name":"Blog"}},{"@type":"ListItem","@id":"https:\/\/loboproduccionesaudiovisuales.ar\/?cat=1#listItem","position":2,"name":"Blog","item":"https:\/\/loboproduccionesaudiovisuales.ar\/?cat=1","nextItem":{"@type":"ListItem","@id":"https:\/\/loboproduccionesaudiovisuales.ar\/?p=13805#listItem","name":"Francos reiter\u00f3 que no habr\u00e1 devaluaci\u00f3n y llam\u00f3 a los productores a liquidar"},"previousItem":{"@type":"ListItem","@id":"https:\/\/loboproduccionesaudiovisuales.ar#listItem","name":"Home"}},{"@type":"ListItem","@id":"https:\/\/loboproduccionesaudiovisuales.ar\/?p=13805#listItem","position":3,"name":"Francos reiter\u00f3 que no habr\u00e1 devaluaci\u00f3n y llam\u00f3 a los productores a liquidar","previousItem":{"@type":"ListItem","@id":"https:\/\/loboproduccionesaudiovisuales.ar\/?cat=1#listItem","name":"Blog"}}]},{"@type":"Organization","@id":"https:\/\/loboproduccionesaudiovisuales.ar\/#organization","name":"loboproduccionesaudiovisuales.ar","description":"Sitio digital de noticias agroindustriales","url":"https:\/\/loboproduccionesaudiovisuales.ar\/","logo":{"@type":"ImageObject","url":"https:\/\/loboproduccionesaudiovisuales.ar\/wp-content\/uploads\/2023\/07\/LPA-web.jpg","@id":"https:\/\/loboproduccionesaudiovisuales.ar\/?p=13805\/#organizationLogo","width":500,"height":144},"image":{"@id":"https:\/\/loboproduccionesaudiovisuales.ar\/?p=13805\/#organizationLogo"}},{"@type":"Person","@id":"https:\/\/loboproduccionesaudiovisuales.ar\/?author=3#author","url":"https:\/\/loboproduccionesaudiovisuales.ar\/?author=3","name":"Gustavo Werner","image":{"@type":"ImageObject","@id":"https:\/\/loboproduccionesaudiovisuales.ar\/?p=13805#authorImage","url":"https:\/\/secure.gravatar.com\/avatar\/e04239ede7d02b80503013ac1fa61f308bbe3566e5a70df5bbef7c3725a0dcae?s=96&d=mm&r=g","width":96,"height":96,"caption":"Gustavo Werner"}},{"@type":"WebPage","@id":"https:\/\/loboproduccionesaudiovisuales.ar\/?p=13805#webpage","url":"https:\/\/loboproduccionesaudiovisuales.ar\/?p=13805","name":"Francos reiter\u00f3 que no habr\u00e1 devaluaci\u00f3n y llam\u00f3 a los productores a liquidar - LOBO PRODUCCIONES AUDIOVISUALES","description":"El Jefe de Gabinete, Guillermo Francos, ratific\u00f3 que no habr\u00e1 devaluaci\u00f3n y que los productores deber\u00e1n liquidar sus d\u00f3lares, en un intento de estabilizar la econom\u00eda y atraer inversiones tras la aprobaci\u00f3n de la ley Bases. \"Ahora se ver\u00e1 nuestra habilidad para gestionar la ley Bases y atraer inversiones, si somos eficientes o no\",","inLanguage":"es-AR","isPartOf":{"@id":"https:\/\/loboproduccionesaudiovisuales.ar\/#website"},"breadcrumb":{"@id":"https:\/\/loboproduccionesaudiovisuales.ar\/?p=13805#breadcrumblist"},"author":{"@id":"https:\/\/loboproduccionesaudiovisuales.ar\/?author=3#author"},"creator":{"@id":"https:\/\/loboproduccionesaudiovisuales.ar\/?author=3#author"},"image":{"@type":"ImageObject","url":"https:\/\/loboproduccionesaudiovisuales.ar\/wp-content\/uploads\/2024\/07\/ARCHI_1113649.jpg","@id":"https:\/\/loboproduccionesaudiovisuales.ar\/?p=13805\/#mainImage","width":760,"height":503},"primaryImageOfPage":{"@id":"https:\/\/loboproduccionesaudiovisuales.ar\/?p=13805#mainImage"},"datePublished":"2024-07-01T10:34:23-03:00","dateModified":"2024-07-01T10:34:23-03:00"},{"@type":"WebSite","@id":"https:\/\/loboproduccionesaudiovisuales.ar\/#website","url":"https:\/\/loboproduccionesaudiovisuales.ar\/","name":"loboproduccionesaudiovisuales.ar","alternateName":"Lobo Producciones","description":"Sitio digital de noticias agroindustriales","inLanguage":"es-AR","publisher":{"@id":"https:\/\/loboproduccionesaudiovisuales.ar\/#organization"}}]},"og:locale":"es_ES","og:site_name":"LOBO PRODUCCIONES AUDIOVISUALES - Sitio digital de noticias agroindustriales","og:type":"article","og:title":"Francos reiter\u00f3 que no habr\u00e1 devaluaci\u00f3n y llam\u00f3 a los productores a liquidar - LOBO PRODUCCIONES AUDIOVISUALES","og:description":"El Jefe de Gabinete, Guillermo Francos, ratific\u00f3 que no habr\u00e1 devaluaci\u00f3n y que los productores deber\u00e1n liquidar sus d\u00f3lares, en un intento de estabilizar la econom\u00eda y atraer inversiones tras la aprobaci\u00f3n de la ley Bases. &quot;Ahora se ver\u00e1 nuestra habilidad para gestionar la ley Bases y atraer inversiones, si somos eficientes o no&quot;,","og:url":"https:\/\/loboproduccionesaudiovisuales.ar\/?p=13805","og:image":"https:\/\/loboproduccionesaudiovisuales.ar\/wp-content\/uploads\/2023\/07\/LPA-web.jpg","og:image:secure_url":"https:\/\/loboproduccionesaudiovisuales.ar\/wp-content\/uploads\/2023\/07\/LPA-web.jpg","article:published_time":"2024-07-01T13:34:23+00:00","article:modified_time":"2024-07-01T13:34:23+00:00","twitter:card":"summary_large_image","twitter:title":"Francos reiter\u00f3 que no habr\u00e1 devaluaci\u00f3n y llam\u00f3 a los productores a liquidar - LOBO PRODUCCIONES AUDIOVISUALES","twitter:description":"El Jefe de Gabinete, Guillermo Francos, ratific\u00f3 que no habr\u00e1 devaluaci\u00f3n y que los productores deber\u00e1n liquidar sus d\u00f3lares, en un intento de estabilizar la econom\u00eda y atraer inversiones tras la aprobaci\u00f3n de la ley Bases. &quot;Ahora se ver\u00e1 nuestra habilidad para gestionar la ley Bases y atraer inversiones, si somos eficientes o no&quot;,","twitter:image":"https:\/\/loboproduccionesaudiovisuales.ar\/wp-content\/uploads\/2023\/07\/LPA-web.jpg"},"aioseo_meta_data":{"post_id":"13805","title":null,"description":null,"keywords":null,"keyphrases":{"focus":{"keyphrase":"","score":0,"analysis":{"keyphraseInTitle":{"score":0,"maxScore":9,"error":1}}},"additional":[]},"primary_term":null,"canonical_url":null,"og_title":null,"og_description":null,"og_object_type":"default","og_image_type":"default","og_image_url":null,"og_image_width":null,"og_image_height":null,"og_image_custom_url":null,"og_image_custom_fields":null,"og_video":"","og_custom_url":null,"og_article_section":null,"og_article_tags":null,"twitter_use_og":false,"twitter_card":"default","twitter_image_type":"default","twitter_image_url":null,"twitter_image_custom_url":null,"twitter_image_custom_fields":null,"twitter_title":null,"twitter_description":null,"schema":{"blockGraphs":[],"customGraphs":[],"default":{"data":{"Article":[],"Course":[],"Dataset":[],"FAQPage":[],"Movie":[],"Person":[],"Product":[],"ProductReview":[],"Car":[],"Recipe":[],"Service":[],"SoftwareApplication":[],"WebPage":[]},"graphName":"BlogPosting","isEnabled":true},"graphs":[]},"schema_type":"default","schema_type_options":null,"pillar_content":false,"robots_default":true,"robots_noindex":false,"robots_noarchive":false,"robots_nosnippet":false,"robots_nofollow":false,"robots_noimageindex":false,"robots_noodp":false,"robots_notranslate":false,"robots_max_snippet":"-1","robots_max_videopreview":"-1","robots_max_imagepreview":"large","priority":null,"frequency":"default","local_seo":null,"breadcrumb_settings":null,"limit_modified_date":false,"ai":null,"created":"2024-07-01 13:34:23","updated":"2025-06-05 00:02:47","seo_analyzer_scan_date":null,"focus_keyword":null,"additional_keywords":null,"truseo_locale":null},"aioseo_breadcrumb":"<div class=\"aioseo-breadcrumbs\"><span class=\"aioseo-breadcrumb\">\n\t\t\t<a href=\"https:\/\/loboproduccionesaudiovisuales.ar\" title=\"Home\">Home<\/a>\n\t\t<\/span><span class=\"aioseo-breadcrumb-separator\">&raquo;<\/span><span class=\"aioseo-breadcrumb\">\n\t\t\t<a href=\"https:\/\/loboproduccionesaudiovisuales.ar\/?cat=1\" title=\"Blog\">Blog<\/a>\n\t\t<\/span><span class=\"aioseo-breadcrumb-separator\">&raquo;<\/span><span class=\"aioseo-breadcrumb\">\n\t\t\tFrancos reiter\u00f3 que no habr\u00e1 devaluaci\u00f3n y llam\u00f3 a los productores a liquidar\n\t\t<\/span><\/div>","aioseo_breadcrumb_json":[{"label":"Home","link":"https:\/\/loboproduccionesaudiovisuales.ar"},{"label":"Blog","link":"https:\/\/loboproduccionesaudiovisuales.ar\/?cat=1"},{"label":"Francos reiter\u00f3 que no habr\u00e1 devaluaci\u00f3n y llam\u00f3 a los productores a liquidar","link":"https:\/\/loboproduccionesaudiovisuales.ar\/?p=13805"}],"_links":{"self":[{"href":"https:\/\/loboproduccionesaudiovisuales.ar\/index.php?rest_route=\/wp\/v2\/posts\/13805","targetHints":{"allow":["GET"]}}],"collection":[{"href":"https:\/\/loboproduccionesaudiovisuales.ar\/index.php?rest_route=\/wp\/v2\/posts"}],"about":[{"href":"https:\/\/loboproduccionesaudiovisuales.ar\/index.php?rest_route=\/wp\/v2\/types\/post"}],"author":[{"embeddable":true,"href":"https:\/\/loboproduccionesaudiovisuales.ar\/index.php?rest_route=\/wp\/v2\/users\/3"}],"replies":[{"embeddable":true,"href":"https:\/\/loboproduccionesaudiovisuales.ar\/index.php?rest_route=%2Fwp%2Fv2%2Fcomments&post=13805"}],"version-history":[{"count":1,"href":"https:\/\/loboproduccionesaudiovisuales.ar\/index.php?rest_route=\/wp\/v2\/posts\/13805\/revisions"}],"predecessor-version":[{"id":13807,"href":"https:\/\/loboproduccionesaudiovisuales.ar\/index.php?rest_route=\/wp\/v2\/posts\/13805\/revisions\/13807"}],"wp:featuredmedia":[{"embeddable":true,"href":"https:\/\/loboproduccionesaudiovisuales.ar\/index.php?rest_route=\/wp\/v2\/media\/13806"}],"wp:attachment":[{"href":"https:\/\/loboproduccionesaudiovisuales.ar\/index.php?rest_route=%2Fwp%2Fv2%2Fmedia&parent=13805"}],"wp:term":[{"taxonomy":"category","embeddable":true,"href":"https:\/\/loboproduccionesaudiovisuales.ar\/index.php?rest_route=%2Fwp%2Fv2%2Fcategories&post=13805"},{"taxonomy":"post_tag","embeddable":true,"href":"https:\/\/loboproduccionesaudiovisuales.ar\/index.php?rest_route=%2Fwp%2Fv2%2Ftags&post=13805"}],"curies":[{"name":"wp","href":"https:\/\/api.w.org\/{rel}","templated":true}]}}