{"id":13798,"date":"2024-07-01T10:15:05","date_gmt":"2024-07-01T13:15:05","guid":{"rendered":"https:\/\/loboproduccionesaudiovisuales.ar\/?p=13798"},"modified":"2024-07-01T10:15:05","modified_gmt":"2024-07-01T13:15:05","slug":"alumnos-de-las-delicias-se-capacitaron-en-manejo-y-control-de-plagas-en-la-huerta","status":"publish","type":"post","link":"https:\/\/loboproduccionesaudiovisuales.ar\/?p=13798","title":{"rendered":"Alumnos de Las Delicias se capacitaron en manejo y control de plagas en la huerta"},"content":{"rendered":"<p><strong>Se realiz\u00f3 en la Escuela de Educaci\u00f3n Agrot\u00e9cnica Las Delicias una capacitaci\u00f3n sobre manejo y control de plagas en la huerta. <\/strong><\/p>\n<p>&nbsp;<\/p>\n<p>La capacitaci\u00f3n tuvo la modalidad te\u00f3rico-pr\u00e1ctica y se destin\u00f3 a alumnos de 5\u00ba, 6\u00ba y 7\u00ba a\u00f1o.<\/p>\n<p>La formaci\u00f3n estuvo a cargo de la ingeniera agr\u00f3noma Mirta Kahl, del Instituto Nacional de Tecnolog\u00eda Agropecuaria (INTA), Agencia Crespo.<\/p>\n<p>La encargada del \u00e1rea de Educaci\u00f3n No Formal, Betiana Hofstetter, precis\u00f3 que la capacitaci\u00f3n consisti\u00f3 en la identificaci\u00f3n, manejo y control de insectos perjudiciales, detecci\u00f3n de insectos ben\u00e9ficos y monitoreo en una huerta agroecol\u00f3gica, t\u00e9cnicas y pr\u00e1cticas de muestreo, al igual que su clasificaci\u00f3n.<\/p>\n","protected":false},"excerpt":{"rendered":"<p>Se realiz\u00f3 en la Escuela de Educaci\u00f3n Agrot\u00e9cnica Las Delicias una capacitaci\u00f3n sobre manejo y control de plagas en la&hellip;<\/p>\n","protected":false},"author":3,"featured_media":13799,"comment_status":"open","ping_status":"open","sticky":false,"template":"","format":"standard","meta":{"footnotes":""},"categories":[5,2,1,228,202,128,113],"tags":[345],"class_list":["post-13798","post","type-post","status-publish","format-standard","has-post-thumbnail","hentry","category-actualidad","category-agro","category-blog","category-cultura","category-educacion","category-entre-rios","category-region","tag-las-delicias"],"aioseo_notices":[],"aioseo_head":"\n\t\t<!-- All in One SEO 5.0.1.1 - aioseo.com -->\n\t<meta name=\"description\" content=\"Se realiz\u00f3 en la Escuela de Educaci\u00f3n Agrot\u00e9cnica Las Delicias una capacitaci\u00f3n sobre manejo y control de plagas en la huerta. La capacitaci\u00f3n tuvo la modalidad te\u00f3rico-pr\u00e1ctica y se destin\u00f3 a alumnos de 5\u00ba, 6\u00ba y 7\u00ba a\u00f1o. La formaci\u00f3n estuvo a cargo de la ingeniera agr\u00f3noma Mirta Kahl, del Instituto Nacional de Tecnolog\u00eda\" \/>\n\t<meta name=\"robots\" content=\"max-image-preview:large\" \/>\n\t<meta name=\"author\" content=\"Gustavo Werner\"\/>\n\t<link rel=\"canonical\" href=\"https:\/\/loboproduccionesaudiovisuales.ar\/?p=13798\" \/>\n\t<meta name=\"generator\" content=\"All in One SEO (AIOSEO) 5.0.1.1\" \/>\n\t\t<meta property=\"og:locale\" content=\"es_ES\" \/>\n\t\t<meta property=\"og:site_name\" content=\"LOBO PRODUCCIONES AUDIOVISUALES - Sitio digital de noticias agroindustriales\" \/>\n\t\t<meta property=\"og:type\" content=\"article\" \/>\n\t\t<meta property=\"og:title\" content=\"Alumnos de Las Delicias se capacitaron en manejo y control de plagas en la huerta - LOBO PRODUCCIONES AUDIOVISUALES\" \/>\n\t\t<meta property=\"og:description\" content=\"Se realiz\u00f3 en la Escuela de Educaci\u00f3n Agrot\u00e9cnica Las Delicias una capacitaci\u00f3n sobre manejo y control de plagas en la huerta. La capacitaci\u00f3n tuvo la modalidad te\u00f3rico-pr\u00e1ctica y se destin\u00f3 a alumnos de 5\u00ba, 6\u00ba y 7\u00ba a\u00f1o. La formaci\u00f3n estuvo a cargo de la ingeniera agr\u00f3noma Mirta Kahl, del Instituto Nacional de Tecnolog\u00eda\" \/>\n\t\t<meta property=\"og:url\" content=\"https:\/\/loboproduccionesaudiovisuales.ar\/?p=13798\" \/>\n\t\t<meta property=\"og:image\" content=\"https:\/\/loboproduccionesaudiovisuales.ar\/wp-content\/uploads\/2023\/07\/LPA-web.jpg\" \/>\n\t\t<meta property=\"og:image:secure_url\" content=\"https:\/\/loboproduccionesaudiovisuales.ar\/wp-content\/uploads\/2023\/07\/LPA-web.jpg\" \/>\n\t\t<meta property=\"article:published_time\" content=\"2024-07-01T13:15:05+00:00\" \/>\n\t\t<meta property=\"article:modified_time\" content=\"2024-07-01T13:15:05+00:00\" \/>\n\t\t<meta name=\"twitter:card\" content=\"summary_large_image\" \/>\n\t\t<meta name=\"twitter:title\" content=\"Alumnos de Las Delicias se capacitaron en manejo y control de plagas en la huerta - LOBO PRODUCCIONES AUDIOVISUALES\" \/>\n\t\t<meta name=\"twitter:description\" content=\"Se realiz\u00f3 en la Escuela de Educaci\u00f3n Agrot\u00e9cnica Las Delicias una capacitaci\u00f3n sobre manejo y control de plagas en la huerta. La capacitaci\u00f3n tuvo la modalidad te\u00f3rico-pr\u00e1ctica y se destin\u00f3 a alumnos de 5\u00ba, 6\u00ba y 7\u00ba a\u00f1o. La formaci\u00f3n estuvo a cargo de la ingeniera agr\u00f3noma Mirta Kahl, del Instituto Nacional de Tecnolog\u00eda\" \/>\n\t\t<meta name=\"twitter:image\" content=\"https:\/\/loboproduccionesaudiovisuales.ar\/wp-content\/uploads\/2023\/07\/LPA-web.jpg\" \/>\n\t\t<script type=\"application\/ld+json\" class=\"aioseo-schema\">\n\t\t\t{\"@context\":\"https:\\\/\\\/schema.org\",\"@graph\":[{\"@type\":\"BlogPosting\",\"@id\":\"https:\\\/\\\/loboproduccionesaudiovisuales.ar\\\/?p=13798#blogposting\",\"name\":\"Alumnos de Las Delicias se capacitaron en manejo y control de plagas en la huerta - LOBO PRODUCCIONES AUDIOVISUALES\",\"headline\":\"Alumnos de Las Delicias se capacitaron en manejo y control de plagas en la huerta\",\"author\":{\"@id\":\"https:\\\/\\\/loboproduccionesaudiovisuales.ar\\\/?author=3#author\"},\"publisher\":{\"@id\":\"https:\\\/\\\/loboproduccionesaudiovisuales.ar\\\/#organization\"},\"image\":{\"@type\":\"ImageObject\",\"url\":\"https:\\\/\\\/loboproduccionesaudiovisuales.ar\\\/wp-content\\\/uploads\\\/2024\\\/07\\\/24_06_09-educacion-escuela_agrotenica_las_delicias-1.jpg\",\"width\":1920,\"height\":1280},\"datePublished\":\"2024-07-01T10:15:05-03:00\",\"dateModified\":\"2024-07-01T10:15:05-03:00\",\"inLanguage\":\"es-AR\",\"mainEntityOfPage\":{\"@id\":\"https:\\\/\\\/loboproduccionesaudiovisuales.ar\\\/?p=13798#webpage\"},\"isPartOf\":{\"@id\":\"https:\\\/\\\/loboproduccionesaudiovisuales.ar\\\/?p=13798#webpage\"},\"articleSection\":\"ACTUALIDAD, AGRO, Blog, CULTURA, EDUCACI\\u00d3N, ENTRE RIOS, REGIONALES, Las Delicias\"},{\"@type\":\"BreadcrumbList\",\"@id\":\"https:\\\/\\\/loboproduccionesaudiovisuales.ar\\\/?p=13798#breadcrumblist\",\"itemListElement\":[{\"@type\":\"ListItem\",\"@id\":\"https:\\\/\\\/loboproduccionesaudiovisuales.ar#listItem\",\"position\":1,\"name\":\"Home\",\"item\":\"https:\\\/\\\/loboproduccionesaudiovisuales.ar\",\"nextItem\":{\"@type\":\"ListItem\",\"@id\":\"https:\\\/\\\/loboproduccionesaudiovisuales.ar\\\/?cat=1#listItem\",\"name\":\"Blog\"}},{\"@type\":\"ListItem\",\"@id\":\"https:\\\/\\\/loboproduccionesaudiovisuales.ar\\\/?cat=1#listItem\",\"position\":2,\"name\":\"Blog\",\"item\":\"https:\\\/\\\/loboproduccionesaudiovisuales.ar\\\/?cat=1\",\"nextItem\":{\"@type\":\"ListItem\",\"@id\":\"https:\\\/\\\/loboproduccionesaudiovisuales.ar\\\/?p=13798#listItem\",\"name\":\"Alumnos de Las Delicias se capacitaron en manejo y control de plagas en la huerta\"},\"previousItem\":{\"@type\":\"ListItem\",\"@id\":\"https:\\\/\\\/loboproduccionesaudiovisuales.ar#listItem\",\"name\":\"Home\"}},{\"@type\":\"ListItem\",\"@id\":\"https:\\\/\\\/loboproduccionesaudiovisuales.ar\\\/?p=13798#listItem\",\"position\":3,\"name\":\"Alumnos de Las Delicias se capacitaron en manejo y control de plagas en la huerta\",\"previousItem\":{\"@type\":\"ListItem\",\"@id\":\"https:\\\/\\\/loboproduccionesaudiovisuales.ar\\\/?cat=1#listItem\",\"name\":\"Blog\"}}]},{\"@type\":\"Organization\",\"@id\":\"https:\\\/\\\/loboproduccionesaudiovisuales.ar\\\/#organization\",\"name\":\"loboproduccionesaudiovisuales.ar\",\"description\":\"Sitio digital de noticias agroindustriales\",\"url\":\"https:\\\/\\\/loboproduccionesaudiovisuales.ar\\\/\",\"logo\":{\"@type\":\"ImageObject\",\"url\":\"https:\\\/\\\/loboproduccionesaudiovisuales.ar\\\/wp-content\\\/uploads\\\/2023\\\/07\\\/LPA-web.jpg\",\"@id\":\"https:\\\/\\\/loboproduccionesaudiovisuales.ar\\\/?p=13798\\\/#organizationLogo\",\"width\":500,\"height\":144},\"image\":{\"@id\":\"https:\\\/\\\/loboproduccionesaudiovisuales.ar\\\/?p=13798\\\/#organizationLogo\"}},{\"@type\":\"Person\",\"@id\":\"https:\\\/\\\/loboproduccionesaudiovisuales.ar\\\/?author=3#author\",\"url\":\"https:\\\/\\\/loboproduccionesaudiovisuales.ar\\\/?author=3\",\"name\":\"Gustavo Werner\",\"image\":{\"@type\":\"ImageObject\",\"@id\":\"https:\\\/\\\/loboproduccionesaudiovisuales.ar\\\/?p=13798#authorImage\",\"url\":\"https:\\\/\\\/loboproduccionesaudiovisuales.ar\\\/wp-content\\\/litespeed\\\/avatar\\\/de09dfb254ecca8d89a27b1f284fdb4d.jpg?ver=1788575391\",\"width\":96,\"height\":96,\"caption\":\"Gustavo Werner\"}},{\"@type\":\"WebPage\",\"@id\":\"https:\\\/\\\/loboproduccionesaudiovisuales.ar\\\/?p=13798#webpage\",\"url\":\"https:\\\/\\\/loboproduccionesaudiovisuales.ar\\\/?p=13798\",\"name\":\"Alumnos de Las Delicias se capacitaron en manejo y control de plagas en la huerta - LOBO PRODUCCIONES AUDIOVISUALES\",\"description\":\"Se realiz\\u00f3 en la Escuela de Educaci\\u00f3n Agrot\\u00e9cnica Las Delicias una capacitaci\\u00f3n sobre manejo y control de plagas en la huerta. La capacitaci\\u00f3n tuvo la modalidad te\\u00f3rico-pr\\u00e1ctica y se destin\\u00f3 a alumnos de 5\\u00ba, 6\\u00ba y 7\\u00ba a\\u00f1o. La formaci\\u00f3n estuvo a cargo de la ingeniera agr\\u00f3noma Mirta Kahl, del Instituto Nacional de Tecnolog\\u00eda\",\"inLanguage\":\"es-AR\",\"isPartOf\":{\"@id\":\"https:\\\/\\\/loboproduccionesaudiovisuales.ar\\\/#website\"},\"breadcrumb\":{\"@id\":\"https:\\\/\\\/loboproduccionesaudiovisuales.ar\\\/?p=13798#breadcrumblist\"},\"author\":{\"@id\":\"https:\\\/\\\/loboproduccionesaudiovisuales.ar\\\/?author=3#author\"},\"creator\":{\"@id\":\"https:\\\/\\\/loboproduccionesaudiovisuales.ar\\\/?author=3#author\"},\"image\":{\"@type\":\"ImageObject\",\"url\":\"https:\\\/\\\/loboproduccionesaudiovisuales.ar\\\/wp-content\\\/uploads\\\/2024\\\/07\\\/24_06_09-educacion-escuela_agrotenica_las_delicias-1.jpg\",\"@id\":\"https:\\\/\\\/loboproduccionesaudiovisuales.ar\\\/?p=13798\\\/#mainImage\",\"width\":1920,\"height\":1280},\"primaryImageOfPage\":{\"@id\":\"https:\\\/\\\/loboproduccionesaudiovisuales.ar\\\/?p=13798#mainImage\"},\"datePublished\":\"2024-07-01T10:15:05-03:00\",\"dateModified\":\"2024-07-01T10:15:05-03:00\"},{\"@type\":\"WebSite\",\"@id\":\"https:\\\/\\\/loboproduccionesaudiovisuales.ar\\\/#website\",\"url\":\"https:\\\/\\\/loboproduccionesaudiovisuales.ar\\\/\",\"name\":\"loboproduccionesaudiovisuales.ar\",\"alternateName\":\"Lobo Producciones\",\"description\":\"Sitio digital de noticias agroindustriales\",\"inLanguage\":\"es-AR\",\"publisher\":{\"@id\":\"https:\\\/\\\/loboproduccionesaudiovisuales.ar\\\/#organization\"}}]}\n\t\t<\/script>\n\t\t<!-- All in One SEO -->\n\n","aioseo_head_json":{"title":"Alumnos de Las Delicias se capacitaron en manejo y control de plagas en la huerta - LOBO PRODUCCIONES AUDIOVISUALES","description":"Se realiz\u00f3 en la Escuela de Educaci\u00f3n Agrot\u00e9cnica Las Delicias una capacitaci\u00f3n sobre manejo y control de plagas en la huerta. La capacitaci\u00f3n tuvo la modalidad te\u00f3rico-pr\u00e1ctica y se destin\u00f3 a alumnos de 5\u00ba, 6\u00ba y 7\u00ba a\u00f1o. La formaci\u00f3n estuvo a cargo de la ingeniera agr\u00f3noma Mirta Kahl, del Instituto Nacional de Tecnolog\u00eda","canonical_url":"https:\/\/loboproduccionesaudiovisuales.ar\/?p=13798","robots":"max-image-preview:large","keywords":"","webmasterTools":{"miscellaneous":""},"schema":{"@context":"https:\/\/schema.org","@graph":[{"@type":"BlogPosting","@id":"https:\/\/loboproduccionesaudiovisuales.ar\/?p=13798#blogposting","name":"Alumnos de Las Delicias se capacitaron en manejo y control de plagas en la huerta - LOBO PRODUCCIONES AUDIOVISUALES","headline":"Alumnos de Las Delicias se capacitaron en manejo y control de plagas en la huerta","author":{"@id":"https:\/\/loboproduccionesaudiovisuales.ar\/?author=3#author"},"publisher":{"@id":"https:\/\/loboproduccionesaudiovisuales.ar\/#organization"},"image":{"@type":"ImageObject","url":"https:\/\/loboproduccionesaudiovisuales.ar\/wp-content\/uploads\/2024\/07\/24_06_09-educacion-escuela_agrotenica_las_delicias-1.jpg","width":1920,"height":1280},"datePublished":"2024-07-01T10:15:05-03:00","dateModified":"2024-07-01T10:15:05-03:00","inLanguage":"es-AR","mainEntityOfPage":{"@id":"https:\/\/loboproduccionesaudiovisuales.ar\/?p=13798#webpage"},"isPartOf":{"@id":"https:\/\/loboproduccionesaudiovisuales.ar\/?p=13798#webpage"},"articleSection":"ACTUALIDAD, AGRO, Blog, CULTURA, EDUCACI\u00d3N, ENTRE RIOS, REGIONALES, Las Delicias"},{"@type":"BreadcrumbList","@id":"https:\/\/loboproduccionesaudiovisuales.ar\/?p=13798#breadcrumblist","itemListElement":[{"@type":"ListItem","@id":"https:\/\/loboproduccionesaudiovisuales.ar#listItem","position":1,"name":"Home","item":"https:\/\/loboproduccionesaudiovisuales.ar","nextItem":{"@type":"ListItem","@id":"https:\/\/loboproduccionesaudiovisuales.ar\/?cat=1#listItem","name":"Blog"}},{"@type":"ListItem","@id":"https:\/\/loboproduccionesaudiovisuales.ar\/?cat=1#listItem","position":2,"name":"Blog","item":"https:\/\/loboproduccionesaudiovisuales.ar\/?cat=1","nextItem":{"@type":"ListItem","@id":"https:\/\/loboproduccionesaudiovisuales.ar\/?p=13798#listItem","name":"Alumnos de Las Delicias se capacitaron en manejo y control de plagas en la huerta"},"previousItem":{"@type":"ListItem","@id":"https:\/\/loboproduccionesaudiovisuales.ar#listItem","name":"Home"}},{"@type":"ListItem","@id":"https:\/\/loboproduccionesaudiovisuales.ar\/?p=13798#listItem","position":3,"name":"Alumnos de Las Delicias se capacitaron en manejo y control de plagas en la huerta","previousItem":{"@type":"ListItem","@id":"https:\/\/loboproduccionesaudiovisuales.ar\/?cat=1#listItem","name":"Blog"}}]},{"@type":"Organization","@id":"https:\/\/loboproduccionesaudiovisuales.ar\/#organization","name":"loboproduccionesaudiovisuales.ar","description":"Sitio digital de noticias agroindustriales","url":"https:\/\/loboproduccionesaudiovisuales.ar\/","logo":{"@type":"ImageObject","url":"https:\/\/loboproduccionesaudiovisuales.ar\/wp-content\/uploads\/2023\/07\/LPA-web.jpg","@id":"https:\/\/loboproduccionesaudiovisuales.ar\/?p=13798\/#organizationLogo","width":500,"height":144},"image":{"@id":"https:\/\/loboproduccionesaudiovisuales.ar\/?p=13798\/#organizationLogo"}},{"@type":"Person","@id":"https:\/\/loboproduccionesaudiovisuales.ar\/?author=3#author","url":"https:\/\/loboproduccionesaudiovisuales.ar\/?author=3","name":"Gustavo Werner","image":{"@type":"ImageObject","@id":"https:\/\/loboproduccionesaudiovisuales.ar\/?p=13798#authorImage","url":"https:\/\/loboproduccionesaudiovisuales.ar\/wp-content\/litespeed\/avatar\/de09dfb254ecca8d89a27b1f284fdb4d.jpg?ver=1788575391","width":96,"height":96,"caption":"Gustavo Werner"}},{"@type":"WebPage","@id":"https:\/\/loboproduccionesaudiovisuales.ar\/?p=13798#webpage","url":"https:\/\/loboproduccionesaudiovisuales.ar\/?p=13798","name":"Alumnos de Las Delicias se capacitaron en manejo y control de plagas en la huerta - LOBO PRODUCCIONES AUDIOVISUALES","description":"Se realiz\u00f3 en la Escuela de Educaci\u00f3n Agrot\u00e9cnica Las Delicias una capacitaci\u00f3n sobre manejo y control de plagas en la huerta. La capacitaci\u00f3n tuvo la modalidad te\u00f3rico-pr\u00e1ctica y se destin\u00f3 a alumnos de 5\u00ba, 6\u00ba y 7\u00ba a\u00f1o. La formaci\u00f3n estuvo a cargo de la ingeniera agr\u00f3noma Mirta Kahl, del Instituto Nacional de Tecnolog\u00eda","inLanguage":"es-AR","isPartOf":{"@id":"https:\/\/loboproduccionesaudiovisuales.ar\/#website"},"breadcrumb":{"@id":"https:\/\/loboproduccionesaudiovisuales.ar\/?p=13798#breadcrumblist"},"author":{"@id":"https:\/\/loboproduccionesaudiovisuales.ar\/?author=3#author"},"creator":{"@id":"https:\/\/loboproduccionesaudiovisuales.ar\/?author=3#author"},"image":{"@type":"ImageObject","url":"https:\/\/loboproduccionesaudiovisuales.ar\/wp-content\/uploads\/2024\/07\/24_06_09-educacion-escuela_agrotenica_las_delicias-1.jpg","@id":"https:\/\/loboproduccionesaudiovisuales.ar\/?p=13798\/#mainImage","width":1920,"height":1280},"primaryImageOfPage":{"@id":"https:\/\/loboproduccionesaudiovisuales.ar\/?p=13798#mainImage"},"datePublished":"2024-07-01T10:15:05-03:00","dateModified":"2024-07-01T10:15:05-03:00"},{"@type":"WebSite","@id":"https:\/\/loboproduccionesaudiovisuales.ar\/#website","url":"https:\/\/loboproduccionesaudiovisuales.ar\/","name":"loboproduccionesaudiovisuales.ar","alternateName":"Lobo Producciones","description":"Sitio digital de noticias agroindustriales","inLanguage":"es-AR","publisher":{"@id":"https:\/\/loboproduccionesaudiovisuales.ar\/#organization"}}]},"og:locale":"es_ES","og:site_name":"LOBO PRODUCCIONES AUDIOVISUALES - Sitio digital de noticias agroindustriales","og:type":"article","og:title":"Alumnos de Las Delicias se capacitaron en manejo y control de plagas en la huerta - LOBO PRODUCCIONES AUDIOVISUALES","og:description":"Se realiz\u00f3 en la Escuela de Educaci\u00f3n Agrot\u00e9cnica Las Delicias una capacitaci\u00f3n sobre manejo y control de plagas en la huerta. La capacitaci\u00f3n tuvo la modalidad te\u00f3rico-pr\u00e1ctica y se destin\u00f3 a alumnos de 5\u00ba, 6\u00ba y 7\u00ba a\u00f1o. La formaci\u00f3n estuvo a cargo de la ingeniera agr\u00f3noma Mirta Kahl, del Instituto Nacional de Tecnolog\u00eda","og:url":"https:\/\/loboproduccionesaudiovisuales.ar\/?p=13798","og:image":"https:\/\/loboproduccionesaudiovisuales.ar\/wp-content\/uploads\/2023\/07\/LPA-web.jpg","og:image:secure_url":"https:\/\/loboproduccionesaudiovisuales.ar\/wp-content\/uploads\/2023\/07\/LPA-web.jpg","article:published_time":"2024-07-01T13:15:05+00:00","article:modified_time":"2024-07-01T13:15:05+00:00","twitter:card":"summary_large_image","twitter:title":"Alumnos de Las Delicias se capacitaron en manejo y control de plagas en la huerta - LOBO PRODUCCIONES AUDIOVISUALES","twitter:description":"Se realiz\u00f3 en la Escuela de Educaci\u00f3n Agrot\u00e9cnica Las Delicias una capacitaci\u00f3n sobre manejo y control de plagas en la huerta. La capacitaci\u00f3n tuvo la modalidad te\u00f3rico-pr\u00e1ctica y se destin\u00f3 a alumnos de 5\u00ba, 6\u00ba y 7\u00ba a\u00f1o. La formaci\u00f3n estuvo a cargo de la ingeniera agr\u00f3noma Mirta Kahl, del Instituto Nacional de Tecnolog\u00eda","twitter:image":"https:\/\/loboproduccionesaudiovisuales.ar\/wp-content\/uploads\/2023\/07\/LPA-web.jpg"},"aioseo_meta_data":{"post_id":"13798","title":null,"description":null,"keywords":null,"keyphrases":{"focus":{"keyphrase":"","score":0,"analysis":{"keyphraseInTitle":{"score":0,"maxScore":9,"error":1}}},"additional":[]},"primary_term":null,"canonical_url":null,"og_title":null,"og_description":null,"og_object_type":"default","og_image_type":"default","og_image_url":null,"og_image_width":null,"og_image_height":null,"og_image_custom_url":null,"og_image_custom_fields":null,"og_video":"","og_custom_url":null,"og_article_section":null,"og_article_tags":null,"twitter_use_og":false,"twitter_card":"default","twitter_image_type":"default","twitter_image_url":null,"twitter_image_custom_url":null,"twitter_image_custom_fields":null,"twitter_title":null,"twitter_description":null,"schema":{"blockGraphs":[],"customGraphs":[],"default":{"data":{"Article":[],"Course":[],"Dataset":[],"FAQPage":[],"Movie":[],"Person":[],"Product":[],"ProductReview":[],"Car":[],"Recipe":[],"Service":[],"SoftwareApplication":[],"WebPage":[]},"graphName":"BlogPosting","isEnabled":true},"graphs":[]},"schema_type":"default","schema_type_options":null,"pillar_content":false,"robots_default":true,"robots_noindex":false,"robots_noarchive":false,"robots_nosnippet":false,"robots_nofollow":false,"robots_noimageindex":false,"robots_noodp":false,"robots_notranslate":false,"robots_max_snippet":"-1","robots_max_videopreview":"-1","robots_max_imagepreview":"large","priority":null,"frequency":"default","local_seo":null,"breadcrumb_settings":null,"limit_modified_date":false,"ai":null,"created":"2024-07-01 13:15:05","updated":"2025-06-05 00:02:47","seo_analyzer_scan_date":null,"focus_keyword":null,"additional_keywords":null,"truseo_locale":null},"aioseo_breadcrumb":"<div class=\"aioseo-breadcrumbs\"><span class=\"aioseo-breadcrumb\">\n\t\t\t<a href=\"https:\/\/loboproduccionesaudiovisuales.ar\" title=\"Home\">Home<\/a>\n\t\t<\/span><span class=\"aioseo-breadcrumb-separator\">&raquo;<\/span><span class=\"aioseo-breadcrumb\">\n\t\t\t<a href=\"https:\/\/loboproduccionesaudiovisuales.ar\/?cat=1\" title=\"Blog\">Blog<\/a>\n\t\t<\/span><span class=\"aioseo-breadcrumb-separator\">&raquo;<\/span><span class=\"aioseo-breadcrumb\">\n\t\t\tAlumnos de Las Delicias se capacitaron en manejo y control de plagas en la huerta\n\t\t<\/span><\/div>","aioseo_breadcrumb_json":[{"label":"Home","link":"https:\/\/loboproduccionesaudiovisuales.ar"},{"label":"Blog","link":"https:\/\/loboproduccionesaudiovisuales.ar\/?cat=1"},{"label":"Alumnos de Las Delicias se capacitaron en manejo y control de plagas en la huerta","link":"https:\/\/loboproduccionesaudiovisuales.ar\/?p=13798"}],"_links":{"self":[{"href":"https:\/\/loboproduccionesaudiovisuales.ar\/index.php?rest_route=\/wp\/v2\/posts\/13798","targetHints":{"allow":["GET"]}}],"collection":[{"href":"https:\/\/loboproduccionesaudiovisuales.ar\/index.php?rest_route=\/wp\/v2\/posts"}],"about":[{"href":"https:\/\/loboproduccionesaudiovisuales.ar\/index.php?rest_route=\/wp\/v2\/types\/post"}],"author":[{"embeddable":true,"href":"https:\/\/loboproduccionesaudiovisuales.ar\/index.php?rest_route=\/wp\/v2\/users\/3"}],"replies":[{"embeddable":true,"href":"https:\/\/loboproduccionesaudiovisuales.ar\/index.php?rest_route=%2Fwp%2Fv2%2Fcomments&post=13798"}],"version-history":[{"count":1,"href":"https:\/\/loboproduccionesaudiovisuales.ar\/index.php?rest_route=\/wp\/v2\/posts\/13798\/revisions"}],"predecessor-version":[{"id":13800,"href":"https:\/\/loboproduccionesaudiovisuales.ar\/index.php?rest_route=\/wp\/v2\/posts\/13798\/revisions\/13800"}],"wp:featuredmedia":[{"embeddable":true,"href":"https:\/\/loboproduccionesaudiovisuales.ar\/index.php?rest_route=\/wp\/v2\/media\/13799"}],"wp:attachment":[{"href":"https:\/\/loboproduccionesaudiovisuales.ar\/index.php?rest_route=%2Fwp%2Fv2%2Fmedia&parent=13798"}],"wp:term":[{"taxonomy":"category","embeddable":true,"href":"https:\/\/loboproduccionesaudiovisuales.ar\/index.php?rest_route=%2Fwp%2Fv2%2Fcategories&post=13798"},{"taxonomy":"post_tag","embeddable":true,"href":"https:\/\/loboproduccionesaudiovisuales.ar\/index.php?rest_route=%2Fwp%2Fv2%2Ftags&post=13798"}],"curies":[{"name":"wp","href":"https:\/\/api.w.org\/{rel}","templated":true}]}}