{"id":13388,"date":"2024-06-12T08:59:34","date_gmt":"2024-06-12T11:59:34","guid":{"rendered":"https:\/\/loboproduccionesaudiovisuales.ar\/?p=13388"},"modified":"2024-06-12T11:02:43","modified_gmt":"2024-06-12T14:02:43","slug":"club-sportivo-general-racedo-organiza-la-pena-azul-y-blanco","status":"publish","type":"post","link":"https:\/\/loboproduccionesaudiovisuales.ar\/?p=13388","title":{"rendered":"Club Sportivo General Racedo organiza la &#8216;Pe\u00f1a Azul y Blanco&#8217;"},"content":{"rendered":"<p><strong>El Club Sportivo Gral. Racedo organiza la \u2018Gran Pe\u00f1a Azul y blanco\u2019 el s\u00e1bado 22 de junio a partir de las 20.00 en el Sal\u00f3n Los Cardones, en el marco de una semana especial por conmemorarse el D\u00eda de la Bandera, y con el objetivo de recaudar fondos para hacer la bajada de la luz trif\u00e1sica y desarrollar tareas de mantenimiento en la sede de la entidad deportiva.<\/strong><\/p>\n<p>&nbsp;<\/p>\n<p>El pago de la entrada es voluntario. Habr\u00e1 un importante servicio de cantina y las presentaciones musicales de Generaci\u00f3n Folclore, Jorge Quiroz, Amigos del Bar, Sembrando Chamam\u00e9, Gast\u00f3n y Miguel Gonz\u00e1les, Timb\u00faes, El rejunte y El Nuevo Estilo Chamamecero.<\/p>\n<p>Se sumar\u00e1 adem\u00e1s con demostraciones la Academia de Danzas Arabes Amal, que dirige la Prog. Ingrid Kranevitter; y estar\u00e1 Danza Litorale\u00f1a \u00d1andereko.<\/p>\n","protected":false},"excerpt":{"rendered":"<p>El Club Sportivo Gral. Racedo organiza la \u2018Gran Pe\u00f1a Azul y blanco\u2019 el s\u00e1bado 22 de junio a partir de&hellip;<\/p>\n","protected":false},"author":3,"featured_media":13390,"comment_status":"open","ping_status":"open","sticky":false,"template":"","format":"standard","meta":{"footnotes":""},"categories":[5,1,113],"tags":[160],"class_list":["post-13388","post","type-post","status-publish","format-standard","has-post-thumbnail","hentry","category-actualidad","category-blog","category-region","tag-racedo"],"aioseo_notices":[],"aioseo_head":"\n\t\t<!-- All in One SEO 5.0.1.1 - aioseo.com -->\n\t<meta name=\"description\" content=\"El Club Sportivo Gral. Racedo organiza la \u2018Gran Pe\u00f1a Azul y blanco\u2019 el s\u00e1bado 22 de junio a partir de las 20.00 en el Sal\u00f3n Los Cardones, en el marco de una semana especial por conmemorarse el D\u00eda de la Bandera, y con el objetivo de recaudar fondos para hacer la bajada de la luz\" \/>\n\t<meta name=\"robots\" content=\"max-image-preview:large\" \/>\n\t<meta name=\"author\" content=\"Gustavo Werner\"\/>\n\t<link rel=\"canonical\" href=\"https:\/\/loboproduccionesaudiovisuales.ar\/?p=13388\" \/>\n\t<meta name=\"generator\" content=\"All in One SEO (AIOSEO) 5.0.1.1\" \/>\n\t\t<meta property=\"og:locale\" content=\"es_ES\" \/>\n\t\t<meta property=\"og:site_name\" content=\"LOBO PRODUCCIONES AUDIOVISUALES - Sitio digital de noticias agroindustriales\" \/>\n\t\t<meta property=\"og:type\" content=\"article\" \/>\n\t\t<meta property=\"og:title\" content=\"Club Sportivo General Racedo organiza la \u2018Pe\u00f1a Azul y Blanco\u2019 - LOBO PRODUCCIONES AUDIOVISUALES\" \/>\n\t\t<meta property=\"og:description\" content=\"El Club Sportivo Gral. Racedo organiza la \u2018Gran Pe\u00f1a Azul y blanco\u2019 el s\u00e1bado 22 de junio a partir de las 20.00 en el Sal\u00f3n Los Cardones, en el marco de una semana especial por conmemorarse el D\u00eda de la Bandera, y con el objetivo de recaudar fondos para hacer la bajada de la luz\" \/>\n\t\t<meta property=\"og:url\" content=\"https:\/\/loboproduccionesaudiovisuales.ar\/?p=13388\" \/>\n\t\t<meta property=\"og:image\" content=\"https:\/\/loboproduccionesaudiovisuales.ar\/wp-content\/uploads\/2023\/07\/LPA-web.jpg\" \/>\n\t\t<meta property=\"og:image:secure_url\" content=\"https:\/\/loboproduccionesaudiovisuales.ar\/wp-content\/uploads\/2023\/07\/LPA-web.jpg\" \/>\n\t\t<meta property=\"article:published_time\" content=\"2024-06-12T11:59:34+00:00\" \/>\n\t\t<meta property=\"article:modified_time\" content=\"2024-06-12T14:02:43+00:00\" \/>\n\t\t<meta name=\"twitter:card\" content=\"summary_large_image\" \/>\n\t\t<meta name=\"twitter:title\" content=\"Club Sportivo General Racedo organiza la \u2018Pe\u00f1a Azul y Blanco\u2019 - LOBO PRODUCCIONES AUDIOVISUALES\" \/>\n\t\t<meta name=\"twitter:description\" content=\"El Club Sportivo Gral. Racedo organiza la \u2018Gran Pe\u00f1a Azul y blanco\u2019 el s\u00e1bado 22 de junio a partir de las 20.00 en el Sal\u00f3n Los Cardones, en el marco de una semana especial por conmemorarse el D\u00eda de la Bandera, y con el objetivo de recaudar fondos para hacer la bajada de la luz\" \/>\n\t\t<meta name=\"twitter:image\" content=\"https:\/\/loboproduccionesaudiovisuales.ar\/wp-content\/uploads\/2023\/07\/LPA-web.jpg\" \/>\n\t\t<script type=\"application\/ld+json\" class=\"aioseo-schema\">\n\t\t\t{\"@context\":\"https:\\\/\\\/schema.org\",\"@graph\":[{\"@type\":\"BlogPosting\",\"@id\":\"https:\\\/\\\/loboproduccionesaudiovisuales.ar\\\/?p=13388#blogposting\",\"name\":\"Club Sportivo General Racedo organiza la \\u2018Pe\\u00f1a Azul y Blanco\\u2019 - LOBO PRODUCCIONES AUDIOVISUALES\",\"headline\":\"Club Sportivo General Racedo organiza la &#8216;Pe\\u00f1a Azul y Blanco&#8217;\",\"author\":{\"@id\":\"https:\\\/\\\/loboproduccionesaudiovisuales.ar\\\/?author=3#author\"},\"publisher\":{\"@id\":\"https:\\\/\\\/loboproduccionesaudiovisuales.ar\\\/#organization\"},\"image\":{\"@type\":\"ImageObject\",\"url\":\"https:\\\/\\\/loboproduccionesaudiovisuales.ar\\\/wp-content\\\/uploads\\\/2024\\\/06\\\/d34e4327-062c-4796-a3e6-a9e3fb6046af.jpg\",\"width\":720,\"height\":1281},\"datePublished\":\"2024-06-12T08:59:34-03:00\",\"dateModified\":\"2024-06-12T11:02:43-03:00\",\"inLanguage\":\"es-AR\",\"mainEntityOfPage\":{\"@id\":\"https:\\\/\\\/loboproduccionesaudiovisuales.ar\\\/?p=13388#webpage\"},\"isPartOf\":{\"@id\":\"https:\\\/\\\/loboproduccionesaudiovisuales.ar\\\/?p=13388#webpage\"},\"articleSection\":\"ACTUALIDAD, Blog, REGIONALES, Racedo\"},{\"@type\":\"BreadcrumbList\",\"@id\":\"https:\\\/\\\/loboproduccionesaudiovisuales.ar\\\/?p=13388#breadcrumblist\",\"itemListElement\":[{\"@type\":\"ListItem\",\"@id\":\"https:\\\/\\\/loboproduccionesaudiovisuales.ar#listItem\",\"position\":1,\"name\":\"Home\",\"item\":\"https:\\\/\\\/loboproduccionesaudiovisuales.ar\",\"nextItem\":{\"@type\":\"ListItem\",\"@id\":\"https:\\\/\\\/loboproduccionesaudiovisuales.ar\\\/?cat=1#listItem\",\"name\":\"Blog\"}},{\"@type\":\"ListItem\",\"@id\":\"https:\\\/\\\/loboproduccionesaudiovisuales.ar\\\/?cat=1#listItem\",\"position\":2,\"name\":\"Blog\",\"item\":\"https:\\\/\\\/loboproduccionesaudiovisuales.ar\\\/?cat=1\",\"nextItem\":{\"@type\":\"ListItem\",\"@id\":\"https:\\\/\\\/loboproduccionesaudiovisuales.ar\\\/?p=13388#listItem\",\"name\":\"Club Sportivo General Racedo organiza la &#8216;Pe\\u00f1a Azul y Blanco&#8217;\"},\"previousItem\":{\"@type\":\"ListItem\",\"@id\":\"https:\\\/\\\/loboproduccionesaudiovisuales.ar#listItem\",\"name\":\"Home\"}},{\"@type\":\"ListItem\",\"@id\":\"https:\\\/\\\/loboproduccionesaudiovisuales.ar\\\/?p=13388#listItem\",\"position\":3,\"name\":\"Club Sportivo General Racedo organiza la &#8216;Pe\\u00f1a Azul y Blanco&#8217;\",\"previousItem\":{\"@type\":\"ListItem\",\"@id\":\"https:\\\/\\\/loboproduccionesaudiovisuales.ar\\\/?cat=1#listItem\",\"name\":\"Blog\"}}]},{\"@type\":\"Organization\",\"@id\":\"https:\\\/\\\/loboproduccionesaudiovisuales.ar\\\/#organization\",\"name\":\"loboproduccionesaudiovisuales.ar\",\"description\":\"Sitio digital de noticias agroindustriales\",\"url\":\"https:\\\/\\\/loboproduccionesaudiovisuales.ar\\\/\",\"logo\":{\"@type\":\"ImageObject\",\"url\":\"https:\\\/\\\/loboproduccionesaudiovisuales.ar\\\/wp-content\\\/uploads\\\/2023\\\/07\\\/LPA-web.jpg\",\"@id\":\"https:\\\/\\\/loboproduccionesaudiovisuales.ar\\\/?p=13388\\\/#organizationLogo\",\"width\":500,\"height\":144},\"image\":{\"@id\":\"https:\\\/\\\/loboproduccionesaudiovisuales.ar\\\/?p=13388\\\/#organizationLogo\"}},{\"@type\":\"Person\",\"@id\":\"https:\\\/\\\/loboproduccionesaudiovisuales.ar\\\/?author=3#author\",\"url\":\"https:\\\/\\\/loboproduccionesaudiovisuales.ar\\\/?author=3\",\"name\":\"Gustavo Werner\",\"image\":{\"@type\":\"ImageObject\",\"@id\":\"https:\\\/\\\/loboproduccionesaudiovisuales.ar\\\/?p=13388#authorImage\",\"url\":\"https:\\\/\\\/loboproduccionesaudiovisuales.ar\\\/wp-content\\\/litespeed\\\/avatar\\\/de09dfb254ecca8d89a27b1f284fdb4d.jpg?ver=1788575391\",\"width\":96,\"height\":96,\"caption\":\"Gustavo Werner\"}},{\"@type\":\"WebPage\",\"@id\":\"https:\\\/\\\/loboproduccionesaudiovisuales.ar\\\/?p=13388#webpage\",\"url\":\"https:\\\/\\\/loboproduccionesaudiovisuales.ar\\\/?p=13388\",\"name\":\"Club Sportivo General Racedo organiza la \\u2018Pe\\u00f1a Azul y Blanco\\u2019 - LOBO PRODUCCIONES AUDIOVISUALES\",\"description\":\"El Club Sportivo Gral. Racedo organiza la \\u2018Gran Pe\\u00f1a Azul y blanco\\u2019 el s\\u00e1bado 22 de junio a partir de las 20.00 en el Sal\\u00f3n Los Cardones, en el marco de una semana especial por conmemorarse el D\\u00eda de la Bandera, y con el objetivo de recaudar fondos para hacer la bajada de la luz\",\"inLanguage\":\"es-AR\",\"isPartOf\":{\"@id\":\"https:\\\/\\\/loboproduccionesaudiovisuales.ar\\\/#website\"},\"breadcrumb\":{\"@id\":\"https:\\\/\\\/loboproduccionesaudiovisuales.ar\\\/?p=13388#breadcrumblist\"},\"author\":{\"@id\":\"https:\\\/\\\/loboproduccionesaudiovisuales.ar\\\/?author=3#author\"},\"creator\":{\"@id\":\"https:\\\/\\\/loboproduccionesaudiovisuales.ar\\\/?author=3#author\"},\"image\":{\"@type\":\"ImageObject\",\"url\":\"https:\\\/\\\/loboproduccionesaudiovisuales.ar\\\/wp-content\\\/uploads\\\/2024\\\/06\\\/d34e4327-062c-4796-a3e6-a9e3fb6046af.jpg\",\"@id\":\"https:\\\/\\\/loboproduccionesaudiovisuales.ar\\\/?p=13388\\\/#mainImage\",\"width\":720,\"height\":1281},\"primaryImageOfPage\":{\"@id\":\"https:\\\/\\\/loboproduccionesaudiovisuales.ar\\\/?p=13388#mainImage\"},\"datePublished\":\"2024-06-12T08:59:34-03:00\",\"dateModified\":\"2024-06-12T11:02:43-03:00\"},{\"@type\":\"WebSite\",\"@id\":\"https:\\\/\\\/loboproduccionesaudiovisuales.ar\\\/#website\",\"url\":\"https:\\\/\\\/loboproduccionesaudiovisuales.ar\\\/\",\"name\":\"loboproduccionesaudiovisuales.ar\",\"alternateName\":\"Lobo Producciones\",\"description\":\"Sitio digital de noticias agroindustriales\",\"inLanguage\":\"es-AR\",\"publisher\":{\"@id\":\"https:\\\/\\\/loboproduccionesaudiovisuales.ar\\\/#organization\"}}]}\n\t\t<\/script>\n\t\t<!-- All in One SEO -->\n\n","aioseo_head_json":{"title":"Club Sportivo General Racedo organiza la \u2018Pe\u00f1a Azul y Blanco\u2019 - LOBO PRODUCCIONES AUDIOVISUALES","description":"El Club Sportivo Gral. Racedo organiza la \u2018Gran Pe\u00f1a Azul y blanco\u2019 el s\u00e1bado 22 de junio a partir de las 20.00 en el Sal\u00f3n Los Cardones, en el marco de una semana especial por conmemorarse el D\u00eda de la Bandera, y con el objetivo de recaudar fondos para hacer la bajada de la luz","canonical_url":"https:\/\/loboproduccionesaudiovisuales.ar\/?p=13388","robots":"max-image-preview:large","keywords":"","webmasterTools":{"miscellaneous":""},"schema":{"@context":"https:\/\/schema.org","@graph":[{"@type":"BlogPosting","@id":"https:\/\/loboproduccionesaudiovisuales.ar\/?p=13388#blogposting","name":"Club Sportivo General Racedo organiza la \u2018Pe\u00f1a Azul y Blanco\u2019 - LOBO PRODUCCIONES AUDIOVISUALES","headline":"Club Sportivo General Racedo organiza la &#8216;Pe\u00f1a Azul y Blanco&#8217;","author":{"@id":"https:\/\/loboproduccionesaudiovisuales.ar\/?author=3#author"},"publisher":{"@id":"https:\/\/loboproduccionesaudiovisuales.ar\/#organization"},"image":{"@type":"ImageObject","url":"https:\/\/loboproduccionesaudiovisuales.ar\/wp-content\/uploads\/2024\/06\/d34e4327-062c-4796-a3e6-a9e3fb6046af.jpg","width":720,"height":1281},"datePublished":"2024-06-12T08:59:34-03:00","dateModified":"2024-06-12T11:02:43-03:00","inLanguage":"es-AR","mainEntityOfPage":{"@id":"https:\/\/loboproduccionesaudiovisuales.ar\/?p=13388#webpage"},"isPartOf":{"@id":"https:\/\/loboproduccionesaudiovisuales.ar\/?p=13388#webpage"},"articleSection":"ACTUALIDAD, Blog, REGIONALES, Racedo"},{"@type":"BreadcrumbList","@id":"https:\/\/loboproduccionesaudiovisuales.ar\/?p=13388#breadcrumblist","itemListElement":[{"@type":"ListItem","@id":"https:\/\/loboproduccionesaudiovisuales.ar#listItem","position":1,"name":"Home","item":"https:\/\/loboproduccionesaudiovisuales.ar","nextItem":{"@type":"ListItem","@id":"https:\/\/loboproduccionesaudiovisuales.ar\/?cat=1#listItem","name":"Blog"}},{"@type":"ListItem","@id":"https:\/\/loboproduccionesaudiovisuales.ar\/?cat=1#listItem","position":2,"name":"Blog","item":"https:\/\/loboproduccionesaudiovisuales.ar\/?cat=1","nextItem":{"@type":"ListItem","@id":"https:\/\/loboproduccionesaudiovisuales.ar\/?p=13388#listItem","name":"Club Sportivo General Racedo organiza la &#8216;Pe\u00f1a Azul y Blanco&#8217;"},"previousItem":{"@type":"ListItem","@id":"https:\/\/loboproduccionesaudiovisuales.ar#listItem","name":"Home"}},{"@type":"ListItem","@id":"https:\/\/loboproduccionesaudiovisuales.ar\/?p=13388#listItem","position":3,"name":"Club Sportivo General Racedo organiza la &#8216;Pe\u00f1a Azul y Blanco&#8217;","previousItem":{"@type":"ListItem","@id":"https:\/\/loboproduccionesaudiovisuales.ar\/?cat=1#listItem","name":"Blog"}}]},{"@type":"Organization","@id":"https:\/\/loboproduccionesaudiovisuales.ar\/#organization","name":"loboproduccionesaudiovisuales.ar","description":"Sitio digital de noticias agroindustriales","url":"https:\/\/loboproduccionesaudiovisuales.ar\/","logo":{"@type":"ImageObject","url":"https:\/\/loboproduccionesaudiovisuales.ar\/wp-content\/uploads\/2023\/07\/LPA-web.jpg","@id":"https:\/\/loboproduccionesaudiovisuales.ar\/?p=13388\/#organizationLogo","width":500,"height":144},"image":{"@id":"https:\/\/loboproduccionesaudiovisuales.ar\/?p=13388\/#organizationLogo"}},{"@type":"Person","@id":"https:\/\/loboproduccionesaudiovisuales.ar\/?author=3#author","url":"https:\/\/loboproduccionesaudiovisuales.ar\/?author=3","name":"Gustavo Werner","image":{"@type":"ImageObject","@id":"https:\/\/loboproduccionesaudiovisuales.ar\/?p=13388#authorImage","url":"https:\/\/loboproduccionesaudiovisuales.ar\/wp-content\/litespeed\/avatar\/de09dfb254ecca8d89a27b1f284fdb4d.jpg?ver=1788575391","width":96,"height":96,"caption":"Gustavo Werner"}},{"@type":"WebPage","@id":"https:\/\/loboproduccionesaudiovisuales.ar\/?p=13388#webpage","url":"https:\/\/loboproduccionesaudiovisuales.ar\/?p=13388","name":"Club Sportivo General Racedo organiza la \u2018Pe\u00f1a Azul y Blanco\u2019 - LOBO PRODUCCIONES AUDIOVISUALES","description":"El Club Sportivo Gral. Racedo organiza la \u2018Gran Pe\u00f1a Azul y blanco\u2019 el s\u00e1bado 22 de junio a partir de las 20.00 en el Sal\u00f3n Los Cardones, en el marco de una semana especial por conmemorarse el D\u00eda de la Bandera, y con el objetivo de recaudar fondos para hacer la bajada de la luz","inLanguage":"es-AR","isPartOf":{"@id":"https:\/\/loboproduccionesaudiovisuales.ar\/#website"},"breadcrumb":{"@id":"https:\/\/loboproduccionesaudiovisuales.ar\/?p=13388#breadcrumblist"},"author":{"@id":"https:\/\/loboproduccionesaudiovisuales.ar\/?author=3#author"},"creator":{"@id":"https:\/\/loboproduccionesaudiovisuales.ar\/?author=3#author"},"image":{"@type":"ImageObject","url":"https:\/\/loboproduccionesaudiovisuales.ar\/wp-content\/uploads\/2024\/06\/d34e4327-062c-4796-a3e6-a9e3fb6046af.jpg","@id":"https:\/\/loboproduccionesaudiovisuales.ar\/?p=13388\/#mainImage","width":720,"height":1281},"primaryImageOfPage":{"@id":"https:\/\/loboproduccionesaudiovisuales.ar\/?p=13388#mainImage"},"datePublished":"2024-06-12T08:59:34-03:00","dateModified":"2024-06-12T11:02:43-03:00"},{"@type":"WebSite","@id":"https:\/\/loboproduccionesaudiovisuales.ar\/#website","url":"https:\/\/loboproduccionesaudiovisuales.ar\/","name":"loboproduccionesaudiovisuales.ar","alternateName":"Lobo Producciones","description":"Sitio digital de noticias agroindustriales","inLanguage":"es-AR","publisher":{"@id":"https:\/\/loboproduccionesaudiovisuales.ar\/#organization"}}]},"og:locale":"es_ES","og:site_name":"LOBO PRODUCCIONES AUDIOVISUALES - Sitio digital de noticias agroindustriales","og:type":"article","og:title":"Club Sportivo General Racedo organiza la \u2018Pe\u00f1a Azul y Blanco\u2019 - LOBO PRODUCCIONES AUDIOVISUALES","og:description":"El Club Sportivo Gral. Racedo organiza la \u2018Gran Pe\u00f1a Azul y blanco\u2019 el s\u00e1bado 22 de junio a partir de las 20.00 en el Sal\u00f3n Los Cardones, en el marco de una semana especial por conmemorarse el D\u00eda de la Bandera, y con el objetivo de recaudar fondos para hacer la bajada de la luz","og:url":"https:\/\/loboproduccionesaudiovisuales.ar\/?p=13388","og:image":"https:\/\/loboproduccionesaudiovisuales.ar\/wp-content\/uploads\/2023\/07\/LPA-web.jpg","og:image:secure_url":"https:\/\/loboproduccionesaudiovisuales.ar\/wp-content\/uploads\/2023\/07\/LPA-web.jpg","article:published_time":"2024-06-12T11:59:34+00:00","article:modified_time":"2024-06-12T14:02:43+00:00","twitter:card":"summary_large_image","twitter:title":"Club Sportivo General Racedo organiza la \u2018Pe\u00f1a Azul y Blanco\u2019 - LOBO PRODUCCIONES AUDIOVISUALES","twitter:description":"El Club Sportivo Gral. Racedo organiza la \u2018Gran Pe\u00f1a Azul y blanco\u2019 el s\u00e1bado 22 de junio a partir de las 20.00 en el Sal\u00f3n Los Cardones, en el marco de una semana especial por conmemorarse el D\u00eda de la Bandera, y con el objetivo de recaudar fondos para hacer la bajada de la luz","twitter:image":"https:\/\/loboproduccionesaudiovisuales.ar\/wp-content\/uploads\/2023\/07\/LPA-web.jpg"},"aioseo_meta_data":{"post_id":"13388","title":null,"description":null,"keywords":null,"keyphrases":{"focus":{"keyphrase":"","score":0,"analysis":{"keyphraseInTitle":{"score":0,"maxScore":9,"error":1}}},"additional":[]},"primary_term":null,"canonical_url":null,"og_title":null,"og_description":null,"og_object_type":"default","og_image_type":"default","og_image_url":null,"og_image_width":null,"og_image_height":null,"og_image_custom_url":null,"og_image_custom_fields":null,"og_video":"","og_custom_url":null,"og_article_section":null,"og_article_tags":null,"twitter_use_og":false,"twitter_card":"default","twitter_image_type":"default","twitter_image_url":null,"twitter_image_custom_url":null,"twitter_image_custom_fields":null,"twitter_title":null,"twitter_description":null,"schema":{"blockGraphs":[],"customGraphs":[],"default":{"data":{"Article":[],"Course":[],"Dataset":[],"FAQPage":[],"Movie":[],"Person":[],"Product":[],"ProductReview":[],"Car":[],"Recipe":[],"Service":[],"SoftwareApplication":[],"WebPage":[]},"graphName":"BlogPosting","isEnabled":true},"graphs":[]},"schema_type":"default","schema_type_options":null,"pillar_content":false,"robots_default":true,"robots_noindex":false,"robots_noarchive":false,"robots_nosnippet":false,"robots_nofollow":false,"robots_noimageindex":false,"robots_noodp":false,"robots_notranslate":false,"robots_max_snippet":"-1","robots_max_videopreview":"-1","robots_max_imagepreview":"large","priority":null,"frequency":"default","local_seo":null,"breadcrumb_settings":null,"limit_modified_date":false,"ai":null,"created":"2024-06-12 14:02:43","updated":"2025-06-04 23:54:43","seo_analyzer_scan_date":null,"focus_keyword":null,"additional_keywords":null,"truseo_locale":null},"aioseo_breadcrumb":"<div class=\"aioseo-breadcrumbs\"><span class=\"aioseo-breadcrumb\">\n\t\t\t<a href=\"https:\/\/loboproduccionesaudiovisuales.ar\" title=\"Home\">Home<\/a>\n\t\t<\/span><span class=\"aioseo-breadcrumb-separator\">&raquo;<\/span><span class=\"aioseo-breadcrumb\">\n\t\t\t<a href=\"https:\/\/loboproduccionesaudiovisuales.ar\/?cat=1\" title=\"Blog\">Blog<\/a>\n\t\t<\/span><span class=\"aioseo-breadcrumb-separator\">&raquo;<\/span><span class=\"aioseo-breadcrumb\">\n\t\t\tClub Sportivo General Racedo organiza la \u2018Pe\u00f1a Azul y Blanco\u2019\n\t\t<\/span><\/div>","aioseo_breadcrumb_json":[{"label":"Home","link":"https:\/\/loboproduccionesaudiovisuales.ar"},{"label":"Blog","link":"https:\/\/loboproduccionesaudiovisuales.ar\/?cat=1"},{"label":"Club Sportivo General Racedo organiza la &#8216;Pe\u00f1a Azul y Blanco&#8217;","link":"https:\/\/loboproduccionesaudiovisuales.ar\/?p=13388"}],"_links":{"self":[{"href":"https:\/\/loboproduccionesaudiovisuales.ar\/index.php?rest_route=\/wp\/v2\/posts\/13388","targetHints":{"allow":["GET"]}}],"collection":[{"href":"https:\/\/loboproduccionesaudiovisuales.ar\/index.php?rest_route=\/wp\/v2\/posts"}],"about":[{"href":"https:\/\/loboproduccionesaudiovisuales.ar\/index.php?rest_route=\/wp\/v2\/types\/post"}],"author":[{"embeddable":true,"href":"https:\/\/loboproduccionesaudiovisuales.ar\/index.php?rest_route=\/wp\/v2\/users\/3"}],"replies":[{"embeddable":true,"href":"https:\/\/loboproduccionesaudiovisuales.ar\/index.php?rest_route=%2Fwp%2Fv2%2Fcomments&post=13388"}],"version-history":[{"count":2,"href":"https:\/\/loboproduccionesaudiovisuales.ar\/index.php?rest_route=\/wp\/v2\/posts\/13388\/revisions"}],"predecessor-version":[{"id":13392,"href":"https:\/\/loboproduccionesaudiovisuales.ar\/index.php?rest_route=\/wp\/v2\/posts\/13388\/revisions\/13392"}],"wp:featuredmedia":[{"embeddable":true,"href":"https:\/\/loboproduccionesaudiovisuales.ar\/index.php?rest_route=\/wp\/v2\/media\/13390"}],"wp:attachment":[{"href":"https:\/\/loboproduccionesaudiovisuales.ar\/index.php?rest_route=%2Fwp%2Fv2%2Fmedia&parent=13388"}],"wp:term":[{"taxonomy":"category","embeddable":true,"href":"https:\/\/loboproduccionesaudiovisuales.ar\/index.php?rest_route=%2Fwp%2Fv2%2Fcategories&post=13388"},{"taxonomy":"post_tag","embeddable":true,"href":"https:\/\/loboproduccionesaudiovisuales.ar\/index.php?rest_route=%2Fwp%2Fv2%2Ftags&post=13388"}],"curies":[{"name":"wp","href":"https:\/\/api.w.org\/{rel}","templated":true}]}}