{"id":13170,"date":"2024-06-04T09:54:24","date_gmt":"2024-06-04T12:54:24","guid":{"rendered":"https:\/\/loboproduccionesaudiovisuales.ar\/?p=13170"},"modified":"2024-06-04T09:54:24","modified_gmt":"2024-06-04T12:54:24","slug":"del-5-al-8-de-junio-la-cita-del-agro-es-en-armstrong-con-agroactiva","status":"publish","type":"post","link":"https:\/\/loboproduccionesaudiovisuales.ar\/?p=13170","title":{"rendered":"Del 5 al 8 de junio la cita del agro es en Armstrong con Agroactiva"},"content":{"rendered":"<p><strong>Agroactiva 2024 abrir\u00e1 sus puertas este mi\u00e9rcoles y se extender\u00e1 hasta el s\u00e1bado. Siempre en el predio de la ciudad de Armstrong, en Santa Fe, donde se concretar\u00e1 la exposici\u00f3n est\u00e1tica, rondas internacionales de negocios y presentar\u00e1n las herramientas financieras disponibles para el sector.<\/strong><\/p>\n<p>&nbsp;<\/p>\n<p>La expo, como cada a\u00f1o, pretende ser un punto de inflexi\u00f3n en el escenario de amesetamiento de los negocios. El desarrollo de tecnolog\u00edas en maquinarias agr\u00edcolas, el aporte de la agricultura de precisi\u00f3n, el progreso que significa las innovaciones mediante el aporte de los datos para la toma de decisiones, ser\u00e1n algunos de los conceptos que exhibir\u00e1 esta edici\u00f3n.<\/p>\n<p>Rosana Nardi, directora general de Agroactiva, se\u00f1al\u00f3 que la expo llega en \u201cun momento sumamente estrat\u00e9gico para el sector agropecuario\u201d ya que \u201clos productores van a estar con la primera buena cosecha en casi tres a\u00f1os\u201d.<\/p>\n<p>\u201cLos productores agropecuarios siempre apuestan a la producci\u00f3n, a la tecnolog\u00eda y los vamos a estar esperando con las mejores opciones de financiaci\u00f3n\u201d, subray\u00f3 Nardi y agreg\u00f3: \u201cLa idiosincrasia del productor agropecuario siempre es invertir en tecnolog\u00eda, invertir en fierros y siempre pensando en la producci\u00f3n de la pr\u00f3xima campa\u00f1a\u201d.<\/p>\n<p>Las herramientas financieras har\u00e1n su presentaci\u00f3n para que Agroactiva vuelva a vivir un \u00e9xito. Casi una decena de entidades bancarias aportar\u00e1n tasas atractivas con cr\u00e9ditos blandos para que los productores y contratistas puedan acceder a las tecnolog\u00edas que vayan a buscar.<\/p>\n<p>El jueves 6 de junio se realizar\u00e1 la inauguraci\u00f3n oficial de la expo y ya comprometieron su participaci\u00f3n autoridades nacional. Nardi cont\u00f3 que estar\u00e1 el presidente Javier Milei y el secretario de Bioeconom\u00eda, Fernando Vilella. El viernes se llegar\u00e1 hasta Armstrong la vicepresidenta Victoria Villarruel.<\/p>\n","protected":false},"excerpt":{"rendered":"<p>Agroactiva 2024 abrir\u00e1 sus puertas este mi\u00e9rcoles y se extender\u00e1 hasta el s\u00e1bado. Siempre en el predio de la ciudad&hellip;<\/p>\n","protected":false},"author":3,"featured_media":13171,"comment_status":"open","ping_status":"open","sticky":false,"template":"","format":"standard","meta":{"footnotes":""},"categories":[5,2,1,198,140,119,168],"tags":[314],"class_list":["post-13170","post","type-post","status-publish","format-standard","has-post-thumbnail","hentry","category-actualidad","category-agro","category-blog","category-exposiciones","category-festivales","category-institucionales","category-nacionales","tag-agroactiva"],"aioseo_notices":[],"aioseo_head":"\n\t\t<!-- All in One SEO 5.0.1.1 - aioseo.com -->\n\t<meta name=\"description\" content=\"Agroactiva 2024 abrir\u00e1 sus puertas este mi\u00e9rcoles y se extender\u00e1 hasta el s\u00e1bado. Siempre en el predio de la ciudad de Armstrong, en Santa Fe, donde se concretar\u00e1 la exposici\u00f3n est\u00e1tica, rondas internacionales de negocios y presentar\u00e1n las herramientas financieras disponibles para el sector. La expo, como cada a\u00f1o, pretende ser un punto de\" \/>\n\t<meta name=\"robots\" content=\"max-image-preview:large\" \/>\n\t<meta name=\"author\" content=\"Gustavo Werner\"\/>\n\t<link rel=\"canonical\" href=\"https:\/\/loboproduccionesaudiovisuales.ar\/?p=13170\" \/>\n\t<meta name=\"generator\" content=\"All in One SEO (AIOSEO) 5.0.1.1\" \/>\n\t\t<meta property=\"og:locale\" content=\"es_ES\" \/>\n\t\t<meta property=\"og:site_name\" content=\"LOBO PRODUCCIONES AUDIOVISUALES - Sitio digital de noticias agroindustriales\" \/>\n\t\t<meta property=\"og:type\" content=\"article\" \/>\n\t\t<meta property=\"og:title\" content=\"Del 5 al 8 de junio la cita del agro es en Armstrong con Agroactiva - LOBO PRODUCCIONES AUDIOVISUALES\" \/>\n\t\t<meta property=\"og:description\" content=\"Agroactiva 2024 abrir\u00e1 sus puertas este mi\u00e9rcoles y se extender\u00e1 hasta el s\u00e1bado. Siempre en el predio de la ciudad de Armstrong, en Santa Fe, donde se concretar\u00e1 la exposici\u00f3n est\u00e1tica, rondas internacionales de negocios y presentar\u00e1n las herramientas financieras disponibles para el sector. La expo, como cada a\u00f1o, pretende ser un punto de\" \/>\n\t\t<meta property=\"og:url\" content=\"https:\/\/loboproduccionesaudiovisuales.ar\/?p=13170\" \/>\n\t\t<meta property=\"og:image\" content=\"https:\/\/loboproduccionesaudiovisuales.ar\/wp-content\/uploads\/2023\/07\/LPA-web.jpg\" \/>\n\t\t<meta property=\"og:image:secure_url\" content=\"https:\/\/loboproduccionesaudiovisuales.ar\/wp-content\/uploads\/2023\/07\/LPA-web.jpg\" \/>\n\t\t<meta property=\"article:published_time\" content=\"2024-06-04T12:54:24+00:00\" \/>\n\t\t<meta property=\"article:modified_time\" content=\"2024-06-04T12:54:24+00:00\" \/>\n\t\t<meta name=\"twitter:card\" content=\"summary_large_image\" \/>\n\t\t<meta name=\"twitter:title\" content=\"Del 5 al 8 de junio la cita del agro es en Armstrong con Agroactiva - LOBO PRODUCCIONES AUDIOVISUALES\" \/>\n\t\t<meta name=\"twitter:description\" content=\"Agroactiva 2024 abrir\u00e1 sus puertas este mi\u00e9rcoles y se extender\u00e1 hasta el s\u00e1bado. Siempre en el predio de la ciudad de Armstrong, en Santa Fe, donde se concretar\u00e1 la exposici\u00f3n est\u00e1tica, rondas internacionales de negocios y presentar\u00e1n las herramientas financieras disponibles para el sector. La expo, como cada a\u00f1o, pretende ser un punto de\" \/>\n\t\t<meta name=\"twitter:image\" content=\"https:\/\/loboproduccionesaudiovisuales.ar\/wp-content\/uploads\/2023\/07\/LPA-web.jpg\" \/>\n\t\t<script type=\"application\/ld+json\" class=\"aioseo-schema\">\n\t\t\t{\"@context\":\"https:\\\/\\\/schema.org\",\"@graph\":[{\"@type\":\"BlogPosting\",\"@id\":\"https:\\\/\\\/loboproduccionesaudiovisuales.ar\\\/?p=13170#blogposting\",\"name\":\"Del 5 al 8 de junio la cita del agro es en Armstrong con Agroactiva - LOBO PRODUCCIONES AUDIOVISUALES\",\"headline\":\"Del 5 al 8 de junio la cita del agro es en Armstrong con Agroactiva\",\"author\":{\"@id\":\"https:\\\/\\\/loboproduccionesaudiovisuales.ar\\\/?author=3#author\"},\"publisher\":{\"@id\":\"https:\\\/\\\/loboproduccionesaudiovisuales.ar\\\/#organization\"},\"image\":{\"@type\":\"ImageObject\",\"url\":\"https:\\\/\\\/loboproduccionesaudiovisuales.ar\\\/wp-content\\\/uploads\\\/2024\\\/06\\\/AgroActiva-2024.png\",\"width\":1200,\"height\":300},\"datePublished\":\"2024-06-04T09:54:24-03:00\",\"dateModified\":\"2024-06-04T09:54:24-03:00\",\"inLanguage\":\"es-AR\",\"mainEntityOfPage\":{\"@id\":\"https:\\\/\\\/loboproduccionesaudiovisuales.ar\\\/?p=13170#webpage\"},\"isPartOf\":{\"@id\":\"https:\\\/\\\/loboproduccionesaudiovisuales.ar\\\/?p=13170#webpage\"},\"articleSection\":\"ACTUALIDAD, AGRO, Blog, EXPOSICIONES, FESTIVALES, INSTITUCIONALES, NACIONALES, Agroactiva\"},{\"@type\":\"BreadcrumbList\",\"@id\":\"https:\\\/\\\/loboproduccionesaudiovisuales.ar\\\/?p=13170#breadcrumblist\",\"itemListElement\":[{\"@type\":\"ListItem\",\"@id\":\"https:\\\/\\\/loboproduccionesaudiovisuales.ar#listItem\",\"position\":1,\"name\":\"Home\",\"item\":\"https:\\\/\\\/loboproduccionesaudiovisuales.ar\",\"nextItem\":{\"@type\":\"ListItem\",\"@id\":\"https:\\\/\\\/loboproduccionesaudiovisuales.ar\\\/?cat=1#listItem\",\"name\":\"Blog\"}},{\"@type\":\"ListItem\",\"@id\":\"https:\\\/\\\/loboproduccionesaudiovisuales.ar\\\/?cat=1#listItem\",\"position\":2,\"name\":\"Blog\",\"item\":\"https:\\\/\\\/loboproduccionesaudiovisuales.ar\\\/?cat=1\",\"nextItem\":{\"@type\":\"ListItem\",\"@id\":\"https:\\\/\\\/loboproduccionesaudiovisuales.ar\\\/?p=13170#listItem\",\"name\":\"Del 5 al 8 de junio la cita del agro es en Armstrong con Agroactiva\"},\"previousItem\":{\"@type\":\"ListItem\",\"@id\":\"https:\\\/\\\/loboproduccionesaudiovisuales.ar#listItem\",\"name\":\"Home\"}},{\"@type\":\"ListItem\",\"@id\":\"https:\\\/\\\/loboproduccionesaudiovisuales.ar\\\/?p=13170#listItem\",\"position\":3,\"name\":\"Del 5 al 8 de junio la cita del agro es en Armstrong con Agroactiva\",\"previousItem\":{\"@type\":\"ListItem\",\"@id\":\"https:\\\/\\\/loboproduccionesaudiovisuales.ar\\\/?cat=1#listItem\",\"name\":\"Blog\"}}]},{\"@type\":\"Organization\",\"@id\":\"https:\\\/\\\/loboproduccionesaudiovisuales.ar\\\/#organization\",\"name\":\"loboproduccionesaudiovisuales.ar\",\"description\":\"Sitio digital de noticias agroindustriales\",\"url\":\"https:\\\/\\\/loboproduccionesaudiovisuales.ar\\\/\",\"logo\":{\"@type\":\"ImageObject\",\"url\":\"https:\\\/\\\/loboproduccionesaudiovisuales.ar\\\/wp-content\\\/uploads\\\/2023\\\/07\\\/LPA-web.jpg\",\"@id\":\"https:\\\/\\\/loboproduccionesaudiovisuales.ar\\\/?p=13170\\\/#organizationLogo\",\"width\":500,\"height\":144},\"image\":{\"@id\":\"https:\\\/\\\/loboproduccionesaudiovisuales.ar\\\/?p=13170\\\/#organizationLogo\"}},{\"@type\":\"Person\",\"@id\":\"https:\\\/\\\/loboproduccionesaudiovisuales.ar\\\/?author=3#author\",\"url\":\"https:\\\/\\\/loboproduccionesaudiovisuales.ar\\\/?author=3\",\"name\":\"Gustavo Werner\",\"image\":{\"@type\":\"ImageObject\",\"@id\":\"https:\\\/\\\/loboproduccionesaudiovisuales.ar\\\/?p=13170#authorImage\",\"url\":\"https:\\\/\\\/secure.gravatar.com\\\/avatar\\\/e04239ede7d02b80503013ac1fa61f308bbe3566e5a70df5bbef7c3725a0dcae?s=96&d=mm&r=g\",\"width\":96,\"height\":96,\"caption\":\"Gustavo Werner\"}},{\"@type\":\"WebPage\",\"@id\":\"https:\\\/\\\/loboproduccionesaudiovisuales.ar\\\/?p=13170#webpage\",\"url\":\"https:\\\/\\\/loboproduccionesaudiovisuales.ar\\\/?p=13170\",\"name\":\"Del 5 al 8 de junio la cita del agro es en Armstrong con Agroactiva - LOBO PRODUCCIONES AUDIOVISUALES\",\"description\":\"Agroactiva 2024 abrir\\u00e1 sus puertas este mi\\u00e9rcoles y se extender\\u00e1 hasta el s\\u00e1bado. Siempre en el predio de la ciudad de Armstrong, en Santa Fe, donde se concretar\\u00e1 la exposici\\u00f3n est\\u00e1tica, rondas internacionales de negocios y presentar\\u00e1n las herramientas financieras disponibles para el sector. La expo, como cada a\\u00f1o, pretende ser un punto de\",\"inLanguage\":\"es-AR\",\"isPartOf\":{\"@id\":\"https:\\\/\\\/loboproduccionesaudiovisuales.ar\\\/#website\"},\"breadcrumb\":{\"@id\":\"https:\\\/\\\/loboproduccionesaudiovisuales.ar\\\/?p=13170#breadcrumblist\"},\"author\":{\"@id\":\"https:\\\/\\\/loboproduccionesaudiovisuales.ar\\\/?author=3#author\"},\"creator\":{\"@id\":\"https:\\\/\\\/loboproduccionesaudiovisuales.ar\\\/?author=3#author\"},\"image\":{\"@type\":\"ImageObject\",\"url\":\"https:\\\/\\\/loboproduccionesaudiovisuales.ar\\\/wp-content\\\/uploads\\\/2024\\\/06\\\/AgroActiva-2024.png\",\"@id\":\"https:\\\/\\\/loboproduccionesaudiovisuales.ar\\\/?p=13170\\\/#mainImage\",\"width\":1200,\"height\":300},\"primaryImageOfPage\":{\"@id\":\"https:\\\/\\\/loboproduccionesaudiovisuales.ar\\\/?p=13170#mainImage\"},\"datePublished\":\"2024-06-04T09:54:24-03:00\",\"dateModified\":\"2024-06-04T09:54:24-03:00\"},{\"@type\":\"WebSite\",\"@id\":\"https:\\\/\\\/loboproduccionesaudiovisuales.ar\\\/#website\",\"url\":\"https:\\\/\\\/loboproduccionesaudiovisuales.ar\\\/\",\"name\":\"loboproduccionesaudiovisuales.ar\",\"alternateName\":\"Lobo Producciones\",\"description\":\"Sitio digital de noticias agroindustriales\",\"inLanguage\":\"es-AR\",\"publisher\":{\"@id\":\"https:\\\/\\\/loboproduccionesaudiovisuales.ar\\\/#organization\"}}]}\n\t\t<\/script>\n\t\t<!-- All in One SEO -->\n\n","aioseo_head_json":{"title":"Del 5 al 8 de junio la cita del agro es en Armstrong con Agroactiva - LOBO PRODUCCIONES AUDIOVISUALES","description":"Agroactiva 2024 abrir\u00e1 sus puertas este mi\u00e9rcoles y se extender\u00e1 hasta el s\u00e1bado. Siempre en el predio de la ciudad de Armstrong, en Santa Fe, donde se concretar\u00e1 la exposici\u00f3n est\u00e1tica, rondas internacionales de negocios y presentar\u00e1n las herramientas financieras disponibles para el sector. La expo, como cada a\u00f1o, pretende ser un punto de","canonical_url":"https:\/\/loboproduccionesaudiovisuales.ar\/?p=13170","robots":"max-image-preview:large","keywords":"","webmasterTools":{"miscellaneous":""},"schema":{"@context":"https:\/\/schema.org","@graph":[{"@type":"BlogPosting","@id":"https:\/\/loboproduccionesaudiovisuales.ar\/?p=13170#blogposting","name":"Del 5 al 8 de junio la cita del agro es en Armstrong con Agroactiva - LOBO PRODUCCIONES AUDIOVISUALES","headline":"Del 5 al 8 de junio la cita del agro es en Armstrong con Agroactiva","author":{"@id":"https:\/\/loboproduccionesaudiovisuales.ar\/?author=3#author"},"publisher":{"@id":"https:\/\/loboproduccionesaudiovisuales.ar\/#organization"},"image":{"@type":"ImageObject","url":"https:\/\/loboproduccionesaudiovisuales.ar\/wp-content\/uploads\/2024\/06\/AgroActiva-2024.png","width":1200,"height":300},"datePublished":"2024-06-04T09:54:24-03:00","dateModified":"2024-06-04T09:54:24-03:00","inLanguage":"es-AR","mainEntityOfPage":{"@id":"https:\/\/loboproduccionesaudiovisuales.ar\/?p=13170#webpage"},"isPartOf":{"@id":"https:\/\/loboproduccionesaudiovisuales.ar\/?p=13170#webpage"},"articleSection":"ACTUALIDAD, AGRO, Blog, EXPOSICIONES, FESTIVALES, INSTITUCIONALES, NACIONALES, Agroactiva"},{"@type":"BreadcrumbList","@id":"https:\/\/loboproduccionesaudiovisuales.ar\/?p=13170#breadcrumblist","itemListElement":[{"@type":"ListItem","@id":"https:\/\/loboproduccionesaudiovisuales.ar#listItem","position":1,"name":"Home","item":"https:\/\/loboproduccionesaudiovisuales.ar","nextItem":{"@type":"ListItem","@id":"https:\/\/loboproduccionesaudiovisuales.ar\/?cat=1#listItem","name":"Blog"}},{"@type":"ListItem","@id":"https:\/\/loboproduccionesaudiovisuales.ar\/?cat=1#listItem","position":2,"name":"Blog","item":"https:\/\/loboproduccionesaudiovisuales.ar\/?cat=1","nextItem":{"@type":"ListItem","@id":"https:\/\/loboproduccionesaudiovisuales.ar\/?p=13170#listItem","name":"Del 5 al 8 de junio la cita del agro es en Armstrong con Agroactiva"},"previousItem":{"@type":"ListItem","@id":"https:\/\/loboproduccionesaudiovisuales.ar#listItem","name":"Home"}},{"@type":"ListItem","@id":"https:\/\/loboproduccionesaudiovisuales.ar\/?p=13170#listItem","position":3,"name":"Del 5 al 8 de junio la cita del agro es en Armstrong con Agroactiva","previousItem":{"@type":"ListItem","@id":"https:\/\/loboproduccionesaudiovisuales.ar\/?cat=1#listItem","name":"Blog"}}]},{"@type":"Organization","@id":"https:\/\/loboproduccionesaudiovisuales.ar\/#organization","name":"loboproduccionesaudiovisuales.ar","description":"Sitio digital de noticias agroindustriales","url":"https:\/\/loboproduccionesaudiovisuales.ar\/","logo":{"@type":"ImageObject","url":"https:\/\/loboproduccionesaudiovisuales.ar\/wp-content\/uploads\/2023\/07\/LPA-web.jpg","@id":"https:\/\/loboproduccionesaudiovisuales.ar\/?p=13170\/#organizationLogo","width":500,"height":144},"image":{"@id":"https:\/\/loboproduccionesaudiovisuales.ar\/?p=13170\/#organizationLogo"}},{"@type":"Person","@id":"https:\/\/loboproduccionesaudiovisuales.ar\/?author=3#author","url":"https:\/\/loboproduccionesaudiovisuales.ar\/?author=3","name":"Gustavo Werner","image":{"@type":"ImageObject","@id":"https:\/\/loboproduccionesaudiovisuales.ar\/?p=13170#authorImage","url":"https:\/\/secure.gravatar.com\/avatar\/e04239ede7d02b80503013ac1fa61f308bbe3566e5a70df5bbef7c3725a0dcae?s=96&d=mm&r=g","width":96,"height":96,"caption":"Gustavo Werner"}},{"@type":"WebPage","@id":"https:\/\/loboproduccionesaudiovisuales.ar\/?p=13170#webpage","url":"https:\/\/loboproduccionesaudiovisuales.ar\/?p=13170","name":"Del 5 al 8 de junio la cita del agro es en Armstrong con Agroactiva - LOBO PRODUCCIONES AUDIOVISUALES","description":"Agroactiva 2024 abrir\u00e1 sus puertas este mi\u00e9rcoles y se extender\u00e1 hasta el s\u00e1bado. Siempre en el predio de la ciudad de Armstrong, en Santa Fe, donde se concretar\u00e1 la exposici\u00f3n est\u00e1tica, rondas internacionales de negocios y presentar\u00e1n las herramientas financieras disponibles para el sector. La expo, como cada a\u00f1o, pretende ser un punto de","inLanguage":"es-AR","isPartOf":{"@id":"https:\/\/loboproduccionesaudiovisuales.ar\/#website"},"breadcrumb":{"@id":"https:\/\/loboproduccionesaudiovisuales.ar\/?p=13170#breadcrumblist"},"author":{"@id":"https:\/\/loboproduccionesaudiovisuales.ar\/?author=3#author"},"creator":{"@id":"https:\/\/loboproduccionesaudiovisuales.ar\/?author=3#author"},"image":{"@type":"ImageObject","url":"https:\/\/loboproduccionesaudiovisuales.ar\/wp-content\/uploads\/2024\/06\/AgroActiva-2024.png","@id":"https:\/\/loboproduccionesaudiovisuales.ar\/?p=13170\/#mainImage","width":1200,"height":300},"primaryImageOfPage":{"@id":"https:\/\/loboproduccionesaudiovisuales.ar\/?p=13170#mainImage"},"datePublished":"2024-06-04T09:54:24-03:00","dateModified":"2024-06-04T09:54:24-03:00"},{"@type":"WebSite","@id":"https:\/\/loboproduccionesaudiovisuales.ar\/#website","url":"https:\/\/loboproduccionesaudiovisuales.ar\/","name":"loboproduccionesaudiovisuales.ar","alternateName":"Lobo Producciones","description":"Sitio digital de noticias agroindustriales","inLanguage":"es-AR","publisher":{"@id":"https:\/\/loboproduccionesaudiovisuales.ar\/#organization"}}]},"og:locale":"es_ES","og:site_name":"LOBO PRODUCCIONES AUDIOVISUALES - Sitio digital de noticias agroindustriales","og:type":"article","og:title":"Del 5 al 8 de junio la cita del agro es en Armstrong con Agroactiva - LOBO PRODUCCIONES AUDIOVISUALES","og:description":"Agroactiva 2024 abrir\u00e1 sus puertas este mi\u00e9rcoles y se extender\u00e1 hasta el s\u00e1bado. Siempre en el predio de la ciudad de Armstrong, en Santa Fe, donde se concretar\u00e1 la exposici\u00f3n est\u00e1tica, rondas internacionales de negocios y presentar\u00e1n las herramientas financieras disponibles para el sector. La expo, como cada a\u00f1o, pretende ser un punto de","og:url":"https:\/\/loboproduccionesaudiovisuales.ar\/?p=13170","og:image":"https:\/\/loboproduccionesaudiovisuales.ar\/wp-content\/uploads\/2023\/07\/LPA-web.jpg","og:image:secure_url":"https:\/\/loboproduccionesaudiovisuales.ar\/wp-content\/uploads\/2023\/07\/LPA-web.jpg","article:published_time":"2024-06-04T12:54:24+00:00","article:modified_time":"2024-06-04T12:54:24+00:00","twitter:card":"summary_large_image","twitter:title":"Del 5 al 8 de junio la cita del agro es en Armstrong con Agroactiva - LOBO PRODUCCIONES AUDIOVISUALES","twitter:description":"Agroactiva 2024 abrir\u00e1 sus puertas este mi\u00e9rcoles y se extender\u00e1 hasta el s\u00e1bado. Siempre en el predio de la ciudad de Armstrong, en Santa Fe, donde se concretar\u00e1 la exposici\u00f3n est\u00e1tica, rondas internacionales de negocios y presentar\u00e1n las herramientas financieras disponibles para el sector. La expo, como cada a\u00f1o, pretende ser un punto de","twitter:image":"https:\/\/loboproduccionesaudiovisuales.ar\/wp-content\/uploads\/2023\/07\/LPA-web.jpg"},"aioseo_meta_data":{"post_id":"13170","title":null,"description":null,"keywords":null,"keyphrases":{"focus":{"keyphrase":"","score":0,"analysis":{"keyphraseInTitle":{"score":0,"maxScore":9,"error":1}}},"additional":[]},"primary_term":null,"canonical_url":null,"og_title":null,"og_description":null,"og_object_type":"default","og_image_type":"default","og_image_url":null,"og_image_width":null,"og_image_height":null,"og_image_custom_url":null,"og_image_custom_fields":null,"og_video":"","og_custom_url":null,"og_article_section":null,"og_article_tags":null,"twitter_use_og":false,"twitter_card":"default","twitter_image_type":"default","twitter_image_url":null,"twitter_image_custom_url":null,"twitter_image_custom_fields":null,"twitter_title":null,"twitter_description":null,"schema":{"blockGraphs":[],"customGraphs":[],"default":{"data":{"Article":[],"Course":[],"Dataset":[],"FAQPage":[],"Movie":[],"Person":[],"Product":[],"ProductReview":[],"Car":[],"Recipe":[],"Service":[],"SoftwareApplication":[],"WebPage":[]},"graphName":"BlogPosting","isEnabled":true},"graphs":[]},"schema_type":"default","schema_type_options":null,"pillar_content":false,"robots_default":true,"robots_noindex":false,"robots_noarchive":false,"robots_nosnippet":false,"robots_nofollow":false,"robots_noimageindex":false,"robots_noodp":false,"robots_notranslate":false,"robots_max_snippet":"-1","robots_max_videopreview":"-1","robots_max_imagepreview":"large","priority":null,"frequency":"default","local_seo":null,"breadcrumb_settings":null,"limit_modified_date":false,"ai":null,"created":"2024-06-04 12:54:24","updated":"2025-06-04 23:51:29","seo_analyzer_scan_date":null,"focus_keyword":null,"additional_keywords":null,"truseo_locale":null},"aioseo_breadcrumb":"<div class=\"aioseo-breadcrumbs\"><span class=\"aioseo-breadcrumb\">\n\t\t\t<a href=\"https:\/\/loboproduccionesaudiovisuales.ar\" title=\"Home\">Home<\/a>\n\t\t<\/span><span class=\"aioseo-breadcrumb-separator\">&raquo;<\/span><span class=\"aioseo-breadcrumb\">\n\t\t\t<a href=\"https:\/\/loboproduccionesaudiovisuales.ar\/?cat=1\" title=\"Blog\">Blog<\/a>\n\t\t<\/span><span class=\"aioseo-breadcrumb-separator\">&raquo;<\/span><span class=\"aioseo-breadcrumb\">\n\t\t\tDel 5 al 8 de junio la cita del agro es en Armstrong con Agroactiva\n\t\t<\/span><\/div>","aioseo_breadcrumb_json":[{"label":"Home","link":"https:\/\/loboproduccionesaudiovisuales.ar"},{"label":"Blog","link":"https:\/\/loboproduccionesaudiovisuales.ar\/?cat=1"},{"label":"Del 5 al 8 de junio la cita del agro es en Armstrong con Agroactiva","link":"https:\/\/loboproduccionesaudiovisuales.ar\/?p=13170"}],"_links":{"self":[{"href":"https:\/\/loboproduccionesaudiovisuales.ar\/index.php?rest_route=\/wp\/v2\/posts\/13170","targetHints":{"allow":["GET"]}}],"collection":[{"href":"https:\/\/loboproduccionesaudiovisuales.ar\/index.php?rest_route=\/wp\/v2\/posts"}],"about":[{"href":"https:\/\/loboproduccionesaudiovisuales.ar\/index.php?rest_route=\/wp\/v2\/types\/post"}],"author":[{"embeddable":true,"href":"https:\/\/loboproduccionesaudiovisuales.ar\/index.php?rest_route=\/wp\/v2\/users\/3"}],"replies":[{"embeddable":true,"href":"https:\/\/loboproduccionesaudiovisuales.ar\/index.php?rest_route=%2Fwp%2Fv2%2Fcomments&post=13170"}],"version-history":[{"count":1,"href":"https:\/\/loboproduccionesaudiovisuales.ar\/index.php?rest_route=\/wp\/v2\/posts\/13170\/revisions"}],"predecessor-version":[{"id":13172,"href":"https:\/\/loboproduccionesaudiovisuales.ar\/index.php?rest_route=\/wp\/v2\/posts\/13170\/revisions\/13172"}],"wp:featuredmedia":[{"embeddable":true,"href":"https:\/\/loboproduccionesaudiovisuales.ar\/index.php?rest_route=\/wp\/v2\/media\/13171"}],"wp:attachment":[{"href":"https:\/\/loboproduccionesaudiovisuales.ar\/index.php?rest_route=%2Fwp%2Fv2%2Fmedia&parent=13170"}],"wp:term":[{"taxonomy":"category","embeddable":true,"href":"https:\/\/loboproduccionesaudiovisuales.ar\/index.php?rest_route=%2Fwp%2Fv2%2Fcategories&post=13170"},{"taxonomy":"post_tag","embeddable":true,"href":"https:\/\/loboproduccionesaudiovisuales.ar\/index.php?rest_route=%2Fwp%2Fv2%2Ftags&post=13170"}],"curies":[{"name":"wp","href":"https:\/\/api.w.org\/{rel}","templated":true}]}}