{"id":13127,"date":"2024-06-03T10:02:28","date_gmt":"2024-06-03T13:02:28","guid":{"rendered":"https:\/\/loboproduccionesaudiovisuales.ar\/?p=13127"},"modified":"2024-06-03T10:02:28","modified_gmt":"2024-06-03T13:02:28","slug":"clima-es-probable-que-el-nino-de-paso-a-la-nina-este-ano","status":"publish","type":"post","link":"https:\/\/loboproduccionesaudiovisuales.ar\/?p=13127","title":{"rendered":"Clima: es probable que El Ni\u00f1o d\u00e9 paso a La Ni\u00f1a este a\u00f1o"},"content":{"rendered":"<p><strong>As\u00ed lo indic\u00f3 la Agencia meteorol\u00f3gica de la ONU y advirti\u00f3 que puede provocar fen\u00f3menos extremos como incendios forestales y ciclones tropicales.<\/strong><\/p>\n<p>&nbsp;<\/p>\n<p><strong>La Organizaci\u00f3n Meteorol\u00f3gica Mundial (OMM) pronostic\u00f3 el lunes que el fen\u00f3meno de El Ni\u00f1o, que puede provocar fen\u00f3menos extremos como incendios forestales y ciclones tropicales<\/strong>, volver\u00e1 este a\u00f1o a las condiciones m\u00e1s fr\u00edas de La Ni\u00f1a.<\/p>\n<p><strong>El Ni\u00f1o es un calentamiento natural de las temperaturas de la superficie oce\u00e1nica en el Pac\u00edfico oriental y centra<\/strong>l, mientras que La Ni\u00f1a se caracteriza por temperaturas oce\u00e1nicas fr\u00edas en la regi\u00f3n del Pac\u00edfico ecuatorial y est\u00e1 relacionada con inundaciones y sequ\u00edas.<\/p>\n<p>Seg\u00fan la OMM, h<strong>ay un 60% de probabilidades de que se den las condiciones de La Ni\u00f1a entre julio y septiembre<\/strong>\u00a0y un 70% de que se produzcan entre agosto y noviembre.<\/p>\n<p>&#8220;El final de El Ni\u00f1o no significa una pausa en el cambio clim\u00e1tico a largo plazo, ya que nuestro planeta seguir\u00e1 calent\u00e1ndose debido a los gases de efecto invernadero que atrapan el calor&#8221;, dijo el secretario general Adjunto de la OMM, Ko Barrett.<\/p>\n<p><strong>&#8220;Las temperaturas excepcionalmente altas de la superficie del mar seguir\u00e1n desempe\u00f1ando un papel importante durante los pr\u00f3ximos meses&#8221;<\/strong>, a\u00f1adi\u00f3<\/p>\n<p>Los \u00faltimos nueve a\u00f1os fueron los m\u00e1s c\u00e1lidos de los que se tiene constancia a pesar del efecto de enfriamiento de La Ni\u00f1a que se extendi\u00f3 desde 2020 hasta principios de 2023, seg\u00fan la OMM.<\/p>\n","protected":false},"excerpt":{"rendered":"<p>As\u00ed lo indic\u00f3 la Agencia meteorol\u00f3gica de la ONU y advirti\u00f3 que puede provocar fen\u00f3menos extremos como incendios forestales y&hellip;<\/p>\n","protected":false},"author":3,"featured_media":13128,"comment_status":"open","ping_status":"open","sticky":false,"template":"","format":"standard","meta":{"footnotes":""},"categories":[5,2,1,8],"tags":[71,195,312],"class_list":["post-13127","post","type-post","status-publish","format-standard","has-post-thumbnail","hentry","category-actualidad","category-agro","category-blog","category-clima","tag-clima","tag-nina","tag-nino"],"aioseo_notices":[],"aioseo_head":"\n\t\t<!-- All in One SEO 5.0.1.1 - aioseo.com -->\n\t<meta name=\"description\" content=\"As\u00ed lo indic\u00f3 la Agencia meteorol\u00f3gica de la ONU y advirti\u00f3 que puede provocar fen\u00f3menos extremos como incendios forestales y ciclones tropicales. La Organizaci\u00f3n Meteorol\u00f3gica Mundial (OMM) pronostic\u00f3 el lunes que el fen\u00f3meno de El Ni\u00f1o, que puede provocar fen\u00f3menos extremos como incendios forestales y ciclones tropicales, volver\u00e1 este a\u00f1o a las condiciones m\u00e1s\" \/>\n\t<meta name=\"robots\" content=\"max-image-preview:large\" \/>\n\t<meta name=\"author\" content=\"Gustavo Werner\"\/>\n\t<link rel=\"canonical\" href=\"https:\/\/loboproduccionesaudiovisuales.ar\/?p=13127\" \/>\n\t<meta name=\"generator\" content=\"All in One SEO (AIOSEO) 5.0.1.1\" \/>\n\t\t<meta property=\"og:locale\" content=\"es_ES\" \/>\n\t\t<meta property=\"og:site_name\" content=\"LOBO PRODUCCIONES AUDIOVISUALES - Sitio digital de noticias agroindustriales\" \/>\n\t\t<meta property=\"og:type\" content=\"article\" \/>\n\t\t<meta property=\"og:title\" content=\"Clima: es probable que El Ni\u00f1o d\u00e9 paso a La Ni\u00f1a este a\u00f1o - LOBO PRODUCCIONES AUDIOVISUALES\" \/>\n\t\t<meta property=\"og:description\" content=\"As\u00ed lo indic\u00f3 la Agencia meteorol\u00f3gica de la ONU y advirti\u00f3 que puede provocar fen\u00f3menos extremos como incendios forestales y ciclones tropicales. La Organizaci\u00f3n Meteorol\u00f3gica Mundial (OMM) pronostic\u00f3 el lunes que el fen\u00f3meno de El Ni\u00f1o, que puede provocar fen\u00f3menos extremos como incendios forestales y ciclones tropicales, volver\u00e1 este a\u00f1o a las condiciones m\u00e1s\" \/>\n\t\t<meta property=\"og:url\" content=\"https:\/\/loboproduccionesaudiovisuales.ar\/?p=13127\" \/>\n\t\t<meta property=\"og:image\" content=\"https:\/\/loboproduccionesaudiovisuales.ar\/wp-content\/uploads\/2023\/07\/LPA-web.jpg\" \/>\n\t\t<meta property=\"og:image:secure_url\" content=\"https:\/\/loboproduccionesaudiovisuales.ar\/wp-content\/uploads\/2023\/07\/LPA-web.jpg\" \/>\n\t\t<meta property=\"article:published_time\" content=\"2024-06-03T13:02:28+00:00\" \/>\n\t\t<meta property=\"article:modified_time\" content=\"2024-06-03T13:02:28+00:00\" \/>\n\t\t<meta name=\"twitter:card\" content=\"summary_large_image\" \/>\n\t\t<meta name=\"twitter:title\" content=\"Clima: es probable que El Ni\u00f1o d\u00e9 paso a La Ni\u00f1a este a\u00f1o - LOBO PRODUCCIONES AUDIOVISUALES\" \/>\n\t\t<meta name=\"twitter:description\" content=\"As\u00ed lo indic\u00f3 la Agencia meteorol\u00f3gica de la ONU y advirti\u00f3 que puede provocar fen\u00f3menos extremos como incendios forestales y ciclones tropicales. La Organizaci\u00f3n Meteorol\u00f3gica Mundial (OMM) pronostic\u00f3 el lunes que el fen\u00f3meno de El Ni\u00f1o, que puede provocar fen\u00f3menos extremos como incendios forestales y ciclones tropicales, volver\u00e1 este a\u00f1o a las condiciones m\u00e1s\" \/>\n\t\t<meta name=\"twitter:image\" content=\"https:\/\/loboproduccionesaudiovisuales.ar\/wp-content\/uploads\/2023\/07\/LPA-web.jpg\" \/>\n\t\t<script type=\"application\/ld+json\" class=\"aioseo-schema\">\n\t\t\t{\"@context\":\"https:\\\/\\\/schema.org\",\"@graph\":[{\"@type\":\"BlogPosting\",\"@id\":\"https:\\\/\\\/loboproduccionesaudiovisuales.ar\\\/?p=13127#blogposting\",\"name\":\"Clima: es probable que El Ni\\u00f1o d\\u00e9 paso a La Ni\\u00f1a este a\\u00f1o - LOBO PRODUCCIONES AUDIOVISUALES\",\"headline\":\"Clima: es probable que El Ni\\u00f1o d\\u00e9 paso a La Ni\\u00f1a este a\\u00f1o\",\"author\":{\"@id\":\"https:\\\/\\\/loboproduccionesaudiovisuales.ar\\\/?author=3#author\"},\"publisher\":{\"@id\":\"https:\\\/\\\/loboproduccionesaudiovisuales.ar\\\/#organization\"},\"image\":{\"@type\":\"ImageObject\",\"url\":\"https:\\\/\\\/loboproduccionesaudiovisuales.ar\\\/wp-content\\\/uploads\\\/2024\\\/06\\\/720.webp\",\"width\":1080,\"height\":720},\"datePublished\":\"2024-06-03T10:02:28-03:00\",\"dateModified\":\"2024-06-03T10:02:28-03:00\",\"inLanguage\":\"es-AR\",\"mainEntityOfPage\":{\"@id\":\"https:\\\/\\\/loboproduccionesaudiovisuales.ar\\\/?p=13127#webpage\"},\"isPartOf\":{\"@id\":\"https:\\\/\\\/loboproduccionesaudiovisuales.ar\\\/?p=13127#webpage\"},\"articleSection\":\"ACTUALIDAD, AGRO, Blog, CLIMA, clima, nI\\u00d1A, Ni\\u00f1o\"},{\"@type\":\"BreadcrumbList\",\"@id\":\"https:\\\/\\\/loboproduccionesaudiovisuales.ar\\\/?p=13127#breadcrumblist\",\"itemListElement\":[{\"@type\":\"ListItem\",\"@id\":\"https:\\\/\\\/loboproduccionesaudiovisuales.ar#listItem\",\"position\":1,\"name\":\"Home\",\"item\":\"https:\\\/\\\/loboproduccionesaudiovisuales.ar\",\"nextItem\":{\"@type\":\"ListItem\",\"@id\":\"https:\\\/\\\/loboproduccionesaudiovisuales.ar\\\/?cat=11#listItem\",\"name\":\"MEDIO AMBIENTE\"}},{\"@type\":\"ListItem\",\"@id\":\"https:\\\/\\\/loboproduccionesaudiovisuales.ar\\\/?cat=11#listItem\",\"position\":2,\"name\":\"MEDIO AMBIENTE\",\"item\":\"https:\\\/\\\/loboproduccionesaudiovisuales.ar\\\/?cat=11\",\"nextItem\":{\"@type\":\"ListItem\",\"@id\":\"https:\\\/\\\/loboproduccionesaudiovisuales.ar\\\/?cat=8#listItem\",\"name\":\"CLIMA\"},\"previousItem\":{\"@type\":\"ListItem\",\"@id\":\"https:\\\/\\\/loboproduccionesaudiovisuales.ar#listItem\",\"name\":\"Home\"}},{\"@type\":\"ListItem\",\"@id\":\"https:\\\/\\\/loboproduccionesaudiovisuales.ar\\\/?cat=8#listItem\",\"position\":3,\"name\":\"CLIMA\",\"item\":\"https:\\\/\\\/loboproduccionesaudiovisuales.ar\\\/?cat=8\",\"nextItem\":{\"@type\":\"ListItem\",\"@id\":\"https:\\\/\\\/loboproduccionesaudiovisuales.ar\\\/?p=13127#listItem\",\"name\":\"Clima: es probable que El Ni\\u00f1o d\\u00e9 paso a La Ni\\u00f1a este a\\u00f1o\"},\"previousItem\":{\"@type\":\"ListItem\",\"@id\":\"https:\\\/\\\/loboproduccionesaudiovisuales.ar\\\/?cat=11#listItem\",\"name\":\"MEDIO AMBIENTE\"}},{\"@type\":\"ListItem\",\"@id\":\"https:\\\/\\\/loboproduccionesaudiovisuales.ar\\\/?p=13127#listItem\",\"position\":4,\"name\":\"Clima: es probable que El Ni\\u00f1o d\\u00e9 paso a La Ni\\u00f1a este a\\u00f1o\",\"previousItem\":{\"@type\":\"ListItem\",\"@id\":\"https:\\\/\\\/loboproduccionesaudiovisuales.ar\\\/?cat=8#listItem\",\"name\":\"CLIMA\"}}]},{\"@type\":\"Organization\",\"@id\":\"https:\\\/\\\/loboproduccionesaudiovisuales.ar\\\/#organization\",\"name\":\"loboproduccionesaudiovisuales.ar\",\"description\":\"Sitio digital de noticias agroindustriales\",\"url\":\"https:\\\/\\\/loboproduccionesaudiovisuales.ar\\\/\",\"logo\":{\"@type\":\"ImageObject\",\"url\":\"https:\\\/\\\/loboproduccionesaudiovisuales.ar\\\/wp-content\\\/uploads\\\/2023\\\/07\\\/LPA-web.jpg\",\"@id\":\"https:\\\/\\\/loboproduccionesaudiovisuales.ar\\\/?p=13127\\\/#organizationLogo\",\"width\":500,\"height\":144},\"image\":{\"@id\":\"https:\\\/\\\/loboproduccionesaudiovisuales.ar\\\/?p=13127\\\/#organizationLogo\"}},{\"@type\":\"Person\",\"@id\":\"https:\\\/\\\/loboproduccionesaudiovisuales.ar\\\/?author=3#author\",\"url\":\"https:\\\/\\\/loboproduccionesaudiovisuales.ar\\\/?author=3\",\"name\":\"Gustavo Werner\",\"image\":{\"@type\":\"ImageObject\",\"@id\":\"https:\\\/\\\/loboproduccionesaudiovisuales.ar\\\/?p=13127#authorImage\",\"url\":\"https:\\\/\\\/loboproduccionesaudiovisuales.ar\\\/wp-content\\\/litespeed\\\/avatar\\\/de09dfb254ecca8d89a27b1f284fdb4d.jpg?ver=1788575391\",\"width\":96,\"height\":96,\"caption\":\"Gustavo Werner\"}},{\"@type\":\"WebPage\",\"@id\":\"https:\\\/\\\/loboproduccionesaudiovisuales.ar\\\/?p=13127#webpage\",\"url\":\"https:\\\/\\\/loboproduccionesaudiovisuales.ar\\\/?p=13127\",\"name\":\"Clima: es probable que El Ni\\u00f1o d\\u00e9 paso a La Ni\\u00f1a este a\\u00f1o - LOBO PRODUCCIONES AUDIOVISUALES\",\"description\":\"As\\u00ed lo indic\\u00f3 la Agencia meteorol\\u00f3gica de la ONU y advirti\\u00f3 que puede provocar fen\\u00f3menos extremos como incendios forestales y ciclones tropicales. La Organizaci\\u00f3n Meteorol\\u00f3gica Mundial (OMM) pronostic\\u00f3 el lunes que el fen\\u00f3meno de El Ni\\u00f1o, que puede provocar fen\\u00f3menos extremos como incendios forestales y ciclones tropicales, volver\\u00e1 este a\\u00f1o a las condiciones m\\u00e1s\",\"inLanguage\":\"es-AR\",\"isPartOf\":{\"@id\":\"https:\\\/\\\/loboproduccionesaudiovisuales.ar\\\/#website\"},\"breadcrumb\":{\"@id\":\"https:\\\/\\\/loboproduccionesaudiovisuales.ar\\\/?p=13127#breadcrumblist\"},\"author\":{\"@id\":\"https:\\\/\\\/loboproduccionesaudiovisuales.ar\\\/?author=3#author\"},\"creator\":{\"@id\":\"https:\\\/\\\/loboproduccionesaudiovisuales.ar\\\/?author=3#author\"},\"image\":{\"@type\":\"ImageObject\",\"url\":\"https:\\\/\\\/loboproduccionesaudiovisuales.ar\\\/wp-content\\\/uploads\\\/2024\\\/06\\\/720.webp\",\"@id\":\"https:\\\/\\\/loboproduccionesaudiovisuales.ar\\\/?p=13127\\\/#mainImage\",\"width\":1080,\"height\":720},\"primaryImageOfPage\":{\"@id\":\"https:\\\/\\\/loboproduccionesaudiovisuales.ar\\\/?p=13127#mainImage\"},\"datePublished\":\"2024-06-03T10:02:28-03:00\",\"dateModified\":\"2024-06-03T10:02:28-03:00\"},{\"@type\":\"WebSite\",\"@id\":\"https:\\\/\\\/loboproduccionesaudiovisuales.ar\\\/#website\",\"url\":\"https:\\\/\\\/loboproduccionesaudiovisuales.ar\\\/\",\"name\":\"loboproduccionesaudiovisuales.ar\",\"alternateName\":\"Lobo Producciones\",\"description\":\"Sitio digital de noticias agroindustriales\",\"inLanguage\":\"es-AR\",\"publisher\":{\"@id\":\"https:\\\/\\\/loboproduccionesaudiovisuales.ar\\\/#organization\"}}]}\n\t\t<\/script>\n\t\t<!-- All in One SEO -->\n\n","aioseo_head_json":{"title":"Clima: es probable que El Ni\u00f1o d\u00e9 paso a La Ni\u00f1a este a\u00f1o - LOBO PRODUCCIONES AUDIOVISUALES","description":"As\u00ed lo indic\u00f3 la Agencia meteorol\u00f3gica de la ONU y advirti\u00f3 que puede provocar fen\u00f3menos extremos como incendios forestales y ciclones tropicales. La Organizaci\u00f3n Meteorol\u00f3gica Mundial (OMM) pronostic\u00f3 el lunes que el fen\u00f3meno de El Ni\u00f1o, que puede provocar fen\u00f3menos extremos como incendios forestales y ciclones tropicales, volver\u00e1 este a\u00f1o a las condiciones m\u00e1s","canonical_url":"https:\/\/loboproduccionesaudiovisuales.ar\/?p=13127","robots":"max-image-preview:large","keywords":"","webmasterTools":{"miscellaneous":""},"schema":{"@context":"https:\/\/schema.org","@graph":[{"@type":"BlogPosting","@id":"https:\/\/loboproduccionesaudiovisuales.ar\/?p=13127#blogposting","name":"Clima: es probable que El Ni\u00f1o d\u00e9 paso a La Ni\u00f1a este a\u00f1o - LOBO PRODUCCIONES AUDIOVISUALES","headline":"Clima: es probable que El Ni\u00f1o d\u00e9 paso a La Ni\u00f1a este a\u00f1o","author":{"@id":"https:\/\/loboproduccionesaudiovisuales.ar\/?author=3#author"},"publisher":{"@id":"https:\/\/loboproduccionesaudiovisuales.ar\/#organization"},"image":{"@type":"ImageObject","url":"https:\/\/loboproduccionesaudiovisuales.ar\/wp-content\/uploads\/2024\/06\/720.webp","width":1080,"height":720},"datePublished":"2024-06-03T10:02:28-03:00","dateModified":"2024-06-03T10:02:28-03:00","inLanguage":"es-AR","mainEntityOfPage":{"@id":"https:\/\/loboproduccionesaudiovisuales.ar\/?p=13127#webpage"},"isPartOf":{"@id":"https:\/\/loboproduccionesaudiovisuales.ar\/?p=13127#webpage"},"articleSection":"ACTUALIDAD, AGRO, Blog, CLIMA, clima, nI\u00d1A, Ni\u00f1o"},{"@type":"BreadcrumbList","@id":"https:\/\/loboproduccionesaudiovisuales.ar\/?p=13127#breadcrumblist","itemListElement":[{"@type":"ListItem","@id":"https:\/\/loboproduccionesaudiovisuales.ar#listItem","position":1,"name":"Home","item":"https:\/\/loboproduccionesaudiovisuales.ar","nextItem":{"@type":"ListItem","@id":"https:\/\/loboproduccionesaudiovisuales.ar\/?cat=11#listItem","name":"MEDIO AMBIENTE"}},{"@type":"ListItem","@id":"https:\/\/loboproduccionesaudiovisuales.ar\/?cat=11#listItem","position":2,"name":"MEDIO AMBIENTE","item":"https:\/\/loboproduccionesaudiovisuales.ar\/?cat=11","nextItem":{"@type":"ListItem","@id":"https:\/\/loboproduccionesaudiovisuales.ar\/?cat=8#listItem","name":"CLIMA"},"previousItem":{"@type":"ListItem","@id":"https:\/\/loboproduccionesaudiovisuales.ar#listItem","name":"Home"}},{"@type":"ListItem","@id":"https:\/\/loboproduccionesaudiovisuales.ar\/?cat=8#listItem","position":3,"name":"CLIMA","item":"https:\/\/loboproduccionesaudiovisuales.ar\/?cat=8","nextItem":{"@type":"ListItem","@id":"https:\/\/loboproduccionesaudiovisuales.ar\/?p=13127#listItem","name":"Clima: es probable que El Ni\u00f1o d\u00e9 paso a La Ni\u00f1a este a\u00f1o"},"previousItem":{"@type":"ListItem","@id":"https:\/\/loboproduccionesaudiovisuales.ar\/?cat=11#listItem","name":"MEDIO AMBIENTE"}},{"@type":"ListItem","@id":"https:\/\/loboproduccionesaudiovisuales.ar\/?p=13127#listItem","position":4,"name":"Clima: es probable que El Ni\u00f1o d\u00e9 paso a La Ni\u00f1a este a\u00f1o","previousItem":{"@type":"ListItem","@id":"https:\/\/loboproduccionesaudiovisuales.ar\/?cat=8#listItem","name":"CLIMA"}}]},{"@type":"Organization","@id":"https:\/\/loboproduccionesaudiovisuales.ar\/#organization","name":"loboproduccionesaudiovisuales.ar","description":"Sitio digital de noticias agroindustriales","url":"https:\/\/loboproduccionesaudiovisuales.ar\/","logo":{"@type":"ImageObject","url":"https:\/\/loboproduccionesaudiovisuales.ar\/wp-content\/uploads\/2023\/07\/LPA-web.jpg","@id":"https:\/\/loboproduccionesaudiovisuales.ar\/?p=13127\/#organizationLogo","width":500,"height":144},"image":{"@id":"https:\/\/loboproduccionesaudiovisuales.ar\/?p=13127\/#organizationLogo"}},{"@type":"Person","@id":"https:\/\/loboproduccionesaudiovisuales.ar\/?author=3#author","url":"https:\/\/loboproduccionesaudiovisuales.ar\/?author=3","name":"Gustavo Werner","image":{"@type":"ImageObject","@id":"https:\/\/loboproduccionesaudiovisuales.ar\/?p=13127#authorImage","url":"https:\/\/loboproduccionesaudiovisuales.ar\/wp-content\/litespeed\/avatar\/de09dfb254ecca8d89a27b1f284fdb4d.jpg?ver=1788575391","width":96,"height":96,"caption":"Gustavo Werner"}},{"@type":"WebPage","@id":"https:\/\/loboproduccionesaudiovisuales.ar\/?p=13127#webpage","url":"https:\/\/loboproduccionesaudiovisuales.ar\/?p=13127","name":"Clima: es probable que El Ni\u00f1o d\u00e9 paso a La Ni\u00f1a este a\u00f1o - LOBO PRODUCCIONES AUDIOVISUALES","description":"As\u00ed lo indic\u00f3 la Agencia meteorol\u00f3gica de la ONU y advirti\u00f3 que puede provocar fen\u00f3menos extremos como incendios forestales y ciclones tropicales. La Organizaci\u00f3n Meteorol\u00f3gica Mundial (OMM) pronostic\u00f3 el lunes que el fen\u00f3meno de El Ni\u00f1o, que puede provocar fen\u00f3menos extremos como incendios forestales y ciclones tropicales, volver\u00e1 este a\u00f1o a las condiciones m\u00e1s","inLanguage":"es-AR","isPartOf":{"@id":"https:\/\/loboproduccionesaudiovisuales.ar\/#website"},"breadcrumb":{"@id":"https:\/\/loboproduccionesaudiovisuales.ar\/?p=13127#breadcrumblist"},"author":{"@id":"https:\/\/loboproduccionesaudiovisuales.ar\/?author=3#author"},"creator":{"@id":"https:\/\/loboproduccionesaudiovisuales.ar\/?author=3#author"},"image":{"@type":"ImageObject","url":"https:\/\/loboproduccionesaudiovisuales.ar\/wp-content\/uploads\/2024\/06\/720.webp","@id":"https:\/\/loboproduccionesaudiovisuales.ar\/?p=13127\/#mainImage","width":1080,"height":720},"primaryImageOfPage":{"@id":"https:\/\/loboproduccionesaudiovisuales.ar\/?p=13127#mainImage"},"datePublished":"2024-06-03T10:02:28-03:00","dateModified":"2024-06-03T10:02:28-03:00"},{"@type":"WebSite","@id":"https:\/\/loboproduccionesaudiovisuales.ar\/#website","url":"https:\/\/loboproduccionesaudiovisuales.ar\/","name":"loboproduccionesaudiovisuales.ar","alternateName":"Lobo Producciones","description":"Sitio digital de noticias agroindustriales","inLanguage":"es-AR","publisher":{"@id":"https:\/\/loboproduccionesaudiovisuales.ar\/#organization"}}]},"og:locale":"es_ES","og:site_name":"LOBO PRODUCCIONES AUDIOVISUALES - Sitio digital de noticias agroindustriales","og:type":"article","og:title":"Clima: es probable que El Ni\u00f1o d\u00e9 paso a La Ni\u00f1a este a\u00f1o - LOBO PRODUCCIONES AUDIOVISUALES","og:description":"As\u00ed lo indic\u00f3 la Agencia meteorol\u00f3gica de la ONU y advirti\u00f3 que puede provocar fen\u00f3menos extremos como incendios forestales y ciclones tropicales. La Organizaci\u00f3n Meteorol\u00f3gica Mundial (OMM) pronostic\u00f3 el lunes que el fen\u00f3meno de El Ni\u00f1o, que puede provocar fen\u00f3menos extremos como incendios forestales y ciclones tropicales, volver\u00e1 este a\u00f1o a las condiciones m\u00e1s","og:url":"https:\/\/loboproduccionesaudiovisuales.ar\/?p=13127","og:image":"https:\/\/loboproduccionesaudiovisuales.ar\/wp-content\/uploads\/2023\/07\/LPA-web.jpg","og:image:secure_url":"https:\/\/loboproduccionesaudiovisuales.ar\/wp-content\/uploads\/2023\/07\/LPA-web.jpg","article:published_time":"2024-06-03T13:02:28+00:00","article:modified_time":"2024-06-03T13:02:28+00:00","twitter:card":"summary_large_image","twitter:title":"Clima: es probable que El Ni\u00f1o d\u00e9 paso a La Ni\u00f1a este a\u00f1o - LOBO PRODUCCIONES AUDIOVISUALES","twitter:description":"As\u00ed lo indic\u00f3 la Agencia meteorol\u00f3gica de la ONU y advirti\u00f3 que puede provocar fen\u00f3menos extremos como incendios forestales y ciclones tropicales. La Organizaci\u00f3n Meteorol\u00f3gica Mundial (OMM) pronostic\u00f3 el lunes que el fen\u00f3meno de El Ni\u00f1o, que puede provocar fen\u00f3menos extremos como incendios forestales y ciclones tropicales, volver\u00e1 este a\u00f1o a las condiciones m\u00e1s","twitter:image":"https:\/\/loboproduccionesaudiovisuales.ar\/wp-content\/uploads\/2023\/07\/LPA-web.jpg"},"aioseo_meta_data":{"post_id":"13127","title":null,"description":null,"keywords":null,"keyphrases":{"focus":{"keyphrase":"","score":0,"analysis":{"keyphraseInTitle":{"score":0,"maxScore":9,"error":1}}},"additional":[]},"primary_term":null,"canonical_url":null,"og_title":null,"og_description":null,"og_object_type":"default","og_image_type":"default","og_image_url":null,"og_image_width":null,"og_image_height":null,"og_image_custom_url":null,"og_image_custom_fields":null,"og_video":"","og_custom_url":null,"og_article_section":null,"og_article_tags":null,"twitter_use_og":false,"twitter_card":"default","twitter_image_type":"default","twitter_image_url":null,"twitter_image_custom_url":null,"twitter_image_custom_fields":null,"twitter_title":null,"twitter_description":null,"schema":{"blockGraphs":[],"customGraphs":[],"default":{"data":{"Article":[],"Course":[],"Dataset":[],"FAQPage":[],"Movie":[],"Person":[],"Product":[],"ProductReview":[],"Car":[],"Recipe":[],"Service":[],"SoftwareApplication":[],"WebPage":[]},"graphName":"BlogPosting","isEnabled":true},"graphs":[]},"schema_type":"default","schema_type_options":null,"pillar_content":false,"robots_default":true,"robots_noindex":false,"robots_noarchive":false,"robots_nosnippet":false,"robots_nofollow":false,"robots_noimageindex":false,"robots_noodp":false,"robots_notranslate":false,"robots_max_snippet":"-1","robots_max_videopreview":"-1","robots_max_imagepreview":"large","priority":null,"frequency":"default","local_seo":null,"breadcrumb_settings":null,"limit_modified_date":false,"ai":null,"created":"2024-06-03 13:02:29","updated":"2025-06-04 23:50:16","seo_analyzer_scan_date":null,"focus_keyword":null,"additional_keywords":null,"truseo_locale":null},"aioseo_breadcrumb":"<div class=\"aioseo-breadcrumbs\"><span class=\"aioseo-breadcrumb\">\n\t\t\t<a href=\"https:\/\/loboproduccionesaudiovisuales.ar\" title=\"Home\">Home<\/a>\n\t\t<\/span><span class=\"aioseo-breadcrumb-separator\">&raquo;<\/span><span class=\"aioseo-breadcrumb\">\n\t\t\t<a href=\"https:\/\/loboproduccionesaudiovisuales.ar\/?cat=11\" title=\"MEDIO AMBIENTE\">MEDIO AMBIENTE<\/a>\n\t\t<\/span><span class=\"aioseo-breadcrumb-separator\">&raquo;<\/span><span class=\"aioseo-breadcrumb\">\n\t\t\t<a href=\"https:\/\/loboproduccionesaudiovisuales.ar\/?cat=8\" title=\"CLIMA\">CLIMA<\/a>\n\t\t<\/span><span class=\"aioseo-breadcrumb-separator\">&raquo;<\/span><span class=\"aioseo-breadcrumb\">\n\t\t\tClima: es probable que El Ni\u00f1o d\u00e9 paso a La Ni\u00f1a este a\u00f1o\n\t\t<\/span><\/div>","aioseo_breadcrumb_json":[{"label":"Home","link":"https:\/\/loboproduccionesaudiovisuales.ar"},{"label":"MEDIO AMBIENTE","link":"https:\/\/loboproduccionesaudiovisuales.ar\/?cat=11"},{"label":"CLIMA","link":"https:\/\/loboproduccionesaudiovisuales.ar\/?cat=8"},{"label":"Clima: es probable que El Ni\u00f1o d\u00e9 paso a La Ni\u00f1a este a\u00f1o","link":"https:\/\/loboproduccionesaudiovisuales.ar\/?p=13127"}],"_links":{"self":[{"href":"https:\/\/loboproduccionesaudiovisuales.ar\/index.php?rest_route=\/wp\/v2\/posts\/13127","targetHints":{"allow":["GET"]}}],"collection":[{"href":"https:\/\/loboproduccionesaudiovisuales.ar\/index.php?rest_route=\/wp\/v2\/posts"}],"about":[{"href":"https:\/\/loboproduccionesaudiovisuales.ar\/index.php?rest_route=\/wp\/v2\/types\/post"}],"author":[{"embeddable":true,"href":"https:\/\/loboproduccionesaudiovisuales.ar\/index.php?rest_route=\/wp\/v2\/users\/3"}],"replies":[{"embeddable":true,"href":"https:\/\/loboproduccionesaudiovisuales.ar\/index.php?rest_route=%2Fwp%2Fv2%2Fcomments&post=13127"}],"version-history":[{"count":1,"href":"https:\/\/loboproduccionesaudiovisuales.ar\/index.php?rest_route=\/wp\/v2\/posts\/13127\/revisions"}],"predecessor-version":[{"id":13129,"href":"https:\/\/loboproduccionesaudiovisuales.ar\/index.php?rest_route=\/wp\/v2\/posts\/13127\/revisions\/13129"}],"wp:featuredmedia":[{"embeddable":true,"href":"https:\/\/loboproduccionesaudiovisuales.ar\/index.php?rest_route=\/wp\/v2\/media\/13128"}],"wp:attachment":[{"href":"https:\/\/loboproduccionesaudiovisuales.ar\/index.php?rest_route=%2Fwp%2Fv2%2Fmedia&parent=13127"}],"wp:term":[{"taxonomy":"category","embeddable":true,"href":"https:\/\/loboproduccionesaudiovisuales.ar\/index.php?rest_route=%2Fwp%2Fv2%2Fcategories&post=13127"},{"taxonomy":"post_tag","embeddable":true,"href":"https:\/\/loboproduccionesaudiovisuales.ar\/index.php?rest_route=%2Fwp%2Fv2%2Ftags&post=13127"}],"curies":[{"name":"wp","href":"https:\/\/api.w.org\/{rel}","templated":true}]}}