{"id":12846,"date":"2024-05-22T10:57:10","date_gmt":"2024-05-22T13:57:10","guid":{"rendered":"https:\/\/loboproduccionesaudiovisuales.ar\/?p=12846"},"modified":"2024-05-22T10:57:10","modified_gmt":"2024-05-22T13:57:10","slug":"a-traves-de-grupo-motta-conscripto-bernardi-se-ubica-al-tope-del-desarrollo-tecnologico-en-avicultura","status":"publish","type":"post","link":"https:\/\/loboproduccionesaudiovisuales.ar\/?p=12846","title":{"rendered":"A trav\u00e9s de Grupo Motta, Conscripto Bernardi se ubica al tope del desarrollo tecnol\u00f3gico en avicultura"},"content":{"rendered":"<p><strong>El complejo de alta bioseguridad cuenta con 9 n\u00facleos destinados a cr\u00eda de aves.<\/strong><\/p>\n<p>&nbsp;<\/p>\n<p>Grupo Motta abri\u00f3 en Conscripto Bernardi su nuevo complejo productivo integrado, Cobise 2, de Caba\u00f1a Av\u00edcola Feller.<\/p>\n<p>&nbsp;<\/p>\n<p>&nbsp;<\/p>\n<figure class=\"embed\">\n<div class=\"cl-cl-14 margin-0\"><img decoding=\"async\" class=\"lazy-lotta\" src=\"https:\/\/www.campoenaccion.com\/galeria\/fotos\/2024\/05\/21\/o_1716321853.jpg\" alt=\"\" width=\"100%\" \/><\/div>\n<\/figure>\n<p>&nbsp;<\/p>\n<p>&nbsp;<\/p>\n<p>La b\u00fasqueda de eficiencia, la incorporaci\u00f3n de tecnolog\u00eda, la inversi\u00f3n estrat\u00e9gica bajo est\u00e1ndares mundiales de bioseguridad son los ejes del presente y el futuro del sector av\u00edcola y es donde se disputa gran parte de su competitividad. Por ello la cuantiosa inversi\u00f3n de Grupo Motta, acompa\u00f1a el crecimiento y desarrollo del sector que ha logrado posicionar el consumo de carne de pollo en la prote\u00edna animal m\u00e1s consumida en nuestro pa\u00eds.<\/p>\n<p>&nbsp;<\/p>\n<p>&nbsp;<\/p>\n<figure class=\"embed\">\n<div class=\"cl-cl-14 margin-0\"><img decoding=\"async\" class=\"lazy-lotta\" src=\"https:\/\/www.campoenaccion.com\/galeria\/fotos\/2024\/05\/21\/o_1716321870.jpg\" alt=\"\" width=\"100%\" \/><\/div>\n<\/figure>\n<p>&nbsp;<\/p>\n<p>&nbsp;<\/p>\n<p>El Complejo de alta bioseguridad, Cobise 2, cuenta con 9 n\u00facleos destinados a crianza y producci\u00f3n, con una capacidad de alojamiento para 180.000 aves y un potencial de producci\u00f3n anual de 30 millones de huevos f\u00e9rtiles. Adem\u00e1s, cuenta con una planta de alimentos balanceados con una capacidad de producci\u00f3n de 5 toneladas por hora. La nave central se proyecta para producir mensualmente 900.000 pollitos, en una primera etapa, y prev\u00e9 duplicar esta capacidad para el a\u00f1o 2025.<\/p>\n<p>&nbsp;<\/p>\n<p>&nbsp;<\/p>\n<figure class=\"embed\">\n<div class=\"cl-cl-14 margin-0\"><img decoding=\"async\" class=\"lazy-lotta\" src=\"https:\/\/www.campoenaccion.com\/galeria\/fotos\/2024\/05\/21\/o_1716321593.jpg\" alt=\"\" width=\"100%\" \/><\/div>\n<\/figure>\n<p>&nbsp;<\/p>\n<p>&nbsp;<\/p>\n<p>&nbsp;<\/p>\n<p>&nbsp;<\/p>\n<div class=\"embed\">\n<div class=\"audios\">\n<div id=\"jquery_jplayer_audioa6c52c9584dc2af5595d5b8d1952bd84\" class=\"jp-jplayer\"><\/div>\n<div id=\"jp_container_audioa6c52c9584dc2af5595d5b8d1952bd84\" class=\"jp-audio\">\n<div class=\"jp-type-single\">\n<div class=\"jp-gui jp-interface\">\n<div class=\"jp-controls\">\n<div class=\"img-audio\">\n<p>&nbsp;<\/p>\n<figure class=\"sombra\"><img decoding=\"async\" src=\"https:\/\/www.campoenaccion.com\/galeria\/fotos\/2024\/05\/21\/f_1716322017.jpg\" data-post-image=\"\" \/><\/figure>\n<p>&nbsp;<\/p>\n<div class=\"controls\"><a class=\"jp-play\" tabindex=\"1\">play<\/a><\/div>\n<\/div>\n<div class=\"audio-desc\">Nota Hector Motta &#8212; Cobise 2.MXF.mp3<\/div>\n<div class=\"jp-progress\">\n<div class=\"jp-seek-bar\">\n<div class=\"jp-play-bar\"><\/div>\n<\/div>\n<\/div>\n<div class=\"controls control-volumen\"><a class=\"jp-mute\" tabindex=\"1\" title=\"Silenciar\">Mudo<\/a><\/p>\n<div class=\"jp-volume-bar\">\n<div class=\"jp-volume-bar-value\"><\/div>\n<\/div>\n<p><a class=\"jp-volume-max\" tabindex=\"1\" title=\"Volumen M\u00e1ximo\">Volumen M\u00e1ximo<\/a><\/div>\n<\/div>\n<div class=\"jp-time-holder\">\n<div class=\"jp-current-time\">00:00<\/div>\n<p><span class=\"sep\">\/<\/span><\/p>\n<div class=\"jp-duration\">08:31<\/div>\n<\/div>\n<\/div>\n<\/div>\n<\/div>\n<\/div>\n<\/div>\n<p>&nbsp;<\/p>\n<p>\u201cEstamos en pleno monte, al norte de la provincia de Entre R\u00edos y en el d\u00eda de hoy no estamos inaugurando, sino que estamos poniendo en marcha un complejo que es resultado de un trabajo continuo de mucho tiempo\u201d, dijo a Campo en Acci\u00f3n H\u00e9ctor Motta, presidente del Grupo Motta.<\/p>\n<p>&nbsp;<\/p>\n<p>&nbsp;<\/p>\n<figure class=\"embed\">\n<div class=\"cl-cl-14 margin-0\"><img decoding=\"async\" class=\"lazy-lotta\" src=\"https:\/\/www.campoenaccion.com\/galeria\/fotos\/2024\/05\/21\/o_1716321888.jpg\" alt=\"\" width=\"100%\" \/><\/div>\n<\/figure>\n<p>&nbsp;<\/p>\n<p>&nbsp;<\/p>\n<p>Ponder\u00f3 que \u201ccomenzamos a dar los primeros pasos de alojamiento de aves, producci\u00f3n de huevos f\u00e9rtiles y pr\u00f3ximamente producci\u00f3n de pollitos bebe para engorde de carne, esto es un complejo integrado sobre 600 hect\u00e1reas de campo y monte, en donde de forma amigable trabajamos justamente cuidando el monte nativo, pero tambi\u00e9n desarrollando esta empresa que es por dem\u00e1s importante para nosotros en la cadena productiva y tambi\u00e9n para esta zona que creo que trae un impacto muy muy positivo\u201d.<\/p>\n<p>&nbsp;<\/p>\n<p>&nbsp;<\/p>\n<figure class=\"embed\">\n<div class=\"cl-cl-14 margin-0\"><img decoding=\"async\" class=\"lazy-lotta\" src=\"https:\/\/www.campoenaccion.com\/galeria\/fotos\/2024\/05\/21\/o_1716321908.jpg\" alt=\"\" width=\"100%\" \/><\/div>\n<\/figure>\n<p>&nbsp;<\/p>\n<p>&nbsp;<\/p>\n<p>La denominaci\u00f3n de Complejo integrado implica que el proceso desde la fertilizaci\u00f3n hasta el nacimiento de los pollitos bb parrilleros, se lleva a cabo en sus instalaciones, garantizando est\u00e1ndares de calidad superiores y una trazabilidad rigurosa en cada etapa.<\/p>\n<p>&nbsp;<\/p>\n<p>&nbsp;<\/p>\n<figure class=\"embed\">\n<div class=\"cl-cl-14 margin-0\"><img decoding=\"async\" class=\"lazy-lotta\" src=\"https:\/\/www.campoenaccion.com\/galeria\/fotos\/2024\/05\/21\/o_1716321633.jpg\" alt=\"\" width=\"100%\" \/><\/div>\n<\/figure>\n<p>&nbsp;<\/p>\n<p>&nbsp;<\/p>\n<p>&nbsp;<\/p>\n<p>&nbsp;<\/p>\n<div class=\"embed\">\n<div class=\"audios\">\n<div id=\"jquery_jplayer_audioe85db58951ac0067dfbfbd99485bdae0\" class=\"jp-jplayer\"><\/div>\n<div id=\"jp_container_audioe85db58951ac0067dfbfbd99485bdae0\" class=\"jp-audio\">\n<div class=\"jp-type-single\">\n<div class=\"jp-gui jp-interface\">\n<div class=\"jp-controls\">\n<div class=\"img-audio\">\n<p>&nbsp;<\/p>\n<figure class=\"sombra\"><img decoding=\"async\" src=\"https:\/\/www.campoenaccion.com\/galeria\/fotos\/2024\/05\/21\/f_1716322017.jpg\" data-post-image=\"\" \/><\/figure>\n<p>&nbsp;<\/p>\n<div class=\"controls\"><a class=\"jp-play\" tabindex=\"1\">play<\/a><\/div>\n<\/div>\n<div class=\"audio-desc\">Nota Ra\u00fal Buthay &#8212; Cobise 2.MXF.mp3<\/div>\n<div class=\"jp-progress\">\n<div class=\"jp-seek-bar\">\n<div class=\"jp-play-bar\"><\/div>\n<\/div>\n<\/div>\n<div class=\"controls control-volumen\"><a class=\"jp-mute\" tabindex=\"1\" title=\"Silenciar\">Mudo<\/a><\/p>\n<div class=\"jp-volume-bar\">\n<div class=\"jp-volume-bar-value\"><\/div>\n<\/div>\n<p><a class=\"jp-volume-max\" tabindex=\"1\" title=\"Volumen M\u00e1ximo\">Volumen M\u00e1ximo<\/a><\/div>\n<\/div>\n<div class=\"jp-time-holder\">\n<div class=\"jp-current-time\">00:00<\/div>\n<p><span class=\"sep\">\/<\/span><\/p>\n<div class=\"jp-duration\">02:45<\/div>\n<\/div>\n<\/div>\n<\/div>\n<\/div>\n<\/div>\n<\/div>\n<p>&nbsp;<\/p>\n<p>Para Ra\u00fal Buthay el emprendimiento \u201crepresenta un salto tecnol\u00f3gico muy importante para la industria, para Calisa, que es el consumidor de nuestros productos y bueno despu\u00e9s de haber trabajado cinco o seis a\u00f1os en este proyecto, estamos en la etapa al final del mismo y con mucha expectativa de que esto exprese la esperanza que hemos tenido para la inversi\u00f3n que se ha realizado\u201d.<\/p>\n<p>&nbsp;<\/p>\n<p>&nbsp;<\/p>\n<figure class=\"embed\">\n<div class=\"cl-cl-14 margin-0\"><img decoding=\"async\" class=\"lazy-lotta\" src=\"https:\/\/www.campoenaccion.com\/galeria\/fotos\/2024\/05\/21\/o_1716321948.jpg\" alt=\"\" width=\"100%\" \/><\/div>\n<\/figure>\n<p>&nbsp;<\/p>\n<p>&nbsp;<\/p>\n<p>Adem\u00e1s, como parte del compromiso social, acompa\u00f1ando esta nueva radicaci\u00f3n, se construyeron 11 viviendas para el arraigo del personal que presta servicios en el complejo. La construcci\u00f3n de viviendas en comunidades donde Grupo Motta tiene sus plantas productivas es una constante en su pol\u00edtica de sustentabilidad, enmarcado en el Objetivo de Desarrollo Sostenible (ODS 11), implica garantizar el acceso a viviendas y servicios b\u00e1sicos, contribuyendo as\u00ed al desarrollo y bienestar de la comunidad.<\/p>\n<p>&nbsp;<\/p>\n<p>&nbsp;<\/p>\n<figure class=\"embed\">\n<div class=\"cl-cl-14 margin-0\"><img decoding=\"async\" class=\"lazy-lotta\" src=\"https:\/\/www.campoenaccion.com\/galeria\/fotos\/2024\/05\/21\/o_1716321672.jpg\" alt=\"\" width=\"100%\" \/><\/div>\n<\/figure>\n<p>&nbsp;<\/p>\n<p>&nbsp;<\/p>\n<p>&nbsp;<\/p>\n<p>&nbsp;<\/p>\n<div class=\"embed\">\n<div class=\"audios\">\n<div id=\"jquery_jplayer_audio4f73fdc9fa66f6d72cebf14a7a85b653\" class=\"jp-jplayer\"><\/div>\n<div id=\"jp_container_audio4f73fdc9fa66f6d72cebf14a7a85b653\" class=\"jp-audio\">\n<div class=\"jp-type-single\">\n<div class=\"jp-gui jp-interface\">\n<div class=\"jp-controls\">\n<div class=\"img-audio\">\n<p>&nbsp;<\/p>\n<figure class=\"sombra\"><img decoding=\"async\" src=\"https:\/\/www.campoenaccion.com\/galeria\/fotos\/2024\/05\/21\/f_1716322017.jpg\" data-post-image=\"\" \/><\/figure>\n<p>&nbsp;<\/p>\n<div class=\"controls\"><a class=\"jp-play\" tabindex=\"1\">play<\/a><\/div>\n<\/div>\n<div class=\"audio-desc\">Nota Mariela Frickel &#8212; Cobise 2.MXF.mp3<\/div>\n<div class=\"jp-progress\">\n<div class=\"jp-seek-bar\">\n<div class=\"jp-play-bar\"><\/div>\n<\/div>\n<\/div>\n<div class=\"controls control-volumen\"><a class=\"jp-mute\" tabindex=\"1\" title=\"Silenciar\">Mudo<\/a><\/p>\n<div class=\"jp-volume-bar\">\n<div class=\"jp-volume-bar-value\"><\/div>\n<\/div>\n<p><a class=\"jp-volume-max\" tabindex=\"1\" title=\"Volumen M\u00e1ximo\">Volumen M\u00e1ximo<\/a><\/div>\n<\/div>\n<div class=\"jp-time-holder\">\n<div class=\"jp-current-time\">00:00<\/div>\n<p><span class=\"sep\">\/<\/span><\/p>\n<div class=\"jp-duration\">04:34<\/div>\n<\/div>\n<\/div>\n<\/div>\n<\/div>\n<\/div>\n<\/div>\n<p>&nbsp;<\/p>\n<p>En relaci\u00f3n a bioseguridad y medidas sanitarias aplicadas Mariela Frickel dijo que \u201cevitamos que ingrese cualquier agente pat\u00f3geno a la granja, cualquier enfermedad. Hicimos de la bioseguridad una cultura, que es un conjunto de conocimientos, de actitudes y comportamientos para que cada persona que trabaja ac\u00e1 sepa lo que tiene que hacer\u201d.<\/p>\n<p>&nbsp;<\/p>\n<p>&nbsp;<\/p>\n<figure class=\"embed\">\n<div class=\"cl-cl-14 margin-0\"><img decoding=\"async\" class=\"lazy-lotta\" src=\"https:\/\/www.campoenaccion.com\/galeria\/fotos\/2024\/05\/21\/o_1716321975.jpg\" alt=\"\" width=\"100%\" \/><\/div>\n<\/figure>\n","protected":false},"excerpt":{"rendered":"<p>El complejo de alta bioseguridad cuenta con 9 n\u00facleos destinados a cr\u00eda de aves. &nbsp; Grupo Motta abri\u00f3 en Conscripto&hellip;<\/p>\n","protected":false},"author":3,"featured_media":12847,"comment_status":"open","ping_status":"open","sticky":false,"template":"","format":"standard","meta":{"footnotes":""},"categories":[5,1,128,113,178],"tags":[299],"class_list":["post-12846","post","type-post","status-publish","format-standard","has-post-thumbnail","hentry","category-actualidad","category-blog","category-entre-rios","category-region","category-tecnologia","tag-grupo-motta"],"aioseo_notices":[],"_links":{"self":[{"href":"https:\/\/loboproduccionesaudiovisuales.ar\/index.php?rest_route=\/wp\/v2\/posts\/12846","targetHints":{"allow":["GET"]}}],"collection":[{"href":"https:\/\/loboproduccionesaudiovisuales.ar\/index.php?rest_route=\/wp\/v2\/posts"}],"about":[{"href":"https:\/\/loboproduccionesaudiovisuales.ar\/index.php?rest_route=\/wp\/v2\/types\/post"}],"author":[{"embeddable":true,"href":"https:\/\/loboproduccionesaudiovisuales.ar\/index.php?rest_route=\/wp\/v2\/users\/3"}],"replies":[{"embeddable":true,"href":"https:\/\/loboproduccionesaudiovisuales.ar\/index.php?rest_route=%2Fwp%2Fv2%2Fcomments&post=12846"}],"version-history":[{"count":1,"href":"https:\/\/loboproduccionesaudiovisuales.ar\/index.php?rest_route=\/wp\/v2\/posts\/12846\/revisions"}],"predecessor-version":[{"id":12848,"href":"https:\/\/loboproduccionesaudiovisuales.ar\/index.php?rest_route=\/wp\/v2\/posts\/12846\/revisions\/12848"}],"wp:featuredmedia":[{"embeddable":true,"href":"https:\/\/loboproduccionesaudiovisuales.ar\/index.php?rest_route=\/wp\/v2\/media\/12847"}],"wp:attachment":[{"href":"https:\/\/loboproduccionesaudiovisuales.ar\/index.php?rest_route=%2Fwp%2Fv2%2Fmedia&parent=12846"}],"wp:term":[{"taxonomy":"category","embeddable":true,"href":"https:\/\/loboproduccionesaudiovisuales.ar\/index.php?rest_route=%2Fwp%2Fv2%2Fcategories&post=12846"},{"taxonomy":"post_tag","embeddable":true,"href":"https:\/\/loboproduccionesaudiovisuales.ar\/index.php?rest_route=%2Fwp%2Fv2%2Ftags&post=12846"}],"curies":[{"name":"wp","href":"https:\/\/api.w.org\/{rel}","templated":true}]}}