{"id":12379,"date":"2024-05-06T11:58:07","date_gmt":"2024-05-06T14:58:07","guid":{"rendered":"https:\/\/loboproduccionesaudiovisuales.ar\/?p=12379"},"modified":"2024-05-06T11:58:07","modified_gmt":"2024-05-06T14:58:07","slug":"sectores-industriales-de-entre-rios-expusieron-sus-problematicas-ante-el-gobierno-provincial","status":"publish","type":"post","link":"https:\/\/loboproduccionesaudiovisuales.ar\/?p=12379","title":{"rendered":"Sectores industriales de Entre R\u00edos expusieron sus problem\u00e1ticas ante el Gobierno provincial"},"content":{"rendered":"<p><strong>En el marco de la Asamblea General de la Uni\u00f3n Industrial de Entre R\u00edos (UIER), representantes de los distintos sectores industriales de la provincia expusieron sus problem\u00e1ticas particulares en esta coyuntura. <\/strong><\/p>\n<p>&nbsp;<\/p>\n<p>En esta ocasi\u00f3n, compartieron sus problemas particulares y desaf\u00edos, ante la presencia del ministro de Hacienda y Finanzas Julio Panceri, el ministro de Desarrollo Productivo Guillermo Bernaudo, adem\u00e1s de los secretarios de Industria, Energ\u00eda, Ciencia y Tecnolog\u00eda, Ambiente y las Direcciones de Industria, Comercio Exterior y Miner\u00eda,\u00a0que tomaron nota de las demandas.<\/p>\n<p>Ra\u00fal Mars\u00f3 (av\u00edcola), H\u00e9ctor Eberle (ovoav\u00edcola), Sebasti\u00e1n Bouzada (porcino), Rodrigo Cochet (l\u00e1cteo), Agust\u00edn Arias (software), Claudio Lambert y Leonardo Schepens (metalurgia) y Sebasti\u00e1n Corso (foresto industria) coincidieron en advertir por los caminos, la energ\u00eda, las condiciones de competitividad impositivas, el financiamiento, entre otros temas propios y comunes entre las cadenas de valor.<\/p>\n<p><strong>Avicultura<\/strong><\/p>\n<p>Ra\u00fal Mars\u00f3, de Las Camelias, advirti\u00f3 que hay gran preocupaci\u00f3n por el estado de los caminos y se\u00f1al\u00f3 que las empresas est\u00e1n realizando aportes de materiales para cubrir las urgencias. Por ello, subray\u00f3 la importancia de atender esta problem\u00e1tica. Adem\u00e1s, record\u00f3 el impacto de la Influenza Aviar en la ca\u00edda de exportaciones, pero destac\u00f3 la provisi\u00f3n del sector al mercado interno. Sobre esta enfermedad, marc\u00f3 la necesidad de reabrir los mercados que permanecen cerrados, como China. En otro orden, advirti\u00f3 por la falta de financiamiento para las granjas, cuya inversi\u00f3n genuina ser\u00eda de 300 millones de d\u00f3lares para restituir las que no est\u00e1n en condiciones y, eventualmente, avanzar en un crecimiento. Tambi\u00e9n marc\u00f3 el problema de la provisi\u00f3n y distribuci\u00f3n de la energ\u00eda, lo cual ser\u00e1 imperioso resolver para el crecimiento futuro. Finalmente, alert\u00f3 por los riesgos de competir con productos importados sin igualdad de condiciones y tambi\u00e9n mencion\u00f3 la necesidad de resolver el tema de certificaciones ambientales.<\/p>\n<p><strong>Ovoavicultura<\/strong><\/p>\n<p>H\u00e9ctor Eberle, de Tecnovo, record\u00f3 el impacto de la Gripe Aviar en el sector, cuya enfermedad si bien se disip\u00f3, todav\u00eda existen algunos destinos cerrados como Chile que est\u00e1n avanzando en t\u00e9rminos sanitarios. Adem\u00e1s, se\u00f1al\u00f3 el crecimiento que tuvo el consumo de huevo c\u00e1scara, pero que est\u00e1 llegando a un l\u00edmite en el pa\u00eds. Marc\u00f3 tambi\u00e9n una ca\u00edda de las exportaciones en 2023 y la necesidad de recuperar clientes con mejores condiciones competitivas del tipo de cambio. En ese sentido, advirti\u00f3 por el aumento considerable de costos de producci\u00f3n y de los costos laborales no salariales. Tambi\u00e9n alert\u00f3 por los riesgos de abrir importaciones sin ser competitivos y se refiri\u00f3 a la falta de cr\u00e9dito a tasas internacionales para realizar nuevas inversiones, cuyo costo es de 27 d\u00f3lares por gallina. Finalmente, insisti\u00f3 sobre la necesidad soluciones a los caminos productivos.<\/p>\n<p><strong>Porcicultura<\/strong><\/p>\n<p>Sebasti\u00e1n Bouzada, de la C\u00e1mara de Productores Porcinos de Entre R\u00edos (Capper), mencion\u00f3 primero el problema sanitario que afecta al ma\u00edz, uno de los insumos m\u00e1s importantes del sector, a ra\u00edz del flagelo de la \u201cchicharrita\u201d. Luego, advirti\u00f3 que los productores est\u00e1n trabajando a p\u00e9rdida, cuya situaci\u00f3n es m\u00e1s complicada para los peque\u00f1os que est\u00e1n saliendo del negocio. Augur\u00f3, al respecto, que haya una recuperaci\u00f3n r\u00e1pida como ocurri\u00f3 en pandemia. Por otro lado, marc\u00f3 las dificultades para salir a exportar por problemas de costos. Se\u00f1al\u00f3 adem\u00e1s que el tema de caminos, energ\u00eda y financiaci\u00f3n es transversal a las cadenas. Insisti\u00f3 en la necesidad de contar con herramientas para la producci\u00f3n sustentable.<\/p>\n<p><strong>L\u00e1cteos<\/strong><\/p>\n<p>Rodrigo Cochet, de La Sibila, coincidi\u00f3 en marcar la necesidad de mejorar los caminos rurales, lo cual tambi\u00e9n viene afectando en los \u00faltimos a\u00f1os la falta de crecimiento de la cuenca l\u00e1ctea entrerriana. Indic\u00f3 la importancia de atender eficiencia y competitividad de las empresas del sector frente a los desaf\u00edos actuales. Adem\u00e1s, destac\u00f3 el estudio elaborado en el sector que expone las problem\u00e1ticas de manera detallada y se puso a disposici\u00f3n del Gobierno provincial.<\/p>\n<p><a href=\"https:\/\/uier.org.ar\/wp-content\/uploads\/2024\/04\/asamblea-uier-2024-uier-3.jpg\"><img loading=\"lazy\" decoding=\"async\" class=\"aligncenter size-full wp-image-63634\" src=\"https:\/\/uier.org.ar\/wp-content\/uploads\/2024\/04\/asamblea-uier-2024-uier-3.jpg\" alt=\"\" width=\"2048\" height=\"1152\" \/><\/a><\/p>\n<p><strong>Metalmec\u00e1nica transporte<\/strong><\/p>\n<p>Claudio Lambert, de Lambert y Lambert, advirti\u00f3 por la ca\u00edda de los niveles de ventas, sin perspectivas en el corto plazo de una recuperaci\u00f3n inmediata. Marc\u00f3 que los problemas mencionados por el resto de los sectores tambi\u00e9n son transversales. Finalmente, alert\u00f3 por los riesgos de abrir importaciones a productos de Brasil, por las dificultades para competir en costos y volumen.<\/p>\n<p><strong>Metal\u00fargica<\/strong><\/p>\n<p>Leonardo Schepens, de la Asociaci\u00f3n de Industriales Metal\u00fargicos de Entre R\u00edos (Adimer), reconoci\u00f3 que en su sector la ca\u00edda de ventas supera el 20%. Advirti\u00f3 por los elevados costos en d\u00f3lares de los insumos b\u00e1sicos para producir. Tambi\u00e9n alert\u00f3 por los caminos deficitarios y la necesidad de una mejora de la calidad educativa en escuelas t\u00e9cnicas, con mayor vinculaci\u00f3n con los sectores productivos. Finalmente, se\u00f1al\u00f3 el desaf\u00edo de aumentar la provisi\u00f3n con sus productos para el resto de las cadenas de valor entrerrianas como oportunidad de crecimiento.<\/p>\n<p><strong>Maderera<\/strong><\/p>\n<p>Sebasti\u00e1n Corso, de Maringa Maderas, reconoci\u00f3 una ca\u00edda del 40% del nivel de actividad y anticip\u00f3 que no habr\u00e1 una recuperaci\u00f3n inmediata. Mencion\u00f3 el desaf\u00edo de aumentar las exportaciones con agregado de valor. Tambi\u00e9n coincidi\u00f3 en el problema de los caminos productivos y la necesidad de mayor energ\u00eda con menores costos para transformar la materia, con el objetivo adem\u00e1s de competir contra Corrientes y Misiones que tiene menores costos energ\u00e9ticos. Destac\u00f3 la necesidad de que haya cr\u00e9ditos para realizar inversiones frente a las oportunidades de expansi\u00f3n.<\/p>\n<p><strong>Software<\/strong><\/p>\n<p>Finalmente, Agust\u00edn Arias, de Argeniss Software, advirti\u00f3 por la situaci\u00f3n de la industria del conocimiento, con n\u00fameros positivos pero una tendencia a la baja respecto de la din\u00e1mica que ven\u00eda marcando el sector. Apunt\u00f3 contra la crisis de confianza en el desarrollo de tecnolog\u00eda a nivel mundial. Por otro lado, habl\u00f3 sobre los caminos digitales, con la necesidad en la provincia de la conectividad de fibra \u00f3ptica para no frenar inversiones en el resto de las cadenas de valor que requieren del servicio, al igual que lo demanda el sector p\u00fablico, universitario y de la sociedad civil. Se refiri\u00f3 tambi\u00e9n a los desaf\u00edos en materia de educaci\u00f3n, especialmente para saber aprovechar las nuevas tecnolog\u00edas de Inteligencia Artificial. Finalmente, destac\u00f3 el talento existente en la regi\u00f3n, pero cuyo v\u00ednculo es necesario fortalecer con el sector p\u00fablico.<\/p>\n","protected":false},"excerpt":{"rendered":"<p>En el marco de la Asamblea General de la Uni\u00f3n Industrial de Entre R\u00edos (UIER), representantes de los distintos sectores&hellip;<\/p>\n","protected":false},"author":3,"featured_media":12380,"comment_status":"open","ping_status":"open","sticky":false,"template":"","format":"standard","meta":{"footnotes":""},"categories":[5,1,128,275],"tags":[277],"class_list":["post-12379","post","type-post","status-publish","format-standard","has-post-thumbnail","hentry","category-actualidad","category-blog","category-entre-rios","category-industriales","tag-uier"],"aioseo_notices":[],"aioseo_head":"\n\t\t<!-- All in One SEO 5.0.1.1 - aioseo.com -->\n\t<meta name=\"description\" content=\"En el marco de la Asamblea General de la Uni\u00f3n Industrial de Entre R\u00edos (UIER), representantes de los distintos sectores industriales de la provincia expusieron sus problem\u00e1ticas particulares en esta coyuntura. En esta ocasi\u00f3n, compartieron sus problemas particulares y desaf\u00edos, ante la presencia del ministro de Hacienda y Finanzas Julio Panceri, el ministro de\" \/>\n\t<meta name=\"robots\" content=\"max-image-preview:large\" \/>\n\t<meta name=\"author\" content=\"Gustavo Werner\"\/>\n\t<link rel=\"canonical\" href=\"https:\/\/loboproduccionesaudiovisuales.ar\/?p=12379\" \/>\n\t<meta name=\"generator\" content=\"All in One SEO (AIOSEO) 5.0.1.1\" \/>\n\t\t<meta property=\"og:locale\" content=\"es_ES\" \/>\n\t\t<meta property=\"og:site_name\" content=\"LOBO PRODUCCIONES AUDIOVISUALES - Sitio digital de noticias agroindustriales\" \/>\n\t\t<meta property=\"og:type\" content=\"article\" \/>\n\t\t<meta property=\"og:title\" content=\"Sectores industriales de Entre R\u00edos expusieron sus problem\u00e1ticas ante el Gobierno provincial - LOBO PRODUCCIONES AUDIOVISUALES\" \/>\n\t\t<meta property=\"og:description\" content=\"En el marco de la Asamblea General de la Uni\u00f3n Industrial de Entre R\u00edos (UIER), representantes de los distintos sectores industriales de la provincia expusieron sus problem\u00e1ticas particulares en esta coyuntura. En esta ocasi\u00f3n, compartieron sus problemas particulares y desaf\u00edos, ante la presencia del ministro de Hacienda y Finanzas Julio Panceri, el ministro de\" \/>\n\t\t<meta property=\"og:url\" content=\"https:\/\/loboproduccionesaudiovisuales.ar\/?p=12379\" \/>\n\t\t<meta property=\"og:image\" content=\"https:\/\/loboproduccionesaudiovisuales.ar\/wp-content\/uploads\/2023\/07\/LPA-web.jpg\" \/>\n\t\t<meta property=\"og:image:secure_url\" content=\"https:\/\/loboproduccionesaudiovisuales.ar\/wp-content\/uploads\/2023\/07\/LPA-web.jpg\" \/>\n\t\t<meta property=\"article:published_time\" content=\"2024-05-06T14:58:07+00:00\" \/>\n\t\t<meta property=\"article:modified_time\" content=\"2024-05-06T14:58:07+00:00\" \/>\n\t\t<meta name=\"twitter:card\" content=\"summary_large_image\" \/>\n\t\t<meta name=\"twitter:title\" content=\"Sectores industriales de Entre R\u00edos expusieron sus problem\u00e1ticas ante el Gobierno provincial - LOBO PRODUCCIONES AUDIOVISUALES\" \/>\n\t\t<meta name=\"twitter:description\" content=\"En el marco de la Asamblea General de la Uni\u00f3n Industrial de Entre R\u00edos (UIER), representantes de los distintos sectores industriales de la provincia expusieron sus problem\u00e1ticas particulares en esta coyuntura. En esta ocasi\u00f3n, compartieron sus problemas particulares y desaf\u00edos, ante la presencia del ministro de Hacienda y Finanzas Julio Panceri, el ministro de\" \/>\n\t\t<meta name=\"twitter:image\" content=\"https:\/\/loboproduccionesaudiovisuales.ar\/wp-content\/uploads\/2023\/07\/LPA-web.jpg\" \/>\n\t\t<script type=\"application\/ld+json\" class=\"aioseo-schema\">\n\t\t\t{\"@context\":\"https:\\\/\\\/schema.org\",\"@graph\":[{\"@type\":\"BlogPosting\",\"@id\":\"https:\\\/\\\/loboproduccionesaudiovisuales.ar\\\/?p=12379#blogposting\",\"name\":\"Sectores industriales de Entre R\\u00edos expusieron sus problem\\u00e1ticas ante el Gobierno provincial - LOBO PRODUCCIONES AUDIOVISUALES\",\"headline\":\"Sectores industriales de Entre R\\u00edos expusieron sus problem\\u00e1ticas ante el Gobierno provincial\",\"author\":{\"@id\":\"https:\\\/\\\/loboproduccionesaudiovisuales.ar\\\/?author=3#author\"},\"publisher\":{\"@id\":\"https:\\\/\\\/loboproduccionesaudiovisuales.ar\\\/#organization\"},\"image\":{\"@type\":\"ImageObject\",\"url\":\"https:\\\/\\\/loboproduccionesaudiovisuales.ar\\\/wp-content\\\/uploads\\\/2024\\\/05\\\/uier-sectores-asamblea.jpeg\",\"width\":1600,\"height\":900},\"datePublished\":\"2024-05-06T11:58:07-03:00\",\"dateModified\":\"2024-05-06T11:58:07-03:00\",\"inLanguage\":\"es-AR\",\"mainEntityOfPage\":{\"@id\":\"https:\\\/\\\/loboproduccionesaudiovisuales.ar\\\/?p=12379#webpage\"},\"isPartOf\":{\"@id\":\"https:\\\/\\\/loboproduccionesaudiovisuales.ar\\\/?p=12379#webpage\"},\"articleSection\":\"ACTUALIDAD, Blog, ENTRE RIOS, INDUSTRIALES, UIER\"},{\"@type\":\"BreadcrumbList\",\"@id\":\"https:\\\/\\\/loboproduccionesaudiovisuales.ar\\\/?p=12379#breadcrumblist\",\"itemListElement\":[{\"@type\":\"ListItem\",\"@id\":\"https:\\\/\\\/loboproduccionesaudiovisuales.ar#listItem\",\"position\":1,\"name\":\"Home\",\"item\":\"https:\\\/\\\/loboproduccionesaudiovisuales.ar\",\"nextItem\":{\"@type\":\"ListItem\",\"@id\":\"https:\\\/\\\/loboproduccionesaudiovisuales.ar\\\/?cat=1#listItem\",\"name\":\"Blog\"}},{\"@type\":\"ListItem\",\"@id\":\"https:\\\/\\\/loboproduccionesaudiovisuales.ar\\\/?cat=1#listItem\",\"position\":2,\"name\":\"Blog\",\"item\":\"https:\\\/\\\/loboproduccionesaudiovisuales.ar\\\/?cat=1\",\"nextItem\":{\"@type\":\"ListItem\",\"@id\":\"https:\\\/\\\/loboproduccionesaudiovisuales.ar\\\/?p=12379#listItem\",\"name\":\"Sectores industriales de Entre R\\u00edos expusieron sus problem\\u00e1ticas ante el Gobierno provincial\"},\"previousItem\":{\"@type\":\"ListItem\",\"@id\":\"https:\\\/\\\/loboproduccionesaudiovisuales.ar#listItem\",\"name\":\"Home\"}},{\"@type\":\"ListItem\",\"@id\":\"https:\\\/\\\/loboproduccionesaudiovisuales.ar\\\/?p=12379#listItem\",\"position\":3,\"name\":\"Sectores industriales de Entre R\\u00edos expusieron sus problem\\u00e1ticas ante el Gobierno provincial\",\"previousItem\":{\"@type\":\"ListItem\",\"@id\":\"https:\\\/\\\/loboproduccionesaudiovisuales.ar\\\/?cat=1#listItem\",\"name\":\"Blog\"}}]},{\"@type\":\"Organization\",\"@id\":\"https:\\\/\\\/loboproduccionesaudiovisuales.ar\\\/#organization\",\"name\":\"loboproduccionesaudiovisuales.ar\",\"description\":\"Sitio digital de noticias agroindustriales\",\"url\":\"https:\\\/\\\/loboproduccionesaudiovisuales.ar\\\/\",\"logo\":{\"@type\":\"ImageObject\",\"url\":\"https:\\\/\\\/loboproduccionesaudiovisuales.ar\\\/wp-content\\\/uploads\\\/2023\\\/07\\\/LPA-web.jpg\",\"@id\":\"https:\\\/\\\/loboproduccionesaudiovisuales.ar\\\/?p=12379\\\/#organizationLogo\",\"width\":500,\"height\":144},\"image\":{\"@id\":\"https:\\\/\\\/loboproduccionesaudiovisuales.ar\\\/?p=12379\\\/#organizationLogo\"}},{\"@type\":\"Person\",\"@id\":\"https:\\\/\\\/loboproduccionesaudiovisuales.ar\\\/?author=3#author\",\"url\":\"https:\\\/\\\/loboproduccionesaudiovisuales.ar\\\/?author=3\",\"name\":\"Gustavo Werner\",\"image\":{\"@type\":\"ImageObject\",\"@id\":\"https:\\\/\\\/loboproduccionesaudiovisuales.ar\\\/?p=12379#authorImage\",\"url\":\"https:\\\/\\\/loboproduccionesaudiovisuales.ar\\\/wp-content\\\/litespeed\\\/avatar\\\/de09dfb254ecca8d89a27b1f284fdb4d.jpg?ver=1788575391\",\"width\":96,\"height\":96,\"caption\":\"Gustavo Werner\"}},{\"@type\":\"WebPage\",\"@id\":\"https:\\\/\\\/loboproduccionesaudiovisuales.ar\\\/?p=12379#webpage\",\"url\":\"https:\\\/\\\/loboproduccionesaudiovisuales.ar\\\/?p=12379\",\"name\":\"Sectores industriales de Entre R\\u00edos expusieron sus problem\\u00e1ticas ante el Gobierno provincial - LOBO PRODUCCIONES AUDIOVISUALES\",\"description\":\"En el marco de la Asamblea General de la Uni\\u00f3n Industrial de Entre R\\u00edos (UIER), representantes de los distintos sectores industriales de la provincia expusieron sus problem\\u00e1ticas particulares en esta coyuntura. En esta ocasi\\u00f3n, compartieron sus problemas particulares y desaf\\u00edos, ante la presencia del ministro de Hacienda y Finanzas Julio Panceri, el ministro de\",\"inLanguage\":\"es-AR\",\"isPartOf\":{\"@id\":\"https:\\\/\\\/loboproduccionesaudiovisuales.ar\\\/#website\"},\"breadcrumb\":{\"@id\":\"https:\\\/\\\/loboproduccionesaudiovisuales.ar\\\/?p=12379#breadcrumblist\"},\"author\":{\"@id\":\"https:\\\/\\\/loboproduccionesaudiovisuales.ar\\\/?author=3#author\"},\"creator\":{\"@id\":\"https:\\\/\\\/loboproduccionesaudiovisuales.ar\\\/?author=3#author\"},\"image\":{\"@type\":\"ImageObject\",\"url\":\"https:\\\/\\\/loboproduccionesaudiovisuales.ar\\\/wp-content\\\/uploads\\\/2024\\\/05\\\/uier-sectores-asamblea.jpeg\",\"@id\":\"https:\\\/\\\/loboproduccionesaudiovisuales.ar\\\/?p=12379\\\/#mainImage\",\"width\":1600,\"height\":900},\"primaryImageOfPage\":{\"@id\":\"https:\\\/\\\/loboproduccionesaudiovisuales.ar\\\/?p=12379#mainImage\"},\"datePublished\":\"2024-05-06T11:58:07-03:00\",\"dateModified\":\"2024-05-06T11:58:07-03:00\"},{\"@type\":\"WebSite\",\"@id\":\"https:\\\/\\\/loboproduccionesaudiovisuales.ar\\\/#website\",\"url\":\"https:\\\/\\\/loboproduccionesaudiovisuales.ar\\\/\",\"name\":\"loboproduccionesaudiovisuales.ar\",\"alternateName\":\"Lobo Producciones\",\"description\":\"Sitio digital de noticias agroindustriales\",\"inLanguage\":\"es-AR\",\"publisher\":{\"@id\":\"https:\\\/\\\/loboproduccionesaudiovisuales.ar\\\/#organization\"}}]}\n\t\t<\/script>\n\t\t<!-- All in One SEO -->\n\n","aioseo_head_json":{"title":"Sectores industriales de Entre R\u00edos expusieron sus problem\u00e1ticas ante el Gobierno provincial - LOBO PRODUCCIONES AUDIOVISUALES","description":"En el marco de la Asamblea General de la Uni\u00f3n Industrial de Entre R\u00edos (UIER), representantes de los distintos sectores industriales de la provincia expusieron sus problem\u00e1ticas particulares en esta coyuntura. En esta ocasi\u00f3n, compartieron sus problemas particulares y desaf\u00edos, ante la presencia del ministro de Hacienda y Finanzas Julio Panceri, el ministro de","canonical_url":"https:\/\/loboproduccionesaudiovisuales.ar\/?p=12379","robots":"max-image-preview:large","keywords":"","webmasterTools":{"miscellaneous":""},"schema":{"@context":"https:\/\/schema.org","@graph":[{"@type":"BlogPosting","@id":"https:\/\/loboproduccionesaudiovisuales.ar\/?p=12379#blogposting","name":"Sectores industriales de Entre R\u00edos expusieron sus problem\u00e1ticas ante el Gobierno provincial - LOBO PRODUCCIONES AUDIOVISUALES","headline":"Sectores industriales de Entre R\u00edos expusieron sus problem\u00e1ticas ante el Gobierno provincial","author":{"@id":"https:\/\/loboproduccionesaudiovisuales.ar\/?author=3#author"},"publisher":{"@id":"https:\/\/loboproduccionesaudiovisuales.ar\/#organization"},"image":{"@type":"ImageObject","url":"https:\/\/loboproduccionesaudiovisuales.ar\/wp-content\/uploads\/2024\/05\/uier-sectores-asamblea.jpeg","width":1600,"height":900},"datePublished":"2024-05-06T11:58:07-03:00","dateModified":"2024-05-06T11:58:07-03:00","inLanguage":"es-AR","mainEntityOfPage":{"@id":"https:\/\/loboproduccionesaudiovisuales.ar\/?p=12379#webpage"},"isPartOf":{"@id":"https:\/\/loboproduccionesaudiovisuales.ar\/?p=12379#webpage"},"articleSection":"ACTUALIDAD, Blog, ENTRE RIOS, INDUSTRIALES, UIER"},{"@type":"BreadcrumbList","@id":"https:\/\/loboproduccionesaudiovisuales.ar\/?p=12379#breadcrumblist","itemListElement":[{"@type":"ListItem","@id":"https:\/\/loboproduccionesaudiovisuales.ar#listItem","position":1,"name":"Home","item":"https:\/\/loboproduccionesaudiovisuales.ar","nextItem":{"@type":"ListItem","@id":"https:\/\/loboproduccionesaudiovisuales.ar\/?cat=1#listItem","name":"Blog"}},{"@type":"ListItem","@id":"https:\/\/loboproduccionesaudiovisuales.ar\/?cat=1#listItem","position":2,"name":"Blog","item":"https:\/\/loboproduccionesaudiovisuales.ar\/?cat=1","nextItem":{"@type":"ListItem","@id":"https:\/\/loboproduccionesaudiovisuales.ar\/?p=12379#listItem","name":"Sectores industriales de Entre R\u00edos expusieron sus problem\u00e1ticas ante el Gobierno provincial"},"previousItem":{"@type":"ListItem","@id":"https:\/\/loboproduccionesaudiovisuales.ar#listItem","name":"Home"}},{"@type":"ListItem","@id":"https:\/\/loboproduccionesaudiovisuales.ar\/?p=12379#listItem","position":3,"name":"Sectores industriales de Entre R\u00edos expusieron sus problem\u00e1ticas ante el Gobierno provincial","previousItem":{"@type":"ListItem","@id":"https:\/\/loboproduccionesaudiovisuales.ar\/?cat=1#listItem","name":"Blog"}}]},{"@type":"Organization","@id":"https:\/\/loboproduccionesaudiovisuales.ar\/#organization","name":"loboproduccionesaudiovisuales.ar","description":"Sitio digital de noticias agroindustriales","url":"https:\/\/loboproduccionesaudiovisuales.ar\/","logo":{"@type":"ImageObject","url":"https:\/\/loboproduccionesaudiovisuales.ar\/wp-content\/uploads\/2023\/07\/LPA-web.jpg","@id":"https:\/\/loboproduccionesaudiovisuales.ar\/?p=12379\/#organizationLogo","width":500,"height":144},"image":{"@id":"https:\/\/loboproduccionesaudiovisuales.ar\/?p=12379\/#organizationLogo"}},{"@type":"Person","@id":"https:\/\/loboproduccionesaudiovisuales.ar\/?author=3#author","url":"https:\/\/loboproduccionesaudiovisuales.ar\/?author=3","name":"Gustavo Werner","image":{"@type":"ImageObject","@id":"https:\/\/loboproduccionesaudiovisuales.ar\/?p=12379#authorImage","url":"https:\/\/loboproduccionesaudiovisuales.ar\/wp-content\/litespeed\/avatar\/de09dfb254ecca8d89a27b1f284fdb4d.jpg?ver=1788575391","width":96,"height":96,"caption":"Gustavo Werner"}},{"@type":"WebPage","@id":"https:\/\/loboproduccionesaudiovisuales.ar\/?p=12379#webpage","url":"https:\/\/loboproduccionesaudiovisuales.ar\/?p=12379","name":"Sectores industriales de Entre R\u00edos expusieron sus problem\u00e1ticas ante el Gobierno provincial - LOBO PRODUCCIONES AUDIOVISUALES","description":"En el marco de la Asamblea General de la Uni\u00f3n Industrial de Entre R\u00edos (UIER), representantes de los distintos sectores industriales de la provincia expusieron sus problem\u00e1ticas particulares en esta coyuntura. En esta ocasi\u00f3n, compartieron sus problemas particulares y desaf\u00edos, ante la presencia del ministro de Hacienda y Finanzas Julio Panceri, el ministro de","inLanguage":"es-AR","isPartOf":{"@id":"https:\/\/loboproduccionesaudiovisuales.ar\/#website"},"breadcrumb":{"@id":"https:\/\/loboproduccionesaudiovisuales.ar\/?p=12379#breadcrumblist"},"author":{"@id":"https:\/\/loboproduccionesaudiovisuales.ar\/?author=3#author"},"creator":{"@id":"https:\/\/loboproduccionesaudiovisuales.ar\/?author=3#author"},"image":{"@type":"ImageObject","url":"https:\/\/loboproduccionesaudiovisuales.ar\/wp-content\/uploads\/2024\/05\/uier-sectores-asamblea.jpeg","@id":"https:\/\/loboproduccionesaudiovisuales.ar\/?p=12379\/#mainImage","width":1600,"height":900},"primaryImageOfPage":{"@id":"https:\/\/loboproduccionesaudiovisuales.ar\/?p=12379#mainImage"},"datePublished":"2024-05-06T11:58:07-03:00","dateModified":"2024-05-06T11:58:07-03:00"},{"@type":"WebSite","@id":"https:\/\/loboproduccionesaudiovisuales.ar\/#website","url":"https:\/\/loboproduccionesaudiovisuales.ar\/","name":"loboproduccionesaudiovisuales.ar","alternateName":"Lobo Producciones","description":"Sitio digital de noticias agroindustriales","inLanguage":"es-AR","publisher":{"@id":"https:\/\/loboproduccionesaudiovisuales.ar\/#organization"}}]},"og:locale":"es_ES","og:site_name":"LOBO PRODUCCIONES AUDIOVISUALES - Sitio digital de noticias agroindustriales","og:type":"article","og:title":"Sectores industriales de Entre R\u00edos expusieron sus problem\u00e1ticas ante el Gobierno provincial - LOBO PRODUCCIONES AUDIOVISUALES","og:description":"En el marco de la Asamblea General de la Uni\u00f3n Industrial de Entre R\u00edos (UIER), representantes de los distintos sectores industriales de la provincia expusieron sus problem\u00e1ticas particulares en esta coyuntura. En esta ocasi\u00f3n, compartieron sus problemas particulares y desaf\u00edos, ante la presencia del ministro de Hacienda y Finanzas Julio Panceri, el ministro de","og:url":"https:\/\/loboproduccionesaudiovisuales.ar\/?p=12379","og:image":"https:\/\/loboproduccionesaudiovisuales.ar\/wp-content\/uploads\/2023\/07\/LPA-web.jpg","og:image:secure_url":"https:\/\/loboproduccionesaudiovisuales.ar\/wp-content\/uploads\/2023\/07\/LPA-web.jpg","article:published_time":"2024-05-06T14:58:07+00:00","article:modified_time":"2024-05-06T14:58:07+00:00","twitter:card":"summary_large_image","twitter:title":"Sectores industriales de Entre R\u00edos expusieron sus problem\u00e1ticas ante el Gobierno provincial - LOBO PRODUCCIONES AUDIOVISUALES","twitter:description":"En el marco de la Asamblea General de la Uni\u00f3n Industrial de Entre R\u00edos (UIER), representantes de los distintos sectores industriales de la provincia expusieron sus problem\u00e1ticas particulares en esta coyuntura. En esta ocasi\u00f3n, compartieron sus problemas particulares y desaf\u00edos, ante la presencia del ministro de Hacienda y Finanzas Julio Panceri, el ministro de","twitter:image":"https:\/\/loboproduccionesaudiovisuales.ar\/wp-content\/uploads\/2023\/07\/LPA-web.jpg"},"aioseo_meta_data":{"post_id":"12379","title":null,"description":null,"keywords":null,"keyphrases":{"focus":{"keyphrase":"","score":0,"analysis":{"keyphraseInTitle":{"score":0,"maxScore":9,"error":1}}},"additional":[]},"primary_term":null,"canonical_url":null,"og_title":null,"og_description":null,"og_object_type":"default","og_image_type":"default","og_image_url":null,"og_image_width":null,"og_image_height":null,"og_image_custom_url":null,"og_image_custom_fields":null,"og_video":"","og_custom_url":null,"og_article_section":null,"og_article_tags":null,"twitter_use_og":false,"twitter_card":"default","twitter_image_type":"default","twitter_image_url":null,"twitter_image_custom_url":null,"twitter_image_custom_fields":null,"twitter_title":null,"twitter_description":null,"schema":{"blockGraphs":[],"customGraphs":[],"default":{"data":{"Article":[],"Course":[],"Dataset":[],"FAQPage":[],"Movie":[],"Person":[],"Product":[],"ProductReview":[],"Car":[],"Recipe":[],"Service":[],"SoftwareApplication":[],"WebPage":[]},"graphName":"BlogPosting","isEnabled":true},"graphs":[]},"schema_type":"default","schema_type_options":null,"pillar_content":false,"robots_default":true,"robots_noindex":false,"robots_noarchive":false,"robots_nosnippet":false,"robots_nofollow":false,"robots_noimageindex":false,"robots_noodp":false,"robots_notranslate":false,"robots_max_snippet":"-1","robots_max_videopreview":"-1","robots_max_imagepreview":"large","priority":null,"frequency":"default","local_seo":null,"breadcrumb_settings":null,"limit_modified_date":false,"ai":null,"created":"2024-05-06 14:58:08","updated":"2025-06-04 23:34:32","seo_analyzer_scan_date":null,"focus_keyword":null,"additional_keywords":null,"truseo_locale":null},"aioseo_breadcrumb":"<div class=\"aioseo-breadcrumbs\"><span class=\"aioseo-breadcrumb\">\n\t\t\t<a href=\"https:\/\/loboproduccionesaudiovisuales.ar\" title=\"Home\">Home<\/a>\n\t\t<\/span><span class=\"aioseo-breadcrumb-separator\">&raquo;<\/span><span class=\"aioseo-breadcrumb\">\n\t\t\t<a href=\"https:\/\/loboproduccionesaudiovisuales.ar\/?cat=1\" title=\"Blog\">Blog<\/a>\n\t\t<\/span><span class=\"aioseo-breadcrumb-separator\">&raquo;<\/span><span class=\"aioseo-breadcrumb\">\n\t\t\tSectores industriales de Entre R\u00edos expusieron sus problem\u00e1ticas ante el Gobierno provincial\n\t\t<\/span><\/div>","aioseo_breadcrumb_json":[{"label":"Home","link":"https:\/\/loboproduccionesaudiovisuales.ar"},{"label":"Blog","link":"https:\/\/loboproduccionesaudiovisuales.ar\/?cat=1"},{"label":"Sectores industriales de Entre R\u00edos expusieron sus problem\u00e1ticas ante el Gobierno provincial","link":"https:\/\/loboproduccionesaudiovisuales.ar\/?p=12379"}],"_links":{"self":[{"href":"https:\/\/loboproduccionesaudiovisuales.ar\/index.php?rest_route=\/wp\/v2\/posts\/12379","targetHints":{"allow":["GET"]}}],"collection":[{"href":"https:\/\/loboproduccionesaudiovisuales.ar\/index.php?rest_route=\/wp\/v2\/posts"}],"about":[{"href":"https:\/\/loboproduccionesaudiovisuales.ar\/index.php?rest_route=\/wp\/v2\/types\/post"}],"author":[{"embeddable":true,"href":"https:\/\/loboproduccionesaudiovisuales.ar\/index.php?rest_route=\/wp\/v2\/users\/3"}],"replies":[{"embeddable":true,"href":"https:\/\/loboproduccionesaudiovisuales.ar\/index.php?rest_route=%2Fwp%2Fv2%2Fcomments&post=12379"}],"version-history":[{"count":1,"href":"https:\/\/loboproduccionesaudiovisuales.ar\/index.php?rest_route=\/wp\/v2\/posts\/12379\/revisions"}],"predecessor-version":[{"id":12381,"href":"https:\/\/loboproduccionesaudiovisuales.ar\/index.php?rest_route=\/wp\/v2\/posts\/12379\/revisions\/12381"}],"wp:featuredmedia":[{"embeddable":true,"href":"https:\/\/loboproduccionesaudiovisuales.ar\/index.php?rest_route=\/wp\/v2\/media\/12380"}],"wp:attachment":[{"href":"https:\/\/loboproduccionesaudiovisuales.ar\/index.php?rest_route=%2Fwp%2Fv2%2Fmedia&parent=12379"}],"wp:term":[{"taxonomy":"category","embeddable":true,"href":"https:\/\/loboproduccionesaudiovisuales.ar\/index.php?rest_route=%2Fwp%2Fv2%2Fcategories&post=12379"},{"taxonomy":"post_tag","embeddable":true,"href":"https:\/\/loboproduccionesaudiovisuales.ar\/index.php?rest_route=%2Fwp%2Fv2%2Ftags&post=12379"}],"curies":[{"name":"wp","href":"https:\/\/api.w.org\/{rel}","templated":true}]}}