{"id":12303,"date":"2024-05-02T16:28:32","date_gmt":"2024-05-02T19:28:32","guid":{"rendered":"https:\/\/loboproduccionesaudiovisuales.ar\/?p=12303"},"modified":"2024-05-02T16:41:39","modified_gmt":"2024-05-02T19:41:39","slug":"nueva-fecha-para-la-3a-fiesta-provincial-del-trabajador-en-maria-luisa","status":"publish","type":"post","link":"https:\/\/loboproduccionesaudiovisuales.ar\/?p=12303","title":{"rendered":"Nueva fecha para la 3\u00aa Fiesta Provincial del Trabajador en Mar\u00eda Luisa"},"content":{"rendered":"<p><strong>Detalles de lo que se viene.<\/strong><\/p>\n<p>&nbsp;<\/p>\n<p>La 3\u00aa edici\u00f3n de la Fiesta Provincial del Trabajador, que se iba a desarrollar el mi\u00e9rcoles 1\u00ba de mayo en el predio del Multiespacio La Posta de Aldea Mar\u00eda Luisa, fue suspendida debido a las adversas condiciones clim\u00e1ticas registradas en la zona.<\/p>\n<p>R\u00e1pidamente, el Municipio confirm\u00f3 que el s\u00e1bado 25 de mayo ser\u00e1 la nueva cita para participar y disfrutar del evento, que tendr\u00e1 entrada libre y gratuita. El espect\u00e1culo art\u00edstico estar\u00e1 a cargo de Maravillas Alemanas, Los Hermanos Benedetich, Padularrosa Romero y La Groupera.<\/p>\n<p>Desde la organizaci\u00f3n se\u00f1alaron que la inscripci\u00f3n sin cargo para los stands comerciales se puede realizar al 343-6111833, de lunes a viernes, de 8.00 a 12.00.<\/p>\n","protected":false},"excerpt":{"rendered":"<p>Detalles de lo que se viene. &nbsp; La 3\u00aa edici\u00f3n de la Fiesta Provincial del Trabajador, que se iba a&hellip;<\/p>\n","protected":false},"author":3,"featured_media":12304,"comment_status":"open","ping_status":"open","sticky":false,"template":"","format":"standard","meta":{"footnotes":""},"categories":[5,1,198,140,113],"tags":[179],"class_list":["post-12303","post","type-post","status-publish","format-standard","has-post-thumbnail","hentry","category-actualidad","category-blog","category-exposiciones","category-festivales","category-region","tag-maria-luisa"],"aioseo_notices":[],"aioseo_head":"\n\t\t<!-- All in One SEO 5.0.1.1 - aioseo.com -->\n\t<meta name=\"description\" content=\"Detalles de lo que se viene. La 3\u00aa edici\u00f3n de la Fiesta Provincial del Trabajador, que se iba a desarrollar el mi\u00e9rcoles 1\u00ba de mayo en el predio del Multiespacio La Posta de Aldea Mar\u00eda Luisa, fue suspendida debido a las adversas condiciones clim\u00e1ticas registradas en la zona. R\u00e1pidamente, el Municipio confirm\u00f3 que el\" \/>\n\t<meta name=\"robots\" content=\"max-image-preview:large\" \/>\n\t<meta name=\"author\" content=\"Gustavo Werner\"\/>\n\t<link rel=\"canonical\" href=\"https:\/\/loboproduccionesaudiovisuales.ar\/?p=12303\" \/>\n\t<meta name=\"generator\" content=\"All in One SEO (AIOSEO) 5.0.1.1\" \/>\n\t\t<meta property=\"og:locale\" content=\"es_ES\" \/>\n\t\t<meta property=\"og:site_name\" content=\"LOBO PRODUCCIONES AUDIOVISUALES - Sitio digital de noticias agroindustriales\" \/>\n\t\t<meta property=\"og:type\" content=\"article\" \/>\n\t\t<meta property=\"og:title\" content=\"Nueva fecha para la 3\u00aa Fiesta Provincial del Trabajador en Mar\u00eda Luisa - LOBO PRODUCCIONES AUDIOVISUALES\" \/>\n\t\t<meta property=\"og:description\" content=\"Detalles de lo que se viene. La 3\u00aa edici\u00f3n de la Fiesta Provincial del Trabajador, que se iba a desarrollar el mi\u00e9rcoles 1\u00ba de mayo en el predio del Multiespacio La Posta de Aldea Mar\u00eda Luisa, fue suspendida debido a las adversas condiciones clim\u00e1ticas registradas en la zona. R\u00e1pidamente, el Municipio confirm\u00f3 que el\" \/>\n\t\t<meta property=\"og:url\" content=\"https:\/\/loboproduccionesaudiovisuales.ar\/?p=12303\" \/>\n\t\t<meta property=\"og:image\" content=\"https:\/\/loboproduccionesaudiovisuales.ar\/wp-content\/uploads\/2023\/07\/LPA-web.jpg\" \/>\n\t\t<meta property=\"og:image:secure_url\" content=\"https:\/\/loboproduccionesaudiovisuales.ar\/wp-content\/uploads\/2023\/07\/LPA-web.jpg\" \/>\n\t\t<meta property=\"article:published_time\" content=\"2024-05-02T19:28:32+00:00\" \/>\n\t\t<meta property=\"article:modified_time\" content=\"2024-05-02T19:41:39+00:00\" \/>\n\t\t<meta name=\"twitter:card\" content=\"summary_large_image\" \/>\n\t\t<meta name=\"twitter:title\" content=\"Nueva fecha para la 3\u00aa Fiesta Provincial del Trabajador en Mar\u00eda Luisa - LOBO PRODUCCIONES AUDIOVISUALES\" \/>\n\t\t<meta name=\"twitter:description\" content=\"Detalles de lo que se viene. La 3\u00aa edici\u00f3n de la Fiesta Provincial del Trabajador, que se iba a desarrollar el mi\u00e9rcoles 1\u00ba de mayo en el predio del Multiespacio La Posta de Aldea Mar\u00eda Luisa, fue suspendida debido a las adversas condiciones clim\u00e1ticas registradas en la zona. R\u00e1pidamente, el Municipio confirm\u00f3 que el\" \/>\n\t\t<meta name=\"twitter:image\" content=\"https:\/\/loboproduccionesaudiovisuales.ar\/wp-content\/uploads\/2023\/07\/LPA-web.jpg\" \/>\n\t\t<script type=\"application\/ld+json\" class=\"aioseo-schema\">\n\t\t\t{\"@context\":\"https:\\\/\\\/schema.org\",\"@graph\":[{\"@type\":\"BlogPosting\",\"@id\":\"https:\\\/\\\/loboproduccionesaudiovisuales.ar\\\/?p=12303#blogposting\",\"name\":\"Nueva fecha para la 3\\u00aa Fiesta Provincial del Trabajador en Mar\\u00eda Luisa - LOBO PRODUCCIONES AUDIOVISUALES\",\"headline\":\"Nueva fecha para la 3\\u00aa Fiesta Provincial del Trabajador en Mar\\u00eda Luisa\",\"author\":{\"@id\":\"https:\\\/\\\/loboproduccionesaudiovisuales.ar\\\/?author=3#author\"},\"publisher\":{\"@id\":\"https:\\\/\\\/loboproduccionesaudiovisuales.ar\\\/#organization\"},\"image\":{\"@type\":\"ImageObject\",\"url\":\"https:\\\/\\\/loboproduccionesaudiovisuales.ar\\\/wp-content\\\/uploads\\\/2024\\\/05\\\/439928240_18038554492849504_5328378159606330838_n.jpg\",\"width\":512,\"height\":640},\"datePublished\":\"2024-05-02T16:28:32-03:00\",\"dateModified\":\"2024-05-02T16:41:39-03:00\",\"inLanguage\":\"es-AR\",\"mainEntityOfPage\":{\"@id\":\"https:\\\/\\\/loboproduccionesaudiovisuales.ar\\\/?p=12303#webpage\"},\"isPartOf\":{\"@id\":\"https:\\\/\\\/loboproduccionesaudiovisuales.ar\\\/?p=12303#webpage\"},\"articleSection\":\"ACTUALIDAD, Blog, EXPOSICIONES, FESTIVALES, REGIONALES, Mar\\u00eda Luisa\"},{\"@type\":\"BreadcrumbList\",\"@id\":\"https:\\\/\\\/loboproduccionesaudiovisuales.ar\\\/?p=12303#breadcrumblist\",\"itemListElement\":[{\"@type\":\"ListItem\",\"@id\":\"https:\\\/\\\/loboproduccionesaudiovisuales.ar#listItem\",\"position\":1,\"name\":\"Home\",\"item\":\"https:\\\/\\\/loboproduccionesaudiovisuales.ar\",\"nextItem\":{\"@type\":\"ListItem\",\"@id\":\"https:\\\/\\\/loboproduccionesaudiovisuales.ar\\\/?cat=1#listItem\",\"name\":\"Blog\"}},{\"@type\":\"ListItem\",\"@id\":\"https:\\\/\\\/loboproduccionesaudiovisuales.ar\\\/?cat=1#listItem\",\"position\":2,\"name\":\"Blog\",\"item\":\"https:\\\/\\\/loboproduccionesaudiovisuales.ar\\\/?cat=1\",\"nextItem\":{\"@type\":\"ListItem\",\"@id\":\"https:\\\/\\\/loboproduccionesaudiovisuales.ar\\\/?p=12303#listItem\",\"name\":\"Nueva fecha para la 3\\u00aa Fiesta Provincial del Trabajador en Mar\\u00eda Luisa\"},\"previousItem\":{\"@type\":\"ListItem\",\"@id\":\"https:\\\/\\\/loboproduccionesaudiovisuales.ar#listItem\",\"name\":\"Home\"}},{\"@type\":\"ListItem\",\"@id\":\"https:\\\/\\\/loboproduccionesaudiovisuales.ar\\\/?p=12303#listItem\",\"position\":3,\"name\":\"Nueva fecha para la 3\\u00aa Fiesta Provincial del Trabajador en Mar\\u00eda Luisa\",\"previousItem\":{\"@type\":\"ListItem\",\"@id\":\"https:\\\/\\\/loboproduccionesaudiovisuales.ar\\\/?cat=1#listItem\",\"name\":\"Blog\"}}]},{\"@type\":\"Organization\",\"@id\":\"https:\\\/\\\/loboproduccionesaudiovisuales.ar\\\/#organization\",\"name\":\"loboproduccionesaudiovisuales.ar\",\"description\":\"Sitio digital de noticias agroindustriales\",\"url\":\"https:\\\/\\\/loboproduccionesaudiovisuales.ar\\\/\",\"logo\":{\"@type\":\"ImageObject\",\"url\":\"https:\\\/\\\/loboproduccionesaudiovisuales.ar\\\/wp-content\\\/uploads\\\/2023\\\/07\\\/LPA-web.jpg\",\"@id\":\"https:\\\/\\\/loboproduccionesaudiovisuales.ar\\\/?p=12303\\\/#organizationLogo\",\"width\":500,\"height\":144},\"image\":{\"@id\":\"https:\\\/\\\/loboproduccionesaudiovisuales.ar\\\/?p=12303\\\/#organizationLogo\"}},{\"@type\":\"Person\",\"@id\":\"https:\\\/\\\/loboproduccionesaudiovisuales.ar\\\/?author=3#author\",\"url\":\"https:\\\/\\\/loboproduccionesaudiovisuales.ar\\\/?author=3\",\"name\":\"Gustavo Werner\",\"image\":{\"@type\":\"ImageObject\",\"@id\":\"https:\\\/\\\/loboproduccionesaudiovisuales.ar\\\/?p=12303#authorImage\",\"url\":\"https:\\\/\\\/loboproduccionesaudiovisuales.ar\\\/wp-content\\\/litespeed\\\/avatar\\\/de09dfb254ecca8d89a27b1f284fdb4d.jpg?ver=1788575391\",\"width\":96,\"height\":96,\"caption\":\"Gustavo Werner\"}},{\"@type\":\"WebPage\",\"@id\":\"https:\\\/\\\/loboproduccionesaudiovisuales.ar\\\/?p=12303#webpage\",\"url\":\"https:\\\/\\\/loboproduccionesaudiovisuales.ar\\\/?p=12303\",\"name\":\"Nueva fecha para la 3\\u00aa Fiesta Provincial del Trabajador en Mar\\u00eda Luisa - LOBO PRODUCCIONES AUDIOVISUALES\",\"description\":\"Detalles de lo que se viene. La 3\\u00aa edici\\u00f3n de la Fiesta Provincial del Trabajador, que se iba a desarrollar el mi\\u00e9rcoles 1\\u00ba de mayo en el predio del Multiespacio La Posta de Aldea Mar\\u00eda Luisa, fue suspendida debido a las adversas condiciones clim\\u00e1ticas registradas en la zona. R\\u00e1pidamente, el Municipio confirm\\u00f3 que el\",\"inLanguage\":\"es-AR\",\"isPartOf\":{\"@id\":\"https:\\\/\\\/loboproduccionesaudiovisuales.ar\\\/#website\"},\"breadcrumb\":{\"@id\":\"https:\\\/\\\/loboproduccionesaudiovisuales.ar\\\/?p=12303#breadcrumblist\"},\"author\":{\"@id\":\"https:\\\/\\\/loboproduccionesaudiovisuales.ar\\\/?author=3#author\"},\"creator\":{\"@id\":\"https:\\\/\\\/loboproduccionesaudiovisuales.ar\\\/?author=3#author\"},\"image\":{\"@type\":\"ImageObject\",\"url\":\"https:\\\/\\\/loboproduccionesaudiovisuales.ar\\\/wp-content\\\/uploads\\\/2024\\\/05\\\/439928240_18038554492849504_5328378159606330838_n.jpg\",\"@id\":\"https:\\\/\\\/loboproduccionesaudiovisuales.ar\\\/?p=12303\\\/#mainImage\",\"width\":512,\"height\":640},\"primaryImageOfPage\":{\"@id\":\"https:\\\/\\\/loboproduccionesaudiovisuales.ar\\\/?p=12303#mainImage\"},\"datePublished\":\"2024-05-02T16:28:32-03:00\",\"dateModified\":\"2024-05-02T16:41:39-03:00\"},{\"@type\":\"WebSite\",\"@id\":\"https:\\\/\\\/loboproduccionesaudiovisuales.ar\\\/#website\",\"url\":\"https:\\\/\\\/loboproduccionesaudiovisuales.ar\\\/\",\"name\":\"loboproduccionesaudiovisuales.ar\",\"alternateName\":\"Lobo Producciones\",\"description\":\"Sitio digital de noticias agroindustriales\",\"inLanguage\":\"es-AR\",\"publisher\":{\"@id\":\"https:\\\/\\\/loboproduccionesaudiovisuales.ar\\\/#organization\"}}]}\n\t\t<\/script>\n\t\t<!-- All in One SEO -->\n\n","aioseo_head_json":{"title":"Nueva fecha para la 3\u00aa Fiesta Provincial del Trabajador en Mar\u00eda Luisa - LOBO PRODUCCIONES AUDIOVISUALES","description":"Detalles de lo que se viene. La 3\u00aa edici\u00f3n de la Fiesta Provincial del Trabajador, que se iba a desarrollar el mi\u00e9rcoles 1\u00ba de mayo en el predio del Multiespacio La Posta de Aldea Mar\u00eda Luisa, fue suspendida debido a las adversas condiciones clim\u00e1ticas registradas en la zona. R\u00e1pidamente, el Municipio confirm\u00f3 que el","canonical_url":"https:\/\/loboproduccionesaudiovisuales.ar\/?p=12303","robots":"max-image-preview:large","keywords":"","webmasterTools":{"miscellaneous":""},"schema":{"@context":"https:\/\/schema.org","@graph":[{"@type":"BlogPosting","@id":"https:\/\/loboproduccionesaudiovisuales.ar\/?p=12303#blogposting","name":"Nueva fecha para la 3\u00aa Fiesta Provincial del Trabajador en Mar\u00eda Luisa - LOBO PRODUCCIONES AUDIOVISUALES","headline":"Nueva fecha para la 3\u00aa Fiesta Provincial del Trabajador en Mar\u00eda Luisa","author":{"@id":"https:\/\/loboproduccionesaudiovisuales.ar\/?author=3#author"},"publisher":{"@id":"https:\/\/loboproduccionesaudiovisuales.ar\/#organization"},"image":{"@type":"ImageObject","url":"https:\/\/loboproduccionesaudiovisuales.ar\/wp-content\/uploads\/2024\/05\/439928240_18038554492849504_5328378159606330838_n.jpg","width":512,"height":640},"datePublished":"2024-05-02T16:28:32-03:00","dateModified":"2024-05-02T16:41:39-03:00","inLanguage":"es-AR","mainEntityOfPage":{"@id":"https:\/\/loboproduccionesaudiovisuales.ar\/?p=12303#webpage"},"isPartOf":{"@id":"https:\/\/loboproduccionesaudiovisuales.ar\/?p=12303#webpage"},"articleSection":"ACTUALIDAD, Blog, EXPOSICIONES, FESTIVALES, REGIONALES, Mar\u00eda Luisa"},{"@type":"BreadcrumbList","@id":"https:\/\/loboproduccionesaudiovisuales.ar\/?p=12303#breadcrumblist","itemListElement":[{"@type":"ListItem","@id":"https:\/\/loboproduccionesaudiovisuales.ar#listItem","position":1,"name":"Home","item":"https:\/\/loboproduccionesaudiovisuales.ar","nextItem":{"@type":"ListItem","@id":"https:\/\/loboproduccionesaudiovisuales.ar\/?cat=1#listItem","name":"Blog"}},{"@type":"ListItem","@id":"https:\/\/loboproduccionesaudiovisuales.ar\/?cat=1#listItem","position":2,"name":"Blog","item":"https:\/\/loboproduccionesaudiovisuales.ar\/?cat=1","nextItem":{"@type":"ListItem","@id":"https:\/\/loboproduccionesaudiovisuales.ar\/?p=12303#listItem","name":"Nueva fecha para la 3\u00aa Fiesta Provincial del Trabajador en Mar\u00eda Luisa"},"previousItem":{"@type":"ListItem","@id":"https:\/\/loboproduccionesaudiovisuales.ar#listItem","name":"Home"}},{"@type":"ListItem","@id":"https:\/\/loboproduccionesaudiovisuales.ar\/?p=12303#listItem","position":3,"name":"Nueva fecha para la 3\u00aa Fiesta Provincial del Trabajador en Mar\u00eda Luisa","previousItem":{"@type":"ListItem","@id":"https:\/\/loboproduccionesaudiovisuales.ar\/?cat=1#listItem","name":"Blog"}}]},{"@type":"Organization","@id":"https:\/\/loboproduccionesaudiovisuales.ar\/#organization","name":"loboproduccionesaudiovisuales.ar","description":"Sitio digital de noticias agroindustriales","url":"https:\/\/loboproduccionesaudiovisuales.ar\/","logo":{"@type":"ImageObject","url":"https:\/\/loboproduccionesaudiovisuales.ar\/wp-content\/uploads\/2023\/07\/LPA-web.jpg","@id":"https:\/\/loboproduccionesaudiovisuales.ar\/?p=12303\/#organizationLogo","width":500,"height":144},"image":{"@id":"https:\/\/loboproduccionesaudiovisuales.ar\/?p=12303\/#organizationLogo"}},{"@type":"Person","@id":"https:\/\/loboproduccionesaudiovisuales.ar\/?author=3#author","url":"https:\/\/loboproduccionesaudiovisuales.ar\/?author=3","name":"Gustavo Werner","image":{"@type":"ImageObject","@id":"https:\/\/loboproduccionesaudiovisuales.ar\/?p=12303#authorImage","url":"https:\/\/loboproduccionesaudiovisuales.ar\/wp-content\/litespeed\/avatar\/de09dfb254ecca8d89a27b1f284fdb4d.jpg?ver=1788575391","width":96,"height":96,"caption":"Gustavo Werner"}},{"@type":"WebPage","@id":"https:\/\/loboproduccionesaudiovisuales.ar\/?p=12303#webpage","url":"https:\/\/loboproduccionesaudiovisuales.ar\/?p=12303","name":"Nueva fecha para la 3\u00aa Fiesta Provincial del Trabajador en Mar\u00eda Luisa - LOBO PRODUCCIONES AUDIOVISUALES","description":"Detalles de lo que se viene. La 3\u00aa edici\u00f3n de la Fiesta Provincial del Trabajador, que se iba a desarrollar el mi\u00e9rcoles 1\u00ba de mayo en el predio del Multiespacio La Posta de Aldea Mar\u00eda Luisa, fue suspendida debido a las adversas condiciones clim\u00e1ticas registradas en la zona. R\u00e1pidamente, el Municipio confirm\u00f3 que el","inLanguage":"es-AR","isPartOf":{"@id":"https:\/\/loboproduccionesaudiovisuales.ar\/#website"},"breadcrumb":{"@id":"https:\/\/loboproduccionesaudiovisuales.ar\/?p=12303#breadcrumblist"},"author":{"@id":"https:\/\/loboproduccionesaudiovisuales.ar\/?author=3#author"},"creator":{"@id":"https:\/\/loboproduccionesaudiovisuales.ar\/?author=3#author"},"image":{"@type":"ImageObject","url":"https:\/\/loboproduccionesaudiovisuales.ar\/wp-content\/uploads\/2024\/05\/439928240_18038554492849504_5328378159606330838_n.jpg","@id":"https:\/\/loboproduccionesaudiovisuales.ar\/?p=12303\/#mainImage","width":512,"height":640},"primaryImageOfPage":{"@id":"https:\/\/loboproduccionesaudiovisuales.ar\/?p=12303#mainImage"},"datePublished":"2024-05-02T16:28:32-03:00","dateModified":"2024-05-02T16:41:39-03:00"},{"@type":"WebSite","@id":"https:\/\/loboproduccionesaudiovisuales.ar\/#website","url":"https:\/\/loboproduccionesaudiovisuales.ar\/","name":"loboproduccionesaudiovisuales.ar","alternateName":"Lobo Producciones","description":"Sitio digital de noticias agroindustriales","inLanguage":"es-AR","publisher":{"@id":"https:\/\/loboproduccionesaudiovisuales.ar\/#organization"}}]},"og:locale":"es_ES","og:site_name":"LOBO PRODUCCIONES AUDIOVISUALES - Sitio digital de noticias agroindustriales","og:type":"article","og:title":"Nueva fecha para la 3\u00aa Fiesta Provincial del Trabajador en Mar\u00eda Luisa - LOBO PRODUCCIONES AUDIOVISUALES","og:description":"Detalles de lo que se viene. La 3\u00aa edici\u00f3n de la Fiesta Provincial del Trabajador, que se iba a desarrollar el mi\u00e9rcoles 1\u00ba de mayo en el predio del Multiespacio La Posta de Aldea Mar\u00eda Luisa, fue suspendida debido a las adversas condiciones clim\u00e1ticas registradas en la zona. R\u00e1pidamente, el Municipio confirm\u00f3 que el","og:url":"https:\/\/loboproduccionesaudiovisuales.ar\/?p=12303","og:image":"https:\/\/loboproduccionesaudiovisuales.ar\/wp-content\/uploads\/2023\/07\/LPA-web.jpg","og:image:secure_url":"https:\/\/loboproduccionesaudiovisuales.ar\/wp-content\/uploads\/2023\/07\/LPA-web.jpg","article:published_time":"2024-05-02T19:28:32+00:00","article:modified_time":"2024-05-02T19:41:39+00:00","twitter:card":"summary_large_image","twitter:title":"Nueva fecha para la 3\u00aa Fiesta Provincial del Trabajador en Mar\u00eda Luisa - LOBO PRODUCCIONES AUDIOVISUALES","twitter:description":"Detalles de lo que se viene. La 3\u00aa edici\u00f3n de la Fiesta Provincial del Trabajador, que se iba a desarrollar el mi\u00e9rcoles 1\u00ba de mayo en el predio del Multiespacio La Posta de Aldea Mar\u00eda Luisa, fue suspendida debido a las adversas condiciones clim\u00e1ticas registradas en la zona. R\u00e1pidamente, el Municipio confirm\u00f3 que el","twitter:image":"https:\/\/loboproduccionesaudiovisuales.ar\/wp-content\/uploads\/2023\/07\/LPA-web.jpg"},"aioseo_meta_data":{"post_id":"12303","title":null,"description":null,"keywords":null,"keyphrases":{"focus":{"keyphrase":"","score":0,"analysis":{"keyphraseInTitle":{"score":0,"maxScore":9,"error":1}}},"additional":[]},"primary_term":null,"canonical_url":null,"og_title":null,"og_description":null,"og_object_type":"default","og_image_type":"default","og_image_url":null,"og_image_width":null,"og_image_height":null,"og_image_custom_url":null,"og_image_custom_fields":null,"og_video":"","og_custom_url":null,"og_article_section":null,"og_article_tags":null,"twitter_use_og":false,"twitter_card":"default","twitter_image_type":"default","twitter_image_url":null,"twitter_image_custom_url":null,"twitter_image_custom_fields":null,"twitter_title":null,"twitter_description":null,"schema":{"blockGraphs":[],"customGraphs":[],"default":{"data":{"Article":[],"Course":[],"Dataset":[],"FAQPage":[],"Movie":[],"Person":[],"Product":[],"ProductReview":[],"Car":[],"Recipe":[],"Service":[],"SoftwareApplication":[],"WebPage":[]},"graphName":"BlogPosting","isEnabled":true},"graphs":[]},"schema_type":"default","schema_type_options":null,"pillar_content":false,"robots_default":true,"robots_noindex":false,"robots_noarchive":false,"robots_nosnippet":false,"robots_nofollow":false,"robots_noimageindex":false,"robots_noodp":false,"robots_notranslate":false,"robots_max_snippet":"-1","robots_max_videopreview":"-1","robots_max_imagepreview":"large","priority":null,"frequency":"default","local_seo":null,"breadcrumb_settings":null,"limit_modified_date":false,"ai":null,"created":"2024-05-02 19:40:26","updated":"2025-06-04 23:33:38","seo_analyzer_scan_date":null,"focus_keyword":null,"additional_keywords":null,"truseo_locale":null},"aioseo_breadcrumb":"<div class=\"aioseo-breadcrumbs\"><span class=\"aioseo-breadcrumb\">\n\t\t\t<a href=\"https:\/\/loboproduccionesaudiovisuales.ar\" title=\"Home\">Home<\/a>\n\t\t<\/span><span class=\"aioseo-breadcrumb-separator\">&raquo;<\/span><span class=\"aioseo-breadcrumb\">\n\t\t\t<a href=\"https:\/\/loboproduccionesaudiovisuales.ar\/?cat=1\" title=\"Blog\">Blog<\/a>\n\t\t<\/span><span class=\"aioseo-breadcrumb-separator\">&raquo;<\/span><span class=\"aioseo-breadcrumb\">\n\t\t\tNueva fecha para la 3\u00aa Fiesta Provincial del Trabajador en Mar\u00eda Luisa\n\t\t<\/span><\/div>","aioseo_breadcrumb_json":[{"label":"Home","link":"https:\/\/loboproduccionesaudiovisuales.ar"},{"label":"Blog","link":"https:\/\/loboproduccionesaudiovisuales.ar\/?cat=1"},{"label":"Nueva fecha para la 3\u00aa Fiesta Provincial del Trabajador en Mar\u00eda Luisa","link":"https:\/\/loboproduccionesaudiovisuales.ar\/?p=12303"}],"_links":{"self":[{"href":"https:\/\/loboproduccionesaudiovisuales.ar\/index.php?rest_route=\/wp\/v2\/posts\/12303","targetHints":{"allow":["GET"]}}],"collection":[{"href":"https:\/\/loboproduccionesaudiovisuales.ar\/index.php?rest_route=\/wp\/v2\/posts"}],"about":[{"href":"https:\/\/loboproduccionesaudiovisuales.ar\/index.php?rest_route=\/wp\/v2\/types\/post"}],"author":[{"embeddable":true,"href":"https:\/\/loboproduccionesaudiovisuales.ar\/index.php?rest_route=\/wp\/v2\/users\/3"}],"replies":[{"embeddable":true,"href":"https:\/\/loboproduccionesaudiovisuales.ar\/index.php?rest_route=%2Fwp%2Fv2%2Fcomments&post=12303"}],"version-history":[{"count":1,"href":"https:\/\/loboproduccionesaudiovisuales.ar\/index.php?rest_route=\/wp\/v2\/posts\/12303\/revisions"}],"predecessor-version":[{"id":12305,"href":"https:\/\/loboproduccionesaudiovisuales.ar\/index.php?rest_route=\/wp\/v2\/posts\/12303\/revisions\/12305"}],"wp:featuredmedia":[{"embeddable":true,"href":"https:\/\/loboproduccionesaudiovisuales.ar\/index.php?rest_route=\/wp\/v2\/media\/12304"}],"wp:attachment":[{"href":"https:\/\/loboproduccionesaudiovisuales.ar\/index.php?rest_route=%2Fwp%2Fv2%2Fmedia&parent=12303"}],"wp:term":[{"taxonomy":"category","embeddable":true,"href":"https:\/\/loboproduccionesaudiovisuales.ar\/index.php?rest_route=%2Fwp%2Fv2%2Fcategories&post=12303"},{"taxonomy":"post_tag","embeddable":true,"href":"https:\/\/loboproduccionesaudiovisuales.ar\/index.php?rest_route=%2Fwp%2Fv2%2Ftags&post=12303"}],"curies":[{"name":"wp","href":"https:\/\/api.w.org\/{rel}","templated":true}]}}