{"id":12296,"date":"2024-05-02T16:26:54","date_gmt":"2024-05-02T19:26:54","guid":{"rendered":"https:\/\/loboproduccionesaudiovisuales.ar\/?p=12296"},"modified":"2024-05-02T16:26:54","modified_gmt":"2024-05-02T19:26:54","slug":"franjas-florales-el-metodo-para-combatir-plagas-en-campos-entrerrianos","status":"publish","type":"post","link":"https:\/\/loboproduccionesaudiovisuales.ar\/?p=12296","title":{"rendered":"\u201cFranjas florales\u201d, el m\u00e9todo para combatir plagas en campos entrerrianos"},"content":{"rendered":"<p><strong>Productores hort\u00edcolas de la provincia implementaron la siembra de franjas florales, respaldada por el INTA, para controlar las plagas, promoviendo la protecci\u00f3n del entorno natural y la diversificaci\u00f3n. De qu\u00e9 se trata este m\u00e9todo.<\/strong><\/p>\n<p>&nbsp;<\/p>\n<p>&nbsp;<\/p>\n<p>En campos del norte entrerriano surgi\u00f3 una propuesta en la lucha contra las plagas. El control biol\u00f3gico por conservaci\u00f3n, adoptado por un establecimiento hort\u00edcola, es un ejemplo de innovaci\u00f3n y compromiso con el cuidado del medio ambiente.<\/p>\n<p>Esta estrategia, respaldada por el Instituto Nacional de Tecnolog\u00eda Agropecuaria (INTA) Concordia, se basa en el concepto de\u00a0<b>plantar franjas florales junto a los cultivos principales.\u00a0<\/b>En ese sentido, la finalidad es atraer insectos beneficiosos que act\u00faen como depredadores naturales de las plagas, reduciendo as\u00ed la necesidad de utilizar productos qu\u00edmicos nocivos para el ecosistema. Adem\u00e1s, esta pr\u00e1ctica contribuye a la polinizaci\u00f3n y a la protecci\u00f3n de la biodiversidad local.<\/p>\n<figure class=\"embed\"><img decoding=\"async\" title=\"\" src=\"https:\/\/elonce-media.elonce.com\/fotos-nuevo\/2024\/05\/02\/o_1714670807.jpg\" alt=\"\" width=\"640\" \/><\/figure>\n<p>La experiencia en \u201cLa Marta\u201d comenz\u00f3 en 2011, cuando el establecimiento inici\u00f3 su transici\u00f3n hacia pr\u00e1cticas agroecol\u00f3gicas. Desde entonces, el equipo del INTA colabor\u00f3 en el desarrollo y perfeccionamiento de esta innovadora t\u00e9cnica. La implementaci\u00f3n de franjas florales, como parte integral del paisaje agr\u00edcola,<u>\u00a0demostr\u00f3 resultados prometedores en la regulaci\u00f3n natural de las plagas, especialmente en cultivos de repollo.<\/u><\/p>\n<p><b>Las franjas florales ofrecen una alternativa ambientalmente amigable en la agricultura<\/b><\/p>\n<p>En tanto, Beatriz D\u00edaz, especialista del INTA y l\u00edder de este proyecto, destac\u00f3 los avances obtenidos. \u201cMediante la adici\u00f3n estrat\u00e9gica de cultivos de servicio y la creaci\u00f3n de franjas florales multifuncionales, se fortaleci\u00f3 el control biol\u00f3gico y se foment\u00f3 la biodiversidad en el entorno agr\u00edcola\u201d, se\u00f1al\u00f3.<\/p>\n<figure class=\"embed\"><img decoding=\"async\" title=\"\" src=\"https:\/\/elonce-media.elonce.com\/fotos-nuevo\/2024\/05\/02\/o_1714670805.jpg\" alt=\"\" width=\"640\" \/><\/figure>\n<p>Asimismo, la siembra de flores para proteger los cultivos es un claro ejemplo de c\u00f3mo la biodiversidad puede ser aliada en la producci\u00f3n de alimentos sanos y respetuosos con el medio ambiente. \u201cPara la elecci\u00f3n de las especies constituyentes de la franja floral se consider\u00f3 la factibilidad de su comercializaci\u00f3n, d\u00e1ndole as\u00ed un valor econ\u00f3mico a esta tecnolog\u00eda de proceso\u201d, explic\u00f3 D\u00edaz. Adem\u00e1s, destac\u00f3 que se tuvo en cuenta su valor est\u00e9tico y su impacto positivo en las personas que trabajan y viven en el establecimiento.<\/p>\n<p>En cuanto a la instalaci\u00f3n de la franja floral, D\u00edaz detall\u00f3 que se ubic\u00f3 adosada al exterior de un invernadero para minimizar la ocupaci\u00f3n de superficie productiva. La composici\u00f3n incluy\u00f3 especies vegetales de cuatro familias bot\u00e1nicas con diferente funcionalidad. \u201cSe combinaron \u2018plantas trampa\u2019, \u2018plantas repelentes\u2019 y \u2018plantas insectario\u2019 para crear un ecosistema equilibrado que fomente la regulaci\u00f3n natural de plagas\u201d, a\u00f1adi\u00f3.<\/p>\n<p>Entre las especies seleccionadas, se incluyeron arom\u00e1ticas como tomillo, or\u00e9gano, albahaca, salvia y lavanda como plantas repelentes. La cal\u00e9ndula fue utilizada principalmente como planta trampa, mientras que las plantas insectario fueron especies ornamentales como aliso, centaurea, orlaya y Glandularia Alba INTA. Esta selecci\u00f3n garantiz\u00f3 una provisi\u00f3n continua de recursos a los insectos ben\u00e9ficos durante todo el a\u00f1o.<\/p>\n<p>\u201cAl inicio del invierno, las especies comenzaron a florecer alcanzando el pico de floraci\u00f3n en los meses de septiembre y octubre, cubriendo los requerimientos de alimento y brindando refugio a los enemigos naturales\u201d, explic\u00f3 D\u00edaz. Esta abundancia de flores atrajo insectos depredadores y parasitoides de las plagas, lo que result\u00f3 en un control efectivo de las mismas en los cultivos asociados.<\/p>\n<figure class=\"embed\"><img decoding=\"async\" title=\"\" src=\"https:\/\/elonce-media.elonce.com\/fotos-nuevo\/2024\/05\/02\/o_1714670804.jpg\" alt=\"\" width=\"640\" \/><\/figure>\n<p>\u201c<b>Las interacciones multitr\u00f3ficas que se establecieron entre las comunidades de plagas, enemigos naturales y las plantas asociadas, tuvieron un impacto positivo en el control de las plagas en los cultivos de repollo aleda\u00f1os<\/b>\u201d, destac\u00f3 D\u00edaz. Esta reducci\u00f3n en el uso de bioinsumos no solo benefici\u00f3 econ\u00f3micamente al establecimiento, sino que tambi\u00e9n promovi\u00f3 pr\u00e1cticas agr\u00edcolas m\u00e1s sostenibles.<\/p>\n<h5>Los propietarios mostraron sorpresa ante el \u00e9xito de las franjas florales<\/h5>\n<p>Por su parte, Rosa Milera, productora y responsable del establecimiento, expres\u00f3 su sorpresa ante el \u00e9xito de la implementaci\u00f3n y comercializaci\u00f3n de las franjas florales. \u201cEs una muy buena puerta para explorar, trabajar y aprender. Y nos gusta porque es innovador\u201d, afirm\u00f3. Esta experiencia abri\u00f3 nuevas perspectivas para el establecimiento, tanto en t\u00e9rminos de producci\u00f3n como de comercializaci\u00f3n.<\/p>\n<p>\u201cEsta experiencia permite poner de manifiesto c\u00f3mo la conservaci\u00f3n y la producci\u00f3n pueden abordarse desde un enfoque hol\u00edstico\u201d, concluy\u00f3 D\u00edaz. (Intainforma)<\/p>\n","protected":false},"excerpt":{"rendered":"<p>Productores hort\u00edcolas de la provincia implementaron la siembra de franjas florales, respaldada por el INTA, para controlar las plagas, promoviendo&hellip;<\/p>\n","protected":false},"author":3,"featured_media":12297,"comment_status":"open","ping_status":"open","sticky":false,"template":"","format":"standard","meta":{"footnotes":""},"categories":[5,1,128],"tags":[],"class_list":["post-12296","post","type-post","status-publish","format-standard","has-post-thumbnail","hentry","category-actualidad","category-blog","category-entre-rios"],"aioseo_notices":[],"aioseo_head":"\n\t\t<!-- All in One SEO 5.0.1.1 - aioseo.com -->\n\t<meta name=\"description\" content=\"Productores hort\u00edcolas de la provincia implementaron la siembra de franjas florales, respaldada por el INTA, para controlar las plagas, promoviendo la protecci\u00f3n del entorno natural y la diversificaci\u00f3n. De qu\u00e9 se trata este m\u00e9todo. En campos del norte entrerriano surgi\u00f3 una propuesta en la lucha contra las plagas. El control biol\u00f3gico por conservaci\u00f3n,\" \/>\n\t<meta name=\"robots\" content=\"max-image-preview:large\" \/>\n\t<meta name=\"author\" content=\"Gustavo Werner\"\/>\n\t<link rel=\"canonical\" href=\"https:\/\/loboproduccionesaudiovisuales.ar\/?p=12296\" \/>\n\t<meta name=\"generator\" content=\"All in One SEO (AIOSEO) 5.0.1.1\" \/>\n\t\t<meta property=\"og:locale\" content=\"es_ES\" \/>\n\t\t<meta property=\"og:site_name\" content=\"LOBO PRODUCCIONES AUDIOVISUALES - Sitio digital de noticias agroindustriales\" \/>\n\t\t<meta property=\"og:type\" content=\"article\" \/>\n\t\t<meta property=\"og:title\" content=\"\u201cFranjas florales\u201d, el m\u00e9todo para combatir plagas en campos entrerrianos - LOBO PRODUCCIONES AUDIOVISUALES\" \/>\n\t\t<meta property=\"og:description\" content=\"Productores hort\u00edcolas de la provincia implementaron la siembra de franjas florales, respaldada por el INTA, para controlar las plagas, promoviendo la protecci\u00f3n del entorno natural y la diversificaci\u00f3n. De qu\u00e9 se trata este m\u00e9todo. En campos del norte entrerriano surgi\u00f3 una propuesta en la lucha contra las plagas. El control biol\u00f3gico por conservaci\u00f3n,\" \/>\n\t\t<meta property=\"og:url\" content=\"https:\/\/loboproduccionesaudiovisuales.ar\/?p=12296\" \/>\n\t\t<meta property=\"og:image\" content=\"https:\/\/loboproduccionesaudiovisuales.ar\/wp-content\/uploads\/2023\/07\/LPA-web.jpg\" \/>\n\t\t<meta property=\"og:image:secure_url\" content=\"https:\/\/loboproduccionesaudiovisuales.ar\/wp-content\/uploads\/2023\/07\/LPA-web.jpg\" \/>\n\t\t<meta property=\"article:published_time\" content=\"2024-05-02T19:26:54+00:00\" \/>\n\t\t<meta property=\"article:modified_time\" content=\"2024-05-02T19:26:54+00:00\" \/>\n\t\t<meta name=\"twitter:card\" content=\"summary_large_image\" \/>\n\t\t<meta name=\"twitter:title\" content=\"\u201cFranjas florales\u201d, el m\u00e9todo para combatir plagas en campos entrerrianos - LOBO PRODUCCIONES AUDIOVISUALES\" \/>\n\t\t<meta name=\"twitter:description\" content=\"Productores hort\u00edcolas de la provincia implementaron la siembra de franjas florales, respaldada por el INTA, para controlar las plagas, promoviendo la protecci\u00f3n del entorno natural y la diversificaci\u00f3n. De qu\u00e9 se trata este m\u00e9todo. En campos del norte entrerriano surgi\u00f3 una propuesta en la lucha contra las plagas. El control biol\u00f3gico por conservaci\u00f3n,\" \/>\n\t\t<meta name=\"twitter:image\" content=\"https:\/\/loboproduccionesaudiovisuales.ar\/wp-content\/uploads\/2023\/07\/LPA-web.jpg\" \/>\n\t\t<script type=\"application\/ld+json\" class=\"aioseo-schema\">\n\t\t\t{\"@context\":\"https:\\\/\\\/schema.org\",\"@graph\":[{\"@type\":\"BlogPosting\",\"@id\":\"https:\\\/\\\/loboproduccionesaudiovisuales.ar\\\/?p=12296#blogposting\",\"name\":\"\\u201cFranjas florales\\u201d, el m\\u00e9todo para combatir plagas en campos entrerrianos - LOBO PRODUCCIONES AUDIOVISUALES\",\"headline\":\"\\u201cFranjas florales\\u201d, el m\\u00e9todo para combatir plagas en campos entrerrianos\",\"author\":{\"@id\":\"https:\\\/\\\/loboproduccionesaudiovisuales.ar\\\/?author=3#author\"},\"publisher\":{\"@id\":\"https:\\\/\\\/loboproduccionesaudiovisuales.ar\\\/#organization\"},\"image\":{\"@type\":\"ImageObject\",\"url\":\"https:\\\/\\\/loboproduccionesaudiovisuales.ar\\\/wp-content\\\/uploads\\\/2024\\\/05\\\/o_1714670806.jpg\",\"width\":800,\"height\":450},\"datePublished\":\"2024-05-02T16:26:54-03:00\",\"dateModified\":\"2024-05-02T16:26:54-03:00\",\"inLanguage\":\"es-AR\",\"mainEntityOfPage\":{\"@id\":\"https:\\\/\\\/loboproduccionesaudiovisuales.ar\\\/?p=12296#webpage\"},\"isPartOf\":{\"@id\":\"https:\\\/\\\/loboproduccionesaudiovisuales.ar\\\/?p=12296#webpage\"},\"articleSection\":\"ACTUALIDAD, Blog, ENTRE RIOS\"},{\"@type\":\"BreadcrumbList\",\"@id\":\"https:\\\/\\\/loboproduccionesaudiovisuales.ar\\\/?p=12296#breadcrumblist\",\"itemListElement\":[{\"@type\":\"ListItem\",\"@id\":\"https:\\\/\\\/loboproduccionesaudiovisuales.ar#listItem\",\"position\":1,\"name\":\"Home\",\"item\":\"https:\\\/\\\/loboproduccionesaudiovisuales.ar\",\"nextItem\":{\"@type\":\"ListItem\",\"@id\":\"https:\\\/\\\/loboproduccionesaudiovisuales.ar\\\/?cat=1#listItem\",\"name\":\"Blog\"}},{\"@type\":\"ListItem\",\"@id\":\"https:\\\/\\\/loboproduccionesaudiovisuales.ar\\\/?cat=1#listItem\",\"position\":2,\"name\":\"Blog\",\"item\":\"https:\\\/\\\/loboproduccionesaudiovisuales.ar\\\/?cat=1\",\"nextItem\":{\"@type\":\"ListItem\",\"@id\":\"https:\\\/\\\/loboproduccionesaudiovisuales.ar\\\/?p=12296#listItem\",\"name\":\"\\u201cFranjas florales\\u201d, el m\\u00e9todo para combatir plagas en campos entrerrianos\"},\"previousItem\":{\"@type\":\"ListItem\",\"@id\":\"https:\\\/\\\/loboproduccionesaudiovisuales.ar#listItem\",\"name\":\"Home\"}},{\"@type\":\"ListItem\",\"@id\":\"https:\\\/\\\/loboproduccionesaudiovisuales.ar\\\/?p=12296#listItem\",\"position\":3,\"name\":\"\\u201cFranjas florales\\u201d, el m\\u00e9todo para combatir plagas en campos entrerrianos\",\"previousItem\":{\"@type\":\"ListItem\",\"@id\":\"https:\\\/\\\/loboproduccionesaudiovisuales.ar\\\/?cat=1#listItem\",\"name\":\"Blog\"}}]},{\"@type\":\"Organization\",\"@id\":\"https:\\\/\\\/loboproduccionesaudiovisuales.ar\\\/#organization\",\"name\":\"loboproduccionesaudiovisuales.ar\",\"description\":\"Sitio digital de noticias agroindustriales\",\"url\":\"https:\\\/\\\/loboproduccionesaudiovisuales.ar\\\/\",\"logo\":{\"@type\":\"ImageObject\",\"url\":\"https:\\\/\\\/loboproduccionesaudiovisuales.ar\\\/wp-content\\\/uploads\\\/2023\\\/07\\\/LPA-web.jpg\",\"@id\":\"https:\\\/\\\/loboproduccionesaudiovisuales.ar\\\/?p=12296\\\/#organizationLogo\",\"width\":500,\"height\":144},\"image\":{\"@id\":\"https:\\\/\\\/loboproduccionesaudiovisuales.ar\\\/?p=12296\\\/#organizationLogo\"}},{\"@type\":\"Person\",\"@id\":\"https:\\\/\\\/loboproduccionesaudiovisuales.ar\\\/?author=3#author\",\"url\":\"https:\\\/\\\/loboproduccionesaudiovisuales.ar\\\/?author=3\",\"name\":\"Gustavo Werner\",\"image\":{\"@type\":\"ImageObject\",\"@id\":\"https:\\\/\\\/loboproduccionesaudiovisuales.ar\\\/?p=12296#authorImage\",\"url\":\"https:\\\/\\\/secure.gravatar.com\\\/avatar\\\/e04239ede7d02b80503013ac1fa61f308bbe3566e5a70df5bbef7c3725a0dcae?s=96&d=mm&r=g\",\"width\":96,\"height\":96,\"caption\":\"Gustavo Werner\"}},{\"@type\":\"WebPage\",\"@id\":\"https:\\\/\\\/loboproduccionesaudiovisuales.ar\\\/?p=12296#webpage\",\"url\":\"https:\\\/\\\/loboproduccionesaudiovisuales.ar\\\/?p=12296\",\"name\":\"\\u201cFranjas florales\\u201d, el m\\u00e9todo para combatir plagas en campos entrerrianos - LOBO PRODUCCIONES AUDIOVISUALES\",\"description\":\"Productores hort\\u00edcolas de la provincia implementaron la siembra de franjas florales, respaldada por el INTA, para controlar las plagas, promoviendo la protecci\\u00f3n del entorno natural y la diversificaci\\u00f3n. De qu\\u00e9 se trata este m\\u00e9todo. En campos del norte entrerriano surgi\\u00f3 una propuesta en la lucha contra las plagas. El control biol\\u00f3gico por conservaci\\u00f3n,\",\"inLanguage\":\"es-AR\",\"isPartOf\":{\"@id\":\"https:\\\/\\\/loboproduccionesaudiovisuales.ar\\\/#website\"},\"breadcrumb\":{\"@id\":\"https:\\\/\\\/loboproduccionesaudiovisuales.ar\\\/?p=12296#breadcrumblist\"},\"author\":{\"@id\":\"https:\\\/\\\/loboproduccionesaudiovisuales.ar\\\/?author=3#author\"},\"creator\":{\"@id\":\"https:\\\/\\\/loboproduccionesaudiovisuales.ar\\\/?author=3#author\"},\"image\":{\"@type\":\"ImageObject\",\"url\":\"https:\\\/\\\/loboproduccionesaudiovisuales.ar\\\/wp-content\\\/uploads\\\/2024\\\/05\\\/o_1714670806.jpg\",\"@id\":\"https:\\\/\\\/loboproduccionesaudiovisuales.ar\\\/?p=12296\\\/#mainImage\",\"width\":800,\"height\":450},\"primaryImageOfPage\":{\"@id\":\"https:\\\/\\\/loboproduccionesaudiovisuales.ar\\\/?p=12296#mainImage\"},\"datePublished\":\"2024-05-02T16:26:54-03:00\",\"dateModified\":\"2024-05-02T16:26:54-03:00\"},{\"@type\":\"WebSite\",\"@id\":\"https:\\\/\\\/loboproduccionesaudiovisuales.ar\\\/#website\",\"url\":\"https:\\\/\\\/loboproduccionesaudiovisuales.ar\\\/\",\"name\":\"loboproduccionesaudiovisuales.ar\",\"alternateName\":\"Lobo Producciones\",\"description\":\"Sitio digital de noticias agroindustriales\",\"inLanguage\":\"es-AR\",\"publisher\":{\"@id\":\"https:\\\/\\\/loboproduccionesaudiovisuales.ar\\\/#organization\"}}]}\n\t\t<\/script>\n\t\t<!-- All in One SEO -->\n\n","aioseo_head_json":{"title":"\u201cFranjas florales\u201d, el m\u00e9todo para combatir plagas en campos entrerrianos - LOBO PRODUCCIONES AUDIOVISUALES","description":"Productores hort\u00edcolas de la provincia implementaron la siembra de franjas florales, respaldada por el INTA, para controlar las plagas, promoviendo la protecci\u00f3n del entorno natural y la diversificaci\u00f3n. De qu\u00e9 se trata este m\u00e9todo. En campos del norte entrerriano surgi\u00f3 una propuesta en la lucha contra las plagas. El control biol\u00f3gico por conservaci\u00f3n,","canonical_url":"https:\/\/loboproduccionesaudiovisuales.ar\/?p=12296","robots":"max-image-preview:large","keywords":"","webmasterTools":{"miscellaneous":""},"schema":{"@context":"https:\/\/schema.org","@graph":[{"@type":"BlogPosting","@id":"https:\/\/loboproduccionesaudiovisuales.ar\/?p=12296#blogposting","name":"\u201cFranjas florales\u201d, el m\u00e9todo para combatir plagas en campos entrerrianos - LOBO PRODUCCIONES AUDIOVISUALES","headline":"\u201cFranjas florales\u201d, el m\u00e9todo para combatir plagas en campos entrerrianos","author":{"@id":"https:\/\/loboproduccionesaudiovisuales.ar\/?author=3#author"},"publisher":{"@id":"https:\/\/loboproduccionesaudiovisuales.ar\/#organization"},"image":{"@type":"ImageObject","url":"https:\/\/loboproduccionesaudiovisuales.ar\/wp-content\/uploads\/2024\/05\/o_1714670806.jpg","width":800,"height":450},"datePublished":"2024-05-02T16:26:54-03:00","dateModified":"2024-05-02T16:26:54-03:00","inLanguage":"es-AR","mainEntityOfPage":{"@id":"https:\/\/loboproduccionesaudiovisuales.ar\/?p=12296#webpage"},"isPartOf":{"@id":"https:\/\/loboproduccionesaudiovisuales.ar\/?p=12296#webpage"},"articleSection":"ACTUALIDAD, Blog, ENTRE RIOS"},{"@type":"BreadcrumbList","@id":"https:\/\/loboproduccionesaudiovisuales.ar\/?p=12296#breadcrumblist","itemListElement":[{"@type":"ListItem","@id":"https:\/\/loboproduccionesaudiovisuales.ar#listItem","position":1,"name":"Home","item":"https:\/\/loboproduccionesaudiovisuales.ar","nextItem":{"@type":"ListItem","@id":"https:\/\/loboproduccionesaudiovisuales.ar\/?cat=1#listItem","name":"Blog"}},{"@type":"ListItem","@id":"https:\/\/loboproduccionesaudiovisuales.ar\/?cat=1#listItem","position":2,"name":"Blog","item":"https:\/\/loboproduccionesaudiovisuales.ar\/?cat=1","nextItem":{"@type":"ListItem","@id":"https:\/\/loboproduccionesaudiovisuales.ar\/?p=12296#listItem","name":"\u201cFranjas florales\u201d, el m\u00e9todo para combatir plagas en campos entrerrianos"},"previousItem":{"@type":"ListItem","@id":"https:\/\/loboproduccionesaudiovisuales.ar#listItem","name":"Home"}},{"@type":"ListItem","@id":"https:\/\/loboproduccionesaudiovisuales.ar\/?p=12296#listItem","position":3,"name":"\u201cFranjas florales\u201d, el m\u00e9todo para combatir plagas en campos entrerrianos","previousItem":{"@type":"ListItem","@id":"https:\/\/loboproduccionesaudiovisuales.ar\/?cat=1#listItem","name":"Blog"}}]},{"@type":"Organization","@id":"https:\/\/loboproduccionesaudiovisuales.ar\/#organization","name":"loboproduccionesaudiovisuales.ar","description":"Sitio digital de noticias agroindustriales","url":"https:\/\/loboproduccionesaudiovisuales.ar\/","logo":{"@type":"ImageObject","url":"https:\/\/loboproduccionesaudiovisuales.ar\/wp-content\/uploads\/2023\/07\/LPA-web.jpg","@id":"https:\/\/loboproduccionesaudiovisuales.ar\/?p=12296\/#organizationLogo","width":500,"height":144},"image":{"@id":"https:\/\/loboproduccionesaudiovisuales.ar\/?p=12296\/#organizationLogo"}},{"@type":"Person","@id":"https:\/\/loboproduccionesaudiovisuales.ar\/?author=3#author","url":"https:\/\/loboproduccionesaudiovisuales.ar\/?author=3","name":"Gustavo Werner","image":{"@type":"ImageObject","@id":"https:\/\/loboproduccionesaudiovisuales.ar\/?p=12296#authorImage","url":"https:\/\/secure.gravatar.com\/avatar\/e04239ede7d02b80503013ac1fa61f308bbe3566e5a70df5bbef7c3725a0dcae?s=96&d=mm&r=g","width":96,"height":96,"caption":"Gustavo Werner"}},{"@type":"WebPage","@id":"https:\/\/loboproduccionesaudiovisuales.ar\/?p=12296#webpage","url":"https:\/\/loboproduccionesaudiovisuales.ar\/?p=12296","name":"\u201cFranjas florales\u201d, el m\u00e9todo para combatir plagas en campos entrerrianos - LOBO PRODUCCIONES AUDIOVISUALES","description":"Productores hort\u00edcolas de la provincia implementaron la siembra de franjas florales, respaldada por el INTA, para controlar las plagas, promoviendo la protecci\u00f3n del entorno natural y la diversificaci\u00f3n. De qu\u00e9 se trata este m\u00e9todo. En campos del norte entrerriano surgi\u00f3 una propuesta en la lucha contra las plagas. El control biol\u00f3gico por conservaci\u00f3n,","inLanguage":"es-AR","isPartOf":{"@id":"https:\/\/loboproduccionesaudiovisuales.ar\/#website"},"breadcrumb":{"@id":"https:\/\/loboproduccionesaudiovisuales.ar\/?p=12296#breadcrumblist"},"author":{"@id":"https:\/\/loboproduccionesaudiovisuales.ar\/?author=3#author"},"creator":{"@id":"https:\/\/loboproduccionesaudiovisuales.ar\/?author=3#author"},"image":{"@type":"ImageObject","url":"https:\/\/loboproduccionesaudiovisuales.ar\/wp-content\/uploads\/2024\/05\/o_1714670806.jpg","@id":"https:\/\/loboproduccionesaudiovisuales.ar\/?p=12296\/#mainImage","width":800,"height":450},"primaryImageOfPage":{"@id":"https:\/\/loboproduccionesaudiovisuales.ar\/?p=12296#mainImage"},"datePublished":"2024-05-02T16:26:54-03:00","dateModified":"2024-05-02T16:26:54-03:00"},{"@type":"WebSite","@id":"https:\/\/loboproduccionesaudiovisuales.ar\/#website","url":"https:\/\/loboproduccionesaudiovisuales.ar\/","name":"loboproduccionesaudiovisuales.ar","alternateName":"Lobo Producciones","description":"Sitio digital de noticias agroindustriales","inLanguage":"es-AR","publisher":{"@id":"https:\/\/loboproduccionesaudiovisuales.ar\/#organization"}}]},"og:locale":"es_ES","og:site_name":"LOBO PRODUCCIONES AUDIOVISUALES - Sitio digital de noticias agroindustriales","og:type":"article","og:title":"\u201cFranjas florales\u201d, el m\u00e9todo para combatir plagas en campos entrerrianos - LOBO PRODUCCIONES AUDIOVISUALES","og:description":"Productores hort\u00edcolas de la provincia implementaron la siembra de franjas florales, respaldada por el INTA, para controlar las plagas, promoviendo la protecci\u00f3n del entorno natural y la diversificaci\u00f3n. De qu\u00e9 se trata este m\u00e9todo. En campos del norte entrerriano surgi\u00f3 una propuesta en la lucha contra las plagas. El control biol\u00f3gico por conservaci\u00f3n,","og:url":"https:\/\/loboproduccionesaudiovisuales.ar\/?p=12296","og:image":"https:\/\/loboproduccionesaudiovisuales.ar\/wp-content\/uploads\/2023\/07\/LPA-web.jpg","og:image:secure_url":"https:\/\/loboproduccionesaudiovisuales.ar\/wp-content\/uploads\/2023\/07\/LPA-web.jpg","article:published_time":"2024-05-02T19:26:54+00:00","article:modified_time":"2024-05-02T19:26:54+00:00","twitter:card":"summary_large_image","twitter:title":"\u201cFranjas florales\u201d, el m\u00e9todo para combatir plagas en campos entrerrianos - LOBO PRODUCCIONES AUDIOVISUALES","twitter:description":"Productores hort\u00edcolas de la provincia implementaron la siembra de franjas florales, respaldada por el INTA, para controlar las plagas, promoviendo la protecci\u00f3n del entorno natural y la diversificaci\u00f3n. De qu\u00e9 se trata este m\u00e9todo. En campos del norte entrerriano surgi\u00f3 una propuesta en la lucha contra las plagas. El control biol\u00f3gico por conservaci\u00f3n,","twitter:image":"https:\/\/loboproduccionesaudiovisuales.ar\/wp-content\/uploads\/2023\/07\/LPA-web.jpg"},"aioseo_meta_data":{"post_id":"12296","title":null,"description":null,"keywords":null,"keyphrases":{"focus":{"keyphrase":"","score":0,"analysis":{"keyphraseInTitle":{"score":0,"maxScore":9,"error":1}}},"additional":[]},"primary_term":null,"canonical_url":null,"og_title":null,"og_description":null,"og_object_type":"default","og_image_type":"default","og_image_url":null,"og_image_width":null,"og_image_height":null,"og_image_custom_url":null,"og_image_custom_fields":null,"og_video":"","og_custom_url":null,"og_article_section":null,"og_article_tags":null,"twitter_use_og":false,"twitter_card":"default","twitter_image_type":"default","twitter_image_url":null,"twitter_image_custom_url":null,"twitter_image_custom_fields":null,"twitter_title":null,"twitter_description":null,"schema":{"blockGraphs":[],"customGraphs":[],"default":{"data":{"Article":[],"Course":[],"Dataset":[],"FAQPage":[],"Movie":[],"Person":[],"Product":[],"ProductReview":[],"Car":[],"Recipe":[],"Service":[],"SoftwareApplication":[],"WebPage":[]},"graphName":"BlogPosting","isEnabled":true},"graphs":[]},"schema_type":"default","schema_type_options":null,"pillar_content":false,"robots_default":true,"robots_noindex":false,"robots_noarchive":false,"robots_nosnippet":false,"robots_nofollow":false,"robots_noimageindex":false,"robots_noodp":false,"robots_notranslate":false,"robots_max_snippet":"-1","robots_max_videopreview":"-1","robots_max_imagepreview":"large","priority":null,"frequency":"default","local_seo":null,"breadcrumb_settings":null,"limit_modified_date":false,"ai":null,"created":"2024-05-02 19:26:54","updated":"2025-06-04 23:33:38","seo_analyzer_scan_date":null,"focus_keyword":null,"additional_keywords":null,"truseo_locale":null},"aioseo_breadcrumb":"<div class=\"aioseo-breadcrumbs\"><span class=\"aioseo-breadcrumb\">\n\t\t\t<a href=\"https:\/\/loboproduccionesaudiovisuales.ar\" title=\"Home\">Home<\/a>\n\t\t<\/span><span class=\"aioseo-breadcrumb-separator\">&raquo;<\/span><span class=\"aioseo-breadcrumb\">\n\t\t\t<a href=\"https:\/\/loboproduccionesaudiovisuales.ar\/?cat=1\" title=\"Blog\">Blog<\/a>\n\t\t<\/span><span class=\"aioseo-breadcrumb-separator\">&raquo;<\/span><span class=\"aioseo-breadcrumb\">\n\t\t\t\u201cFranjas florales\u201d, el m\u00e9todo para combatir plagas en campos entrerrianos\n\t\t<\/span><\/div>","aioseo_breadcrumb_json":[{"label":"Home","link":"https:\/\/loboproduccionesaudiovisuales.ar"},{"label":"Blog","link":"https:\/\/loboproduccionesaudiovisuales.ar\/?cat=1"},{"label":"\u201cFranjas florales\u201d, el m\u00e9todo para combatir plagas en campos entrerrianos","link":"https:\/\/loboproduccionesaudiovisuales.ar\/?p=12296"}],"_links":{"self":[{"href":"https:\/\/loboproduccionesaudiovisuales.ar\/index.php?rest_route=\/wp\/v2\/posts\/12296","targetHints":{"allow":["GET"]}}],"collection":[{"href":"https:\/\/loboproduccionesaudiovisuales.ar\/index.php?rest_route=\/wp\/v2\/posts"}],"about":[{"href":"https:\/\/loboproduccionesaudiovisuales.ar\/index.php?rest_route=\/wp\/v2\/types\/post"}],"author":[{"embeddable":true,"href":"https:\/\/loboproduccionesaudiovisuales.ar\/index.php?rest_route=\/wp\/v2\/users\/3"}],"replies":[{"embeddable":true,"href":"https:\/\/loboproduccionesaudiovisuales.ar\/index.php?rest_route=%2Fwp%2Fv2%2Fcomments&post=12296"}],"version-history":[{"count":2,"href":"https:\/\/loboproduccionesaudiovisuales.ar\/index.php?rest_route=\/wp\/v2\/posts\/12296\/revisions"}],"predecessor-version":[{"id":12299,"href":"https:\/\/loboproduccionesaudiovisuales.ar\/index.php?rest_route=\/wp\/v2\/posts\/12296\/revisions\/12299"}],"wp:featuredmedia":[{"embeddable":true,"href":"https:\/\/loboproduccionesaudiovisuales.ar\/index.php?rest_route=\/wp\/v2\/media\/12297"}],"wp:attachment":[{"href":"https:\/\/loboproduccionesaudiovisuales.ar\/index.php?rest_route=%2Fwp%2Fv2%2Fmedia&parent=12296"}],"wp:term":[{"taxonomy":"category","embeddable":true,"href":"https:\/\/loboproduccionesaudiovisuales.ar\/index.php?rest_route=%2Fwp%2Fv2%2Fcategories&post=12296"},{"taxonomy":"post_tag","embeddable":true,"href":"https:\/\/loboproduccionesaudiovisuales.ar\/index.php?rest_route=%2Fwp%2Fv2%2Ftags&post=12296"}],"curies":[{"name":"wp","href":"https:\/\/api.w.org\/{rel}","templated":true}]}}