{"id":12041,"date":"2024-04-23T16:00:07","date_gmt":"2024-04-23T19:00:07","guid":{"rendered":"https:\/\/loboproduccionesaudiovisuales.ar\/?p=12041"},"modified":"2024-04-23T17:07:59","modified_gmt":"2024-04-23T20:07:59","slug":"eigenfeld-merou-convenio-con-la-dpv-y-mejoras-de-caminos","status":"publish","type":"post","link":"https:\/\/loboproduccionesaudiovisuales.ar\/?p=12041","title":{"rendered":"Eigenfeld \u2013 Merou: convenio con la DPV y mejoras de caminos"},"content":{"rendered":"<p><strong>Trabajos desarrollados en los \u00faltimos d\u00edas apostando a una mejor transitabilidad. <\/strong><\/p>\n<p>&nbsp;<\/p>\n<p>Como informamos oportunamente, el jueves 18 de abril se firm\u00f3 desde la Comuna un convenio con la Direcci\u00f3n Provincial de Vialidad para la realizaci\u00f3n del afirmado del camino que va desde la Ruta 35 a Tambo Micheloud.<\/p>\n<p>En relaci\u00f3n a la situaci\u00f3n de caminos de la zona, confirmaron desde el ente gubernamental el viernes 19 que las calzadas del Espinillo y De Olivera se pueden utilizar, agradeciendo la colaboraci\u00f3n de los vecinos.<\/p>\n<p>Por otro lado, el fin de semana pasado se hicieron trabajos de recomposici\u00f3n y reposici\u00f3n en el afirmado del ca\u00f1averal, con apoyo colaborativo de los vecinos.<\/p>\n<p>Se sumaron trabajos de la Direcci\u00f3n Provincial de Vialidad Zonal Segu\u00ed, que el viernes 19 despej\u00f3 la calzada y abri\u00f3 caminos de la Escuela N\u2070 112 y Camino de Pretz, los que estaban cerrados por la vegetaci\u00f3n.<\/p>\n","protected":false},"excerpt":{"rendered":"<p>Trabajos desarrollados en los \u00faltimos d\u00edas apostando a una mejor transitabilidad. &nbsp; Como informamos oportunamente, el jueves 18 de abril&hellip;<\/p>\n","protected":false},"author":3,"featured_media":12042,"comment_status":"open","ping_status":"open","sticky":false,"template":"","format":"standard","meta":{"footnotes":""},"categories":[5,1,135,128,113],"tags":[193],"class_list":["post-12041","post","type-post","status-publish","format-standard","has-post-thumbnail","hentry","category-actualidad","category-blog","category-caminos","category-entre-rios","category-region","tag-eigenfeld-merou"],"aioseo_notices":[],"aioseo_head":"\n\t\t<!-- All in One SEO 5.0.1.1 - aioseo.com -->\n\t<meta name=\"description\" content=\"Trabajos desarrollados en los \u00faltimos d\u00edas apostando a una mejor transitabilidad. Como informamos oportunamente, el jueves 18 de abril se firm\u00f3 desde la Comuna un convenio con la Direcci\u00f3n Provincial de Vialidad para la realizaci\u00f3n del afirmado del camino que va desde la Ruta 35 a Tambo Micheloud. En relaci\u00f3n a la situaci\u00f3n de\" \/>\n\t<meta name=\"robots\" content=\"max-image-preview:large\" \/>\n\t<meta name=\"author\" content=\"Gustavo Werner\"\/>\n\t<link rel=\"canonical\" href=\"https:\/\/loboproduccionesaudiovisuales.ar\/?p=12041\" \/>\n\t<meta name=\"generator\" content=\"All in One SEO (AIOSEO) 5.0.1.1\" \/>\n\t\t<meta property=\"og:locale\" content=\"es_ES\" \/>\n\t\t<meta property=\"og:site_name\" content=\"LOBO PRODUCCIONES AUDIOVISUALES - Sitio digital de noticias agroindustriales\" \/>\n\t\t<meta property=\"og:type\" content=\"article\" \/>\n\t\t<meta property=\"og:title\" content=\"Eigenfeld \u2013 Merou: convenio con la DPV y mejoras de caminos - LOBO PRODUCCIONES AUDIOVISUALES\" \/>\n\t\t<meta property=\"og:description\" content=\"Trabajos desarrollados en los \u00faltimos d\u00edas apostando a una mejor transitabilidad. Como informamos oportunamente, el jueves 18 de abril se firm\u00f3 desde la Comuna un convenio con la Direcci\u00f3n Provincial de Vialidad para la realizaci\u00f3n del afirmado del camino que va desde la Ruta 35 a Tambo Micheloud. En relaci\u00f3n a la situaci\u00f3n de\" \/>\n\t\t<meta property=\"og:url\" content=\"https:\/\/loboproduccionesaudiovisuales.ar\/?p=12041\" \/>\n\t\t<meta property=\"og:image\" content=\"https:\/\/loboproduccionesaudiovisuales.ar\/wp-content\/uploads\/2023\/07\/LPA-web.jpg\" \/>\n\t\t<meta property=\"og:image:secure_url\" content=\"https:\/\/loboproduccionesaudiovisuales.ar\/wp-content\/uploads\/2023\/07\/LPA-web.jpg\" \/>\n\t\t<meta property=\"article:published_time\" content=\"2024-04-23T19:00:07+00:00\" \/>\n\t\t<meta property=\"article:modified_time\" content=\"2024-04-23T20:07:59+00:00\" \/>\n\t\t<meta name=\"twitter:card\" content=\"summary_large_image\" \/>\n\t\t<meta name=\"twitter:title\" content=\"Eigenfeld \u2013 Merou: convenio con la DPV y mejoras de caminos - LOBO PRODUCCIONES AUDIOVISUALES\" \/>\n\t\t<meta name=\"twitter:description\" content=\"Trabajos desarrollados en los \u00faltimos d\u00edas apostando a una mejor transitabilidad. Como informamos oportunamente, el jueves 18 de abril se firm\u00f3 desde la Comuna un convenio con la Direcci\u00f3n Provincial de Vialidad para la realizaci\u00f3n del afirmado del camino que va desde la Ruta 35 a Tambo Micheloud. En relaci\u00f3n a la situaci\u00f3n de\" \/>\n\t\t<meta name=\"twitter:image\" content=\"https:\/\/loboproduccionesaudiovisuales.ar\/wp-content\/uploads\/2023\/07\/LPA-web.jpg\" \/>\n\t\t<script type=\"application\/ld+json\" class=\"aioseo-schema\">\n\t\t\t{\"@context\":\"https:\\\/\\\/schema.org\",\"@graph\":[{\"@type\":\"BlogPosting\",\"@id\":\"https:\\\/\\\/loboproduccionesaudiovisuales.ar\\\/?p=12041#blogposting\",\"name\":\"Eigenfeld \\u2013 Merou: convenio con la DPV y mejoras de caminos - LOBO PRODUCCIONES AUDIOVISUALES\",\"headline\":\"Eigenfeld \\u2013 Merou: convenio con la DPV y mejoras de caminos\",\"author\":{\"@id\":\"https:\\\/\\\/loboproduccionesaudiovisuales.ar\\\/?author=3#author\"},\"publisher\":{\"@id\":\"https:\\\/\\\/loboproduccionesaudiovisuales.ar\\\/#organization\"},\"image\":{\"@type\":\"ImageObject\",\"url\":\"https:\\\/\\\/loboproduccionesaudiovisuales.ar\\\/wp-content\\\/uploads\\\/2024\\\/04\\\/440102378_816943133794245_8306057052431681478_n.jpg\",\"width\":1080,\"height\":775},\"datePublished\":\"2024-04-23T16:00:07-03:00\",\"dateModified\":\"2024-04-23T17:07:59-03:00\",\"inLanguage\":\"es-AR\",\"mainEntityOfPage\":{\"@id\":\"https:\\\/\\\/loboproduccionesaudiovisuales.ar\\\/?p=12041#webpage\"},\"isPartOf\":{\"@id\":\"https:\\\/\\\/loboproduccionesaudiovisuales.ar\\\/?p=12041#webpage\"},\"articleSection\":\"ACTUALIDAD, Blog, CAMINOS, ENTRE RIOS, REGIONALES, Eigenfeld Merou\"},{\"@type\":\"BreadcrumbList\",\"@id\":\"https:\\\/\\\/loboproduccionesaudiovisuales.ar\\\/?p=12041#breadcrumblist\",\"itemListElement\":[{\"@type\":\"ListItem\",\"@id\":\"https:\\\/\\\/loboproduccionesaudiovisuales.ar#listItem\",\"position\":1,\"name\":\"Home\",\"item\":\"https:\\\/\\\/loboproduccionesaudiovisuales.ar\",\"nextItem\":{\"@type\":\"ListItem\",\"@id\":\"https:\\\/\\\/loboproduccionesaudiovisuales.ar\\\/?cat=1#listItem\",\"name\":\"Blog\"}},{\"@type\":\"ListItem\",\"@id\":\"https:\\\/\\\/loboproduccionesaudiovisuales.ar\\\/?cat=1#listItem\",\"position\":2,\"name\":\"Blog\",\"item\":\"https:\\\/\\\/loboproduccionesaudiovisuales.ar\\\/?cat=1\",\"nextItem\":{\"@type\":\"ListItem\",\"@id\":\"https:\\\/\\\/loboproduccionesaudiovisuales.ar\\\/?p=12041#listItem\",\"name\":\"Eigenfeld \\u2013 Merou: convenio con la DPV y mejoras de caminos\"},\"previousItem\":{\"@type\":\"ListItem\",\"@id\":\"https:\\\/\\\/loboproduccionesaudiovisuales.ar#listItem\",\"name\":\"Home\"}},{\"@type\":\"ListItem\",\"@id\":\"https:\\\/\\\/loboproduccionesaudiovisuales.ar\\\/?p=12041#listItem\",\"position\":3,\"name\":\"Eigenfeld \\u2013 Merou: convenio con la DPV y mejoras de caminos\",\"previousItem\":{\"@type\":\"ListItem\",\"@id\":\"https:\\\/\\\/loboproduccionesaudiovisuales.ar\\\/?cat=1#listItem\",\"name\":\"Blog\"}}]},{\"@type\":\"Organization\",\"@id\":\"https:\\\/\\\/loboproduccionesaudiovisuales.ar\\\/#organization\",\"name\":\"loboproduccionesaudiovisuales.ar\",\"description\":\"Sitio digital de noticias agroindustriales\",\"url\":\"https:\\\/\\\/loboproduccionesaudiovisuales.ar\\\/\",\"logo\":{\"@type\":\"ImageObject\",\"url\":\"https:\\\/\\\/loboproduccionesaudiovisuales.ar\\\/wp-content\\\/uploads\\\/2023\\\/07\\\/LPA-web.jpg\",\"@id\":\"https:\\\/\\\/loboproduccionesaudiovisuales.ar\\\/?p=12041\\\/#organizationLogo\",\"width\":500,\"height\":144},\"image\":{\"@id\":\"https:\\\/\\\/loboproduccionesaudiovisuales.ar\\\/?p=12041\\\/#organizationLogo\"}},{\"@type\":\"Person\",\"@id\":\"https:\\\/\\\/loboproduccionesaudiovisuales.ar\\\/?author=3#author\",\"url\":\"https:\\\/\\\/loboproduccionesaudiovisuales.ar\\\/?author=3\",\"name\":\"Gustavo Werner\",\"image\":{\"@type\":\"ImageObject\",\"@id\":\"https:\\\/\\\/loboproduccionesaudiovisuales.ar\\\/?p=12041#authorImage\",\"url\":\"https:\\\/\\\/secure.gravatar.com\\\/avatar\\\/e04239ede7d02b80503013ac1fa61f308bbe3566e5a70df5bbef7c3725a0dcae?s=96&d=mm&r=g\",\"width\":96,\"height\":96,\"caption\":\"Gustavo Werner\"}},{\"@type\":\"WebPage\",\"@id\":\"https:\\\/\\\/loboproduccionesaudiovisuales.ar\\\/?p=12041#webpage\",\"url\":\"https:\\\/\\\/loboproduccionesaudiovisuales.ar\\\/?p=12041\",\"name\":\"Eigenfeld \\u2013 Merou: convenio con la DPV y mejoras de caminos - LOBO PRODUCCIONES AUDIOVISUALES\",\"description\":\"Trabajos desarrollados en los \\u00faltimos d\\u00edas apostando a una mejor transitabilidad. Como informamos oportunamente, el jueves 18 de abril se firm\\u00f3 desde la Comuna un convenio con la Direcci\\u00f3n Provincial de Vialidad para la realizaci\\u00f3n del afirmado del camino que va desde la Ruta 35 a Tambo Micheloud. En relaci\\u00f3n a la situaci\\u00f3n de\",\"inLanguage\":\"es-AR\",\"isPartOf\":{\"@id\":\"https:\\\/\\\/loboproduccionesaudiovisuales.ar\\\/#website\"},\"breadcrumb\":{\"@id\":\"https:\\\/\\\/loboproduccionesaudiovisuales.ar\\\/?p=12041#breadcrumblist\"},\"author\":{\"@id\":\"https:\\\/\\\/loboproduccionesaudiovisuales.ar\\\/?author=3#author\"},\"creator\":{\"@id\":\"https:\\\/\\\/loboproduccionesaudiovisuales.ar\\\/?author=3#author\"},\"image\":{\"@type\":\"ImageObject\",\"url\":\"https:\\\/\\\/loboproduccionesaudiovisuales.ar\\\/wp-content\\\/uploads\\\/2024\\\/04\\\/440102378_816943133794245_8306057052431681478_n.jpg\",\"@id\":\"https:\\\/\\\/loboproduccionesaudiovisuales.ar\\\/?p=12041\\\/#mainImage\",\"width\":1080,\"height\":775},\"primaryImageOfPage\":{\"@id\":\"https:\\\/\\\/loboproduccionesaudiovisuales.ar\\\/?p=12041#mainImage\"},\"datePublished\":\"2024-04-23T16:00:07-03:00\",\"dateModified\":\"2024-04-23T17:07:59-03:00\"},{\"@type\":\"WebSite\",\"@id\":\"https:\\\/\\\/loboproduccionesaudiovisuales.ar\\\/#website\",\"url\":\"https:\\\/\\\/loboproduccionesaudiovisuales.ar\\\/\",\"name\":\"loboproduccionesaudiovisuales.ar\",\"alternateName\":\"Lobo Producciones\",\"description\":\"Sitio digital de noticias agroindustriales\",\"inLanguage\":\"es-AR\",\"publisher\":{\"@id\":\"https:\\\/\\\/loboproduccionesaudiovisuales.ar\\\/#organization\"}}]}\n\t\t<\/script>\n\t\t<!-- All in One SEO -->\n\n","aioseo_head_json":{"title":"Eigenfeld \u2013 Merou: convenio con la DPV y mejoras de caminos - LOBO PRODUCCIONES AUDIOVISUALES","description":"Trabajos desarrollados en los \u00faltimos d\u00edas apostando a una mejor transitabilidad. Como informamos oportunamente, el jueves 18 de abril se firm\u00f3 desde la Comuna un convenio con la Direcci\u00f3n Provincial de Vialidad para la realizaci\u00f3n del afirmado del camino que va desde la Ruta 35 a Tambo Micheloud. En relaci\u00f3n a la situaci\u00f3n de","canonical_url":"https:\/\/loboproduccionesaudiovisuales.ar\/?p=12041","robots":"max-image-preview:large","keywords":"","webmasterTools":{"miscellaneous":""},"schema":{"@context":"https:\/\/schema.org","@graph":[{"@type":"BlogPosting","@id":"https:\/\/loboproduccionesaudiovisuales.ar\/?p=12041#blogposting","name":"Eigenfeld \u2013 Merou: convenio con la DPV y mejoras de caminos - LOBO PRODUCCIONES AUDIOVISUALES","headline":"Eigenfeld \u2013 Merou: convenio con la DPV y mejoras de caminos","author":{"@id":"https:\/\/loboproduccionesaudiovisuales.ar\/?author=3#author"},"publisher":{"@id":"https:\/\/loboproduccionesaudiovisuales.ar\/#organization"},"image":{"@type":"ImageObject","url":"https:\/\/loboproduccionesaudiovisuales.ar\/wp-content\/uploads\/2024\/04\/440102378_816943133794245_8306057052431681478_n.jpg","width":1080,"height":775},"datePublished":"2024-04-23T16:00:07-03:00","dateModified":"2024-04-23T17:07:59-03:00","inLanguage":"es-AR","mainEntityOfPage":{"@id":"https:\/\/loboproduccionesaudiovisuales.ar\/?p=12041#webpage"},"isPartOf":{"@id":"https:\/\/loboproduccionesaudiovisuales.ar\/?p=12041#webpage"},"articleSection":"ACTUALIDAD, Blog, CAMINOS, ENTRE RIOS, REGIONALES, Eigenfeld Merou"},{"@type":"BreadcrumbList","@id":"https:\/\/loboproduccionesaudiovisuales.ar\/?p=12041#breadcrumblist","itemListElement":[{"@type":"ListItem","@id":"https:\/\/loboproduccionesaudiovisuales.ar#listItem","position":1,"name":"Home","item":"https:\/\/loboproduccionesaudiovisuales.ar","nextItem":{"@type":"ListItem","@id":"https:\/\/loboproduccionesaudiovisuales.ar\/?cat=1#listItem","name":"Blog"}},{"@type":"ListItem","@id":"https:\/\/loboproduccionesaudiovisuales.ar\/?cat=1#listItem","position":2,"name":"Blog","item":"https:\/\/loboproduccionesaudiovisuales.ar\/?cat=1","nextItem":{"@type":"ListItem","@id":"https:\/\/loboproduccionesaudiovisuales.ar\/?p=12041#listItem","name":"Eigenfeld \u2013 Merou: convenio con la DPV y mejoras de caminos"},"previousItem":{"@type":"ListItem","@id":"https:\/\/loboproduccionesaudiovisuales.ar#listItem","name":"Home"}},{"@type":"ListItem","@id":"https:\/\/loboproduccionesaudiovisuales.ar\/?p=12041#listItem","position":3,"name":"Eigenfeld \u2013 Merou: convenio con la DPV y mejoras de caminos","previousItem":{"@type":"ListItem","@id":"https:\/\/loboproduccionesaudiovisuales.ar\/?cat=1#listItem","name":"Blog"}}]},{"@type":"Organization","@id":"https:\/\/loboproduccionesaudiovisuales.ar\/#organization","name":"loboproduccionesaudiovisuales.ar","description":"Sitio digital de noticias agroindustriales","url":"https:\/\/loboproduccionesaudiovisuales.ar\/","logo":{"@type":"ImageObject","url":"https:\/\/loboproduccionesaudiovisuales.ar\/wp-content\/uploads\/2023\/07\/LPA-web.jpg","@id":"https:\/\/loboproduccionesaudiovisuales.ar\/?p=12041\/#organizationLogo","width":500,"height":144},"image":{"@id":"https:\/\/loboproduccionesaudiovisuales.ar\/?p=12041\/#organizationLogo"}},{"@type":"Person","@id":"https:\/\/loboproduccionesaudiovisuales.ar\/?author=3#author","url":"https:\/\/loboproduccionesaudiovisuales.ar\/?author=3","name":"Gustavo Werner","image":{"@type":"ImageObject","@id":"https:\/\/loboproduccionesaudiovisuales.ar\/?p=12041#authorImage","url":"https:\/\/secure.gravatar.com\/avatar\/e04239ede7d02b80503013ac1fa61f308bbe3566e5a70df5bbef7c3725a0dcae?s=96&d=mm&r=g","width":96,"height":96,"caption":"Gustavo Werner"}},{"@type":"WebPage","@id":"https:\/\/loboproduccionesaudiovisuales.ar\/?p=12041#webpage","url":"https:\/\/loboproduccionesaudiovisuales.ar\/?p=12041","name":"Eigenfeld \u2013 Merou: convenio con la DPV y mejoras de caminos - LOBO PRODUCCIONES AUDIOVISUALES","description":"Trabajos desarrollados en los \u00faltimos d\u00edas apostando a una mejor transitabilidad. Como informamos oportunamente, el jueves 18 de abril se firm\u00f3 desde la Comuna un convenio con la Direcci\u00f3n Provincial de Vialidad para la realizaci\u00f3n del afirmado del camino que va desde la Ruta 35 a Tambo Micheloud. En relaci\u00f3n a la situaci\u00f3n de","inLanguage":"es-AR","isPartOf":{"@id":"https:\/\/loboproduccionesaudiovisuales.ar\/#website"},"breadcrumb":{"@id":"https:\/\/loboproduccionesaudiovisuales.ar\/?p=12041#breadcrumblist"},"author":{"@id":"https:\/\/loboproduccionesaudiovisuales.ar\/?author=3#author"},"creator":{"@id":"https:\/\/loboproduccionesaudiovisuales.ar\/?author=3#author"},"image":{"@type":"ImageObject","url":"https:\/\/loboproduccionesaudiovisuales.ar\/wp-content\/uploads\/2024\/04\/440102378_816943133794245_8306057052431681478_n.jpg","@id":"https:\/\/loboproduccionesaudiovisuales.ar\/?p=12041\/#mainImage","width":1080,"height":775},"primaryImageOfPage":{"@id":"https:\/\/loboproduccionesaudiovisuales.ar\/?p=12041#mainImage"},"datePublished":"2024-04-23T16:00:07-03:00","dateModified":"2024-04-23T17:07:59-03:00"},{"@type":"WebSite","@id":"https:\/\/loboproduccionesaudiovisuales.ar\/#website","url":"https:\/\/loboproduccionesaudiovisuales.ar\/","name":"loboproduccionesaudiovisuales.ar","alternateName":"Lobo Producciones","description":"Sitio digital de noticias agroindustriales","inLanguage":"es-AR","publisher":{"@id":"https:\/\/loboproduccionesaudiovisuales.ar\/#organization"}}]},"og:locale":"es_ES","og:site_name":"LOBO PRODUCCIONES AUDIOVISUALES - Sitio digital de noticias agroindustriales","og:type":"article","og:title":"Eigenfeld \u2013 Merou: convenio con la DPV y mejoras de caminos - LOBO PRODUCCIONES AUDIOVISUALES","og:description":"Trabajos desarrollados en los \u00faltimos d\u00edas apostando a una mejor transitabilidad. Como informamos oportunamente, el jueves 18 de abril se firm\u00f3 desde la Comuna un convenio con la Direcci\u00f3n Provincial de Vialidad para la realizaci\u00f3n del afirmado del camino que va desde la Ruta 35 a Tambo Micheloud. En relaci\u00f3n a la situaci\u00f3n de","og:url":"https:\/\/loboproduccionesaudiovisuales.ar\/?p=12041","og:image":"https:\/\/loboproduccionesaudiovisuales.ar\/wp-content\/uploads\/2023\/07\/LPA-web.jpg","og:image:secure_url":"https:\/\/loboproduccionesaudiovisuales.ar\/wp-content\/uploads\/2023\/07\/LPA-web.jpg","article:published_time":"2024-04-23T19:00:07+00:00","article:modified_time":"2024-04-23T20:07:59+00:00","twitter:card":"summary_large_image","twitter:title":"Eigenfeld \u2013 Merou: convenio con la DPV y mejoras de caminos - LOBO PRODUCCIONES AUDIOVISUALES","twitter:description":"Trabajos desarrollados en los \u00faltimos d\u00edas apostando a una mejor transitabilidad. Como informamos oportunamente, el jueves 18 de abril se firm\u00f3 desde la Comuna un convenio con la Direcci\u00f3n Provincial de Vialidad para la realizaci\u00f3n del afirmado del camino que va desde la Ruta 35 a Tambo Micheloud. En relaci\u00f3n a la situaci\u00f3n de","twitter:image":"https:\/\/loboproduccionesaudiovisuales.ar\/wp-content\/uploads\/2023\/07\/LPA-web.jpg"},"aioseo_meta_data":{"post_id":"12041","title":null,"description":null,"keywords":null,"keyphrases":{"focus":{"keyphrase":"","score":0,"analysis":{"keyphraseInTitle":{"score":0,"maxScore":9,"error":1}}},"additional":[]},"primary_term":null,"canonical_url":null,"og_title":null,"og_description":null,"og_object_type":"default","og_image_type":"default","og_image_url":null,"og_image_width":null,"og_image_height":null,"og_image_custom_url":null,"og_image_custom_fields":null,"og_video":"","og_custom_url":null,"og_article_section":null,"og_article_tags":null,"twitter_use_og":false,"twitter_card":"default","twitter_image_type":"default","twitter_image_url":null,"twitter_image_custom_url":null,"twitter_image_custom_fields":null,"twitter_title":null,"twitter_description":null,"schema":{"blockGraphs":[],"customGraphs":[],"default":{"data":{"Article":[],"Course":[],"Dataset":[],"FAQPage":[],"Movie":[],"Person":[],"Product":[],"ProductReview":[],"Car":[],"Recipe":[],"Service":[],"SoftwareApplication":[],"WebPage":[]},"graphName":"BlogPosting","isEnabled":true},"graphs":[]},"schema_type":"default","schema_type_options":null,"pillar_content":false,"robots_default":true,"robots_noindex":false,"robots_noarchive":false,"robots_nosnippet":false,"robots_nofollow":false,"robots_noimageindex":false,"robots_noodp":false,"robots_notranslate":false,"robots_max_snippet":"-1","robots_max_videopreview":"-1","robots_max_imagepreview":"large","priority":null,"frequency":"default","local_seo":null,"breadcrumb_settings":null,"limit_modified_date":false,"ai":null,"created":"2024-04-23 20:07:59","updated":"2025-06-04 23:27:16","seo_analyzer_scan_date":null,"focus_keyword":null,"additional_keywords":null,"truseo_locale":null},"aioseo_breadcrumb":"<div class=\"aioseo-breadcrumbs\"><span class=\"aioseo-breadcrumb\">\n\t\t\t<a href=\"https:\/\/loboproduccionesaudiovisuales.ar\" title=\"Home\">Home<\/a>\n\t\t<\/span><span class=\"aioseo-breadcrumb-separator\">&raquo;<\/span><span class=\"aioseo-breadcrumb\">\n\t\t\t<a href=\"https:\/\/loboproduccionesaudiovisuales.ar\/?cat=1\" title=\"Blog\">Blog<\/a>\n\t\t<\/span><span class=\"aioseo-breadcrumb-separator\">&raquo;<\/span><span class=\"aioseo-breadcrumb\">\n\t\t\tEigenfeld \u2013 Merou: convenio con la DPV y mejoras de caminos\n\t\t<\/span><\/div>","aioseo_breadcrumb_json":[{"label":"Home","link":"https:\/\/loboproduccionesaudiovisuales.ar"},{"label":"Blog","link":"https:\/\/loboproduccionesaudiovisuales.ar\/?cat=1"},{"label":"Eigenfeld \u2013 Merou: convenio con la DPV y mejoras de caminos","link":"https:\/\/loboproduccionesaudiovisuales.ar\/?p=12041"}],"_links":{"self":[{"href":"https:\/\/loboproduccionesaudiovisuales.ar\/index.php?rest_route=\/wp\/v2\/posts\/12041","targetHints":{"allow":["GET"]}}],"collection":[{"href":"https:\/\/loboproduccionesaudiovisuales.ar\/index.php?rest_route=\/wp\/v2\/posts"}],"about":[{"href":"https:\/\/loboproduccionesaudiovisuales.ar\/index.php?rest_route=\/wp\/v2\/types\/post"}],"author":[{"embeddable":true,"href":"https:\/\/loboproduccionesaudiovisuales.ar\/index.php?rest_route=\/wp\/v2\/users\/3"}],"replies":[{"embeddable":true,"href":"https:\/\/loboproduccionesaudiovisuales.ar\/index.php?rest_route=%2Fwp%2Fv2%2Fcomments&post=12041"}],"version-history":[{"count":1,"href":"https:\/\/loboproduccionesaudiovisuales.ar\/index.php?rest_route=\/wp\/v2\/posts\/12041\/revisions"}],"predecessor-version":[{"id":12043,"href":"https:\/\/loboproduccionesaudiovisuales.ar\/index.php?rest_route=\/wp\/v2\/posts\/12041\/revisions\/12043"}],"wp:featuredmedia":[{"embeddable":true,"href":"https:\/\/loboproduccionesaudiovisuales.ar\/index.php?rest_route=\/wp\/v2\/media\/12042"}],"wp:attachment":[{"href":"https:\/\/loboproduccionesaudiovisuales.ar\/index.php?rest_route=%2Fwp%2Fv2%2Fmedia&parent=12041"}],"wp:term":[{"taxonomy":"category","embeddable":true,"href":"https:\/\/loboproduccionesaudiovisuales.ar\/index.php?rest_route=%2Fwp%2Fv2%2Fcategories&post=12041"},{"taxonomy":"post_tag","embeddable":true,"href":"https:\/\/loboproduccionesaudiovisuales.ar\/index.php?rest_route=%2Fwp%2Fv2%2Ftags&post=12041"}],"curies":[{"name":"wp","href":"https:\/\/api.w.org\/{rel}","templated":true}]}}