{"id":11921,"date":"2024-04-18T17:13:14","date_gmt":"2024-04-18T20:13:14","guid":{"rendered":"https:\/\/loboproduccionesaudiovisuales.ar\/?p=11921"},"modified":"2024-04-18T18:18:52","modified_gmt":"2024-04-18T21:18:52","slug":"noticias-de-municipios-y-comunas-de-la-zona","status":"publish","type":"post","link":"https:\/\/loboproduccionesaudiovisuales.ar\/?p=11921","title":{"rendered":"Noticias de Municipios y Comunas de la zona"},"content":{"rendered":"<p><strong>Municipios y Comunas de la zona generan noticias a trav\u00e9s de obras, gestiones y concreciones. Te contamos en este informe novedades de Eigenfeld Merou, Las Tunas y Aldea Valle Mar\u00eda. <\/strong><\/p>\n<p>&nbsp;<\/p>\n<p><strong>\u00a0<\/strong><\/p>\n<p><strong>Eigenfeld Merou<\/strong><\/p>\n<p>La Comuna de Eigenfeld Merou ha desarrollado numerosos trabajos durante las \u00faltimas semanas con mejoras en distintos caminos y trabajos en instituciones.<\/p>\n<p>Inici\u00f3 adem\u00e1s el taller de costura en la Comuna, dict\u00e1ndose en Sede Merou todos los jueves, durante tres meses.<\/p>\n<p>Por otro lado, funcionarios locales asistieron a una reuni\u00f3n informativa con la Secretar\u00eda de Modernizaci\u00f3n donde se habl\u00f3 de los siguientes proyectos: Servicio de conectividad, donde se englobe todas las \u00e1reas a nivel institucional; capacitaci\u00f3n digital para adultos mayores; firmas digitales, apuntando a la comodidad y practicidad de los organismos oficiales; conectividad para las instituciones; Colocar un punto de wifi p\u00fablico y gratuito; elaborar un servidor gratuito, donde las instituciones puedan guardar informaci\u00f3n y acceder sin inconveniente, apostando a reducir la contaminaci\u00f3n del medio ambiente y observar la posibilidad de incluir cajeros en las comunas.<\/p>\n<p>Se puso a disposici\u00f3n de los vecinos un correo electr\u00f3nico para solicitar informaci\u00f3n o realizar consultas. Se responden a la brevedad en <a href=\"mailto:comunaeigenfeldmerou@gmail.com\">comunaeigenfeldmerou@gmail.com<\/a><\/p>\n<p>&nbsp;<\/p>\n<p><img loading=\"lazy\" decoding=\"async\" class=\"alignnone size-medium wp-image-11922\" src=\"https:\/\/loboproduccionesaudiovisuales.ar\/wp-content\/uploads\/2024\/04\/436106984_813442304144328_3219229828362824964_n-300x300.jpg\" alt=\"\" width=\"300\" height=\"300\" srcset=\"https:\/\/loboproduccionesaudiovisuales.ar\/wp-content\/uploads\/2024\/04\/436106984_813442304144328_3219229828362824964_n-300x300.jpg 300w, https:\/\/loboproduccionesaudiovisuales.ar\/wp-content\/uploads\/2024\/04\/436106984_813442304144328_3219229828362824964_n-150x150.jpg 150w, https:\/\/loboproduccionesaudiovisuales.ar\/wp-content\/uploads\/2024\/04\/436106984_813442304144328_3219229828362824964_n.jpg 526w\" sizes=\"auto, (max-width: 300px) 100vw, 300px\" \/><\/p>\n<p>&nbsp;<\/p>\n<p><strong>Las Tunas<\/strong><\/p>\n<p>Funcionarios locales participaron en Estaci\u00f3n Sosa de un encuentro organizado por la Secretar\u00eda de Modernizaci\u00f3n de la provincia, para Juntas y Comunas del Departamento Paran\u00e1. El objetivo fue conocer los Programas del \u00e1rea relacionados con la conectividad, como digitalizaci\u00f3n de expedientes, software para tesorer\u00eda y contadur\u00eda comunal, y la instalaci\u00f3n de internet libre con mayor alcance.<\/p>\n<p>\u201cCelebramos la iniciativa, esto nos permite seguir mejorando la administraci\u00f3n comunal y por lo tanto la atenci\u00f3n a los vecinos\u201d, opin\u00f3 el presidente del ente gubernamental, Hugo Schinke.<\/p>\n<p>Desde 2019 la Comuna ofrece en forma gratuita la ense\u00f1anza de pat\u00edn art\u00edstico sobre ruedas, para ni\u00f1os y ni\u00f1as desde los cuatro a\u00f1os. Esta actividad est\u00e1 recomendada por profesionales de la salud, tanto f\u00edsica como mentalmente, ya que mejora movimientos corporales, desarrolla la psicomotricidad, mejora el sentido del equilibrio y fortalece la musculatura, especialmente las piernas.<\/p>\n<p>Hasta el martes 23 de abril de 7 a 13, en la sede comunal, est\u00e1 abierta la inscripci\u00f3n para las formaciones laborales de Ayudante de cocina y Soldador B\u00e1sico. Los requisitos son ser mayor de 18 a\u00f1os y tener estudios primarios completos. Son gratuitas y se dictar\u00e1n en la Comuna, en forma presencial, todos los martes de 13.00 a 16.30. Tambi\u00e9n pueden anotarse los interesados a trav\u00e9s del celular 3434657423.<\/p>\n<p>&nbsp;<\/p>\n<p><img loading=\"lazy\" decoding=\"async\" class=\"alignnone size-medium wp-image-11923\" src=\"https:\/\/loboproduccionesaudiovisuales.ar\/wp-content\/uploads\/2024\/04\/438664120_841542011350849_8837584389054339627_n-1-300x300.jpg\" alt=\"\" width=\"300\" height=\"300\" srcset=\"https:\/\/loboproduccionesaudiovisuales.ar\/wp-content\/uploads\/2024\/04\/438664120_841542011350849_8837584389054339627_n-1-300x300.jpg 300w, https:\/\/loboproduccionesaudiovisuales.ar\/wp-content\/uploads\/2024\/04\/438664120_841542011350849_8837584389054339627_n-1-150x150.jpg 150w, https:\/\/loboproduccionesaudiovisuales.ar\/wp-content\/uploads\/2024\/04\/438664120_841542011350849_8837584389054339627_n-1.jpg 526w\" sizes=\"auto, (max-width: 300px) 100vw, 300px\" \/><\/p>\n<p>&nbsp;<\/p>\n<p><strong>Valle Mar\u00eda <\/strong><\/p>\n<p>El Centro Cultural B\u00e1varo de Alemanes de Rusia (BKDR) lleva publicado 20 tours virtuales de patrimonios culturales centrados en la tem\u00e1tica de los rusos alemanes en pa\u00edses como Kazajist\u00e1n, Rusia, Ucrania y Uzbekist\u00e1n. Pero ahora, el Museo Regional Hilando Recuerdos, de Valle Mar\u00eda, se constituye en el primero de Sudam\u00e9rica en ser incluido en este cat\u00e1logo virtual. Se trata de un recorrido en 360 grados por cada uno de los sectores del museo, que ahora ser\u00e1 asequible para el turismo y los amantes de la historia de los alemanes del Volga en Sudam\u00e9rica. Para realizar el paseo virtual, se puede acceder a trav\u00e9s del siguiente enlace: https:\/\/bkdr.de\/VRundgang\/ar_Valle_Maria\/<\/p>\n<p>El Museo ofrece visitas guiadas que recorren las diferentes dependencias y bucea sobre la historia de los alemanes del Volga que llegaron en 1887. La direcci\u00f3n es Hermano Borja 110, esquina San Mart\u00edn, y quienes desean programar visitas, deben comunicarse al WhatsApp 343 415 0443.<\/p>\n<p>Por otro lado, organizado por la Uni\u00f3n de Colectividades de Entre R\u00edos, se realiz\u00f3 el martes 16 de abril en el Teatro 3 de Febrero de Paran\u00e1 la conmemoraci\u00f3n del D\u00eda del Alem\u00e1n del Volga.<\/p>\n<p>Valle Mar\u00eda estuvo representada en esta oportunidad por el Coro Tradicional Alem\u00e1n, que escogi\u00f3 un repertorio especial para la ocasi\u00f3n. En la apertura del encuentro, Mariela Wendler, representando a la Uni\u00f3n de Alemanes Libres y sus Descendientes, enton\u00f3 las estrofas del Himno Nacional Argentino.<\/p>\n<p>Durante la gala se presentaron numerosas delegaciones como las de Aldea Salto, Aldea Brasilera y Aldea Protestante; adem\u00e1s de Aldea San Antonio, Villaguay, Lucas Gonz\u00e1lez, Crespo, Lucas Gonz\u00e1lez, General Ram\u00edrez y Aldea Mar\u00eda Luisa. La noche tambi\u00e9n cont\u00f3 con la participaci\u00f3n de Banda Estrella y Brisas Inmigrantes, de Aldea San Antonio.<\/p>\n<p>Este a\u00f1o, desde la organizaci\u00f3n establecieron tiempos para cada representaci\u00f3n, que no excedieron los diez minutos, debido a la gran cantidad de n\u00fameros art\u00edsticos.<\/p>\n<p>\u201cPara nuestra localidad es muy importante estar presente en este evento, que venimos acompa\u00f1ando todos los a\u00f1os, cada vez que nos convocan. Las primeras cinco aldeas que conformaron los Alemanes del Volga en Entre R\u00edos fue en nuestra tierra, y eso significa un legado, un compromiso con la historia y la cultura\u201d, dijo el presidente municipal Mario Sokolovsky.<\/p>\n<p>Dar\u00edo Wendler, encargado de Cultura municipal, agradeci\u00f3 a los organizadores y a todos los que se acercaron para alentar a integrantes del coro local para que contin\u00faen con la defensa de las tradiciones y costumbres.<\/p>\n<p><img loading=\"lazy\" decoding=\"async\" class=\"alignnone size-medium wp-image-11924\" src=\"https:\/\/loboproduccionesaudiovisuales.ar\/wp-content\/uploads\/2024\/04\/VALLE-MARIA-Dia-Aleman-del-Volga-300x200.jpg\" alt=\"\" width=\"300\" height=\"200\" srcset=\"https:\/\/loboproduccionesaudiovisuales.ar\/wp-content\/uploads\/2024\/04\/VALLE-MARIA-Dia-Aleman-del-Volga-300x200.jpg 300w, https:\/\/loboproduccionesaudiovisuales.ar\/wp-content\/uploads\/2024\/04\/VALLE-MARIA-Dia-Aleman-del-Volga-1024x682.jpg 1024w, https:\/\/loboproduccionesaudiovisuales.ar\/wp-content\/uploads\/2024\/04\/VALLE-MARIA-Dia-Aleman-del-Volga-768x512.jpg 768w, https:\/\/loboproduccionesaudiovisuales.ar\/wp-content\/uploads\/2024\/04\/VALLE-MARIA-Dia-Aleman-del-Volga-1536x1024.jpg 1536w, https:\/\/loboproduccionesaudiovisuales.ar\/wp-content\/uploads\/2024\/04\/VALLE-MARIA-Dia-Aleman-del-Volga.jpg 2000w\" sizes=\"auto, (max-width: 300px) 100vw, 300px\" \/><\/p>\n<p>&nbsp;<\/p>\n<p>&nbsp;<\/p>\n<p>&nbsp;<\/p>\n<p>&nbsp;<\/p>\n","protected":false},"excerpt":{"rendered":"<p>Municipios y Comunas de la zona generan noticias a trav\u00e9s de obras, gestiones y concreciones. Te contamos en este informe&hellip;<\/p>\n","protected":false},"author":3,"featured_media":11925,"comment_status":"open","ping_status":"open","sticky":false,"template":"","format":"standard","meta":{"footnotes":""},"categories":[5,1,135,128,112,113],"tags":[],"class_list":["post-11921","post","type-post","status-publish","format-standard","has-post-thumbnail","hentry","category-actualidad","category-blog","category-caminos","category-entre-rios","category-politica","category-region"],"aioseo_notices":[],"aioseo_head":"\n\t\t<!-- All in One SEO 5.0.1.1 - aioseo.com -->\n\t<meta name=\"description\" content=\"Municipios y Comunas de la zona generan noticias a trav\u00e9s de obras, gestiones y concreciones. Te contamos en este informe novedades de Eigenfeld Merou, Las Tunas y Aldea Valle Mar\u00eda. Eigenfeld Merou La Comuna de Eigenfeld Merou ha desarrollado numerosos trabajos durante las \u00faltimas semanas con mejoras en distintos caminos y trabajos en\" \/>\n\t<meta name=\"robots\" content=\"max-image-preview:large\" \/>\n\t<meta name=\"author\" content=\"Gustavo Werner\"\/>\n\t<link rel=\"canonical\" href=\"https:\/\/loboproduccionesaudiovisuales.ar\/?p=11921\" \/>\n\t<meta name=\"generator\" content=\"All in One SEO (AIOSEO) 5.0.1.1\" \/>\n\t\t<meta property=\"og:locale\" content=\"es_ES\" \/>\n\t\t<meta property=\"og:site_name\" content=\"LOBO PRODUCCIONES AUDIOVISUALES - Sitio digital de noticias agroindustriales\" \/>\n\t\t<meta property=\"og:type\" content=\"article\" \/>\n\t\t<meta property=\"og:title\" content=\"Noticias de Municipios y Comunas de la zona - LOBO PRODUCCIONES AUDIOVISUALES\" \/>\n\t\t<meta property=\"og:description\" content=\"Municipios y Comunas de la zona generan noticias a trav\u00e9s de obras, gestiones y concreciones. Te contamos en este informe novedades de Eigenfeld Merou, Las Tunas y Aldea Valle Mar\u00eda. Eigenfeld Merou La Comuna de Eigenfeld Merou ha desarrollado numerosos trabajos durante las \u00faltimas semanas con mejoras en distintos caminos y trabajos en\" \/>\n\t\t<meta property=\"og:url\" content=\"https:\/\/loboproduccionesaudiovisuales.ar\/?p=11921\" \/>\n\t\t<meta property=\"og:image\" content=\"https:\/\/loboproduccionesaudiovisuales.ar\/wp-content\/uploads\/2023\/07\/LPA-web.jpg\" \/>\n\t\t<meta property=\"og:image:secure_url\" content=\"https:\/\/loboproduccionesaudiovisuales.ar\/wp-content\/uploads\/2023\/07\/LPA-web.jpg\" \/>\n\t\t<meta property=\"article:published_time\" content=\"2024-04-18T20:13:14+00:00\" \/>\n\t\t<meta property=\"article:modified_time\" content=\"2024-04-18T21:18:52+00:00\" \/>\n\t\t<meta name=\"twitter:card\" content=\"summary_large_image\" \/>\n\t\t<meta name=\"twitter:title\" content=\"Noticias de Municipios y Comunas de la zona - LOBO PRODUCCIONES AUDIOVISUALES\" \/>\n\t\t<meta name=\"twitter:description\" content=\"Municipios y Comunas de la zona generan noticias a trav\u00e9s de obras, gestiones y concreciones. Te contamos en este informe novedades de Eigenfeld Merou, Las Tunas y Aldea Valle Mar\u00eda. Eigenfeld Merou La Comuna de Eigenfeld Merou ha desarrollado numerosos trabajos durante las \u00faltimas semanas con mejoras en distintos caminos y trabajos en\" \/>\n\t\t<meta name=\"twitter:image\" content=\"https:\/\/loboproduccionesaudiovisuales.ar\/wp-content\/uploads\/2023\/07\/LPA-web.jpg\" \/>\n\t\t<script type=\"application\/ld+json\" class=\"aioseo-schema\">\n\t\t\t{\"@context\":\"https:\\\/\\\/schema.org\",\"@graph\":[{\"@type\":\"BlogPosting\",\"@id\":\"https:\\\/\\\/loboproduccionesaudiovisuales.ar\\\/?p=11921#blogposting\",\"name\":\"Noticias de Municipios y Comunas de la zona - LOBO PRODUCCIONES AUDIOVISUALES\",\"headline\":\"Noticias de Municipios y Comunas de la zona\",\"author\":{\"@id\":\"https:\\\/\\\/loboproduccionesaudiovisuales.ar\\\/?author=3#author\"},\"publisher\":{\"@id\":\"https:\\\/\\\/loboproduccionesaudiovisuales.ar\\\/#organization\"},\"image\":{\"@type\":\"ImageObject\",\"url\":\"https:\\\/\\\/loboproduccionesaudiovisuales.ar\\\/wp-content\\\/uploads\\\/2024\\\/04\\\/x_1689088768.jpg\",\"width\":1920,\"height\":1280},\"datePublished\":\"2024-04-18T17:13:14-03:00\",\"dateModified\":\"2024-04-18T18:18:52-03:00\",\"inLanguage\":\"es-AR\",\"mainEntityOfPage\":{\"@id\":\"https:\\\/\\\/loboproduccionesaudiovisuales.ar\\\/?p=11921#webpage\"},\"isPartOf\":{\"@id\":\"https:\\\/\\\/loboproduccionesaudiovisuales.ar\\\/?p=11921#webpage\"},\"articleSection\":\"ACTUALIDAD, Blog, CAMINOS, ENTRE RIOS, POL\\u00cdTICA, REGIONALES\"},{\"@type\":\"BreadcrumbList\",\"@id\":\"https:\\\/\\\/loboproduccionesaudiovisuales.ar\\\/?p=11921#breadcrumblist\",\"itemListElement\":[{\"@type\":\"ListItem\",\"@id\":\"https:\\\/\\\/loboproduccionesaudiovisuales.ar#listItem\",\"position\":1,\"name\":\"Home\",\"item\":\"https:\\\/\\\/loboproduccionesaudiovisuales.ar\",\"nextItem\":{\"@type\":\"ListItem\",\"@id\":\"https:\\\/\\\/loboproduccionesaudiovisuales.ar\\\/?cat=1#listItem\",\"name\":\"Blog\"}},{\"@type\":\"ListItem\",\"@id\":\"https:\\\/\\\/loboproduccionesaudiovisuales.ar\\\/?cat=1#listItem\",\"position\":2,\"name\":\"Blog\",\"item\":\"https:\\\/\\\/loboproduccionesaudiovisuales.ar\\\/?cat=1\",\"nextItem\":{\"@type\":\"ListItem\",\"@id\":\"https:\\\/\\\/loboproduccionesaudiovisuales.ar\\\/?p=11921#listItem\",\"name\":\"Noticias de Municipios y Comunas de la zona\"},\"previousItem\":{\"@type\":\"ListItem\",\"@id\":\"https:\\\/\\\/loboproduccionesaudiovisuales.ar#listItem\",\"name\":\"Home\"}},{\"@type\":\"ListItem\",\"@id\":\"https:\\\/\\\/loboproduccionesaudiovisuales.ar\\\/?p=11921#listItem\",\"position\":3,\"name\":\"Noticias de Municipios y Comunas de la zona\",\"previousItem\":{\"@type\":\"ListItem\",\"@id\":\"https:\\\/\\\/loboproduccionesaudiovisuales.ar\\\/?cat=1#listItem\",\"name\":\"Blog\"}}]},{\"@type\":\"Organization\",\"@id\":\"https:\\\/\\\/loboproduccionesaudiovisuales.ar\\\/#organization\",\"name\":\"loboproduccionesaudiovisuales.ar\",\"description\":\"Sitio digital de noticias agroindustriales\",\"url\":\"https:\\\/\\\/loboproduccionesaudiovisuales.ar\\\/\",\"logo\":{\"@type\":\"ImageObject\",\"url\":\"https:\\\/\\\/loboproduccionesaudiovisuales.ar\\\/wp-content\\\/uploads\\\/2023\\\/07\\\/LPA-web.jpg\",\"@id\":\"https:\\\/\\\/loboproduccionesaudiovisuales.ar\\\/?p=11921\\\/#organizationLogo\",\"width\":500,\"height\":144},\"image\":{\"@id\":\"https:\\\/\\\/loboproduccionesaudiovisuales.ar\\\/?p=11921\\\/#organizationLogo\"}},{\"@type\":\"Person\",\"@id\":\"https:\\\/\\\/loboproduccionesaudiovisuales.ar\\\/?author=3#author\",\"url\":\"https:\\\/\\\/loboproduccionesaudiovisuales.ar\\\/?author=3\",\"name\":\"Gustavo Werner\",\"image\":{\"@type\":\"ImageObject\",\"@id\":\"https:\\\/\\\/loboproduccionesaudiovisuales.ar\\\/?p=11921#authorImage\",\"url\":\"https:\\\/\\\/loboproduccionesaudiovisuales.ar\\\/wp-content\\\/litespeed\\\/avatar\\\/de09dfb254ecca8d89a27b1f284fdb4d.jpg?ver=1788575391\",\"width\":96,\"height\":96,\"caption\":\"Gustavo Werner\"}},{\"@type\":\"WebPage\",\"@id\":\"https:\\\/\\\/loboproduccionesaudiovisuales.ar\\\/?p=11921#webpage\",\"url\":\"https:\\\/\\\/loboproduccionesaudiovisuales.ar\\\/?p=11921\",\"name\":\"Noticias de Municipios y Comunas de la zona - LOBO PRODUCCIONES AUDIOVISUALES\",\"description\":\"Municipios y Comunas de la zona generan noticias a trav\\u00e9s de obras, gestiones y concreciones. Te contamos en este informe novedades de Eigenfeld Merou, Las Tunas y Aldea Valle Mar\\u00eda. Eigenfeld Merou La Comuna de Eigenfeld Merou ha desarrollado numerosos trabajos durante las \\u00faltimas semanas con mejoras en distintos caminos y trabajos en\",\"inLanguage\":\"es-AR\",\"isPartOf\":{\"@id\":\"https:\\\/\\\/loboproduccionesaudiovisuales.ar\\\/#website\"},\"breadcrumb\":{\"@id\":\"https:\\\/\\\/loboproduccionesaudiovisuales.ar\\\/?p=11921#breadcrumblist\"},\"author\":{\"@id\":\"https:\\\/\\\/loboproduccionesaudiovisuales.ar\\\/?author=3#author\"},\"creator\":{\"@id\":\"https:\\\/\\\/loboproduccionesaudiovisuales.ar\\\/?author=3#author\"},\"image\":{\"@type\":\"ImageObject\",\"url\":\"https:\\\/\\\/loboproduccionesaudiovisuales.ar\\\/wp-content\\\/uploads\\\/2024\\\/04\\\/x_1689088768.jpg\",\"@id\":\"https:\\\/\\\/loboproduccionesaudiovisuales.ar\\\/?p=11921\\\/#mainImage\",\"width\":1920,\"height\":1280},\"primaryImageOfPage\":{\"@id\":\"https:\\\/\\\/loboproduccionesaudiovisuales.ar\\\/?p=11921#mainImage\"},\"datePublished\":\"2024-04-18T17:13:14-03:00\",\"dateModified\":\"2024-04-18T18:18:52-03:00\"},{\"@type\":\"WebSite\",\"@id\":\"https:\\\/\\\/loboproduccionesaudiovisuales.ar\\\/#website\",\"url\":\"https:\\\/\\\/loboproduccionesaudiovisuales.ar\\\/\",\"name\":\"loboproduccionesaudiovisuales.ar\",\"alternateName\":\"Lobo Producciones\",\"description\":\"Sitio digital de noticias agroindustriales\",\"inLanguage\":\"es-AR\",\"publisher\":{\"@id\":\"https:\\\/\\\/loboproduccionesaudiovisuales.ar\\\/#organization\"}}]}\n\t\t<\/script>\n\t\t<!-- All in One SEO -->\n\n","aioseo_head_json":{"title":"Noticias de Municipios y Comunas de la zona - LOBO PRODUCCIONES AUDIOVISUALES","description":"Municipios y Comunas de la zona generan noticias a trav\u00e9s de obras, gestiones y concreciones. Te contamos en este informe novedades de Eigenfeld Merou, Las Tunas y Aldea Valle Mar\u00eda. Eigenfeld Merou La Comuna de Eigenfeld Merou ha desarrollado numerosos trabajos durante las \u00faltimas semanas con mejoras en distintos caminos y trabajos en","canonical_url":"https:\/\/loboproduccionesaudiovisuales.ar\/?p=11921","robots":"max-image-preview:large","keywords":"","webmasterTools":{"miscellaneous":""},"schema":{"@context":"https:\/\/schema.org","@graph":[{"@type":"BlogPosting","@id":"https:\/\/loboproduccionesaudiovisuales.ar\/?p=11921#blogposting","name":"Noticias de Municipios y Comunas de la zona - LOBO PRODUCCIONES AUDIOVISUALES","headline":"Noticias de Municipios y Comunas de la zona","author":{"@id":"https:\/\/loboproduccionesaudiovisuales.ar\/?author=3#author"},"publisher":{"@id":"https:\/\/loboproduccionesaudiovisuales.ar\/#organization"},"image":{"@type":"ImageObject","url":"https:\/\/loboproduccionesaudiovisuales.ar\/wp-content\/uploads\/2024\/04\/x_1689088768.jpg","width":1920,"height":1280},"datePublished":"2024-04-18T17:13:14-03:00","dateModified":"2024-04-18T18:18:52-03:00","inLanguage":"es-AR","mainEntityOfPage":{"@id":"https:\/\/loboproduccionesaudiovisuales.ar\/?p=11921#webpage"},"isPartOf":{"@id":"https:\/\/loboproduccionesaudiovisuales.ar\/?p=11921#webpage"},"articleSection":"ACTUALIDAD, Blog, CAMINOS, ENTRE RIOS, POL\u00cdTICA, REGIONALES"},{"@type":"BreadcrumbList","@id":"https:\/\/loboproduccionesaudiovisuales.ar\/?p=11921#breadcrumblist","itemListElement":[{"@type":"ListItem","@id":"https:\/\/loboproduccionesaudiovisuales.ar#listItem","position":1,"name":"Home","item":"https:\/\/loboproduccionesaudiovisuales.ar","nextItem":{"@type":"ListItem","@id":"https:\/\/loboproduccionesaudiovisuales.ar\/?cat=1#listItem","name":"Blog"}},{"@type":"ListItem","@id":"https:\/\/loboproduccionesaudiovisuales.ar\/?cat=1#listItem","position":2,"name":"Blog","item":"https:\/\/loboproduccionesaudiovisuales.ar\/?cat=1","nextItem":{"@type":"ListItem","@id":"https:\/\/loboproduccionesaudiovisuales.ar\/?p=11921#listItem","name":"Noticias de Municipios y Comunas de la zona"},"previousItem":{"@type":"ListItem","@id":"https:\/\/loboproduccionesaudiovisuales.ar#listItem","name":"Home"}},{"@type":"ListItem","@id":"https:\/\/loboproduccionesaudiovisuales.ar\/?p=11921#listItem","position":3,"name":"Noticias de Municipios y Comunas de la zona","previousItem":{"@type":"ListItem","@id":"https:\/\/loboproduccionesaudiovisuales.ar\/?cat=1#listItem","name":"Blog"}}]},{"@type":"Organization","@id":"https:\/\/loboproduccionesaudiovisuales.ar\/#organization","name":"loboproduccionesaudiovisuales.ar","description":"Sitio digital de noticias agroindustriales","url":"https:\/\/loboproduccionesaudiovisuales.ar\/","logo":{"@type":"ImageObject","url":"https:\/\/loboproduccionesaudiovisuales.ar\/wp-content\/uploads\/2023\/07\/LPA-web.jpg","@id":"https:\/\/loboproduccionesaudiovisuales.ar\/?p=11921\/#organizationLogo","width":500,"height":144},"image":{"@id":"https:\/\/loboproduccionesaudiovisuales.ar\/?p=11921\/#organizationLogo"}},{"@type":"Person","@id":"https:\/\/loboproduccionesaudiovisuales.ar\/?author=3#author","url":"https:\/\/loboproduccionesaudiovisuales.ar\/?author=3","name":"Gustavo Werner","image":{"@type":"ImageObject","@id":"https:\/\/loboproduccionesaudiovisuales.ar\/?p=11921#authorImage","url":"https:\/\/loboproduccionesaudiovisuales.ar\/wp-content\/litespeed\/avatar\/de09dfb254ecca8d89a27b1f284fdb4d.jpg?ver=1788575391","width":96,"height":96,"caption":"Gustavo Werner"}},{"@type":"WebPage","@id":"https:\/\/loboproduccionesaudiovisuales.ar\/?p=11921#webpage","url":"https:\/\/loboproduccionesaudiovisuales.ar\/?p=11921","name":"Noticias de Municipios y Comunas de la zona - LOBO PRODUCCIONES AUDIOVISUALES","description":"Municipios y Comunas de la zona generan noticias a trav\u00e9s de obras, gestiones y concreciones. Te contamos en este informe novedades de Eigenfeld Merou, Las Tunas y Aldea Valle Mar\u00eda. Eigenfeld Merou La Comuna de Eigenfeld Merou ha desarrollado numerosos trabajos durante las \u00faltimas semanas con mejoras en distintos caminos y trabajos en","inLanguage":"es-AR","isPartOf":{"@id":"https:\/\/loboproduccionesaudiovisuales.ar\/#website"},"breadcrumb":{"@id":"https:\/\/loboproduccionesaudiovisuales.ar\/?p=11921#breadcrumblist"},"author":{"@id":"https:\/\/loboproduccionesaudiovisuales.ar\/?author=3#author"},"creator":{"@id":"https:\/\/loboproduccionesaudiovisuales.ar\/?author=3#author"},"image":{"@type":"ImageObject","url":"https:\/\/loboproduccionesaudiovisuales.ar\/wp-content\/uploads\/2024\/04\/x_1689088768.jpg","@id":"https:\/\/loboproduccionesaudiovisuales.ar\/?p=11921\/#mainImage","width":1920,"height":1280},"primaryImageOfPage":{"@id":"https:\/\/loboproduccionesaudiovisuales.ar\/?p=11921#mainImage"},"datePublished":"2024-04-18T17:13:14-03:00","dateModified":"2024-04-18T18:18:52-03:00"},{"@type":"WebSite","@id":"https:\/\/loboproduccionesaudiovisuales.ar\/#website","url":"https:\/\/loboproduccionesaudiovisuales.ar\/","name":"loboproduccionesaudiovisuales.ar","alternateName":"Lobo Producciones","description":"Sitio digital de noticias agroindustriales","inLanguage":"es-AR","publisher":{"@id":"https:\/\/loboproduccionesaudiovisuales.ar\/#organization"}}]},"og:locale":"es_ES","og:site_name":"LOBO PRODUCCIONES AUDIOVISUALES - Sitio digital de noticias agroindustriales","og:type":"article","og:title":"Noticias de Municipios y Comunas de la zona - LOBO PRODUCCIONES AUDIOVISUALES","og:description":"Municipios y Comunas de la zona generan noticias a trav\u00e9s de obras, gestiones y concreciones. Te contamos en este informe novedades de Eigenfeld Merou, Las Tunas y Aldea Valle Mar\u00eda. Eigenfeld Merou La Comuna de Eigenfeld Merou ha desarrollado numerosos trabajos durante las \u00faltimas semanas con mejoras en distintos caminos y trabajos en","og:url":"https:\/\/loboproduccionesaudiovisuales.ar\/?p=11921","og:image":"https:\/\/loboproduccionesaudiovisuales.ar\/wp-content\/uploads\/2023\/07\/LPA-web.jpg","og:image:secure_url":"https:\/\/loboproduccionesaudiovisuales.ar\/wp-content\/uploads\/2023\/07\/LPA-web.jpg","article:published_time":"2024-04-18T20:13:14+00:00","article:modified_time":"2024-04-18T21:18:52+00:00","twitter:card":"summary_large_image","twitter:title":"Noticias de Municipios y Comunas de la zona - LOBO PRODUCCIONES AUDIOVISUALES","twitter:description":"Municipios y Comunas de la zona generan noticias a trav\u00e9s de obras, gestiones y concreciones. Te contamos en este informe novedades de Eigenfeld Merou, Las Tunas y Aldea Valle Mar\u00eda. Eigenfeld Merou La Comuna de Eigenfeld Merou ha desarrollado numerosos trabajos durante las \u00faltimas semanas con mejoras en distintos caminos y trabajos en","twitter:image":"https:\/\/loboproduccionesaudiovisuales.ar\/wp-content\/uploads\/2023\/07\/LPA-web.jpg"},"aioseo_meta_data":{"post_id":"11921","title":null,"description":null,"keywords":[],"keyphrases":{"focus":{"keyphrase":"","score":0,"analysis":{"keyphraseInTitle":{"score":0,"maxScore":9,"error":1}}},"additional":[]},"primary_term":null,"canonical_url":null,"og_title":null,"og_description":null,"og_object_type":"default","og_image_type":"default","og_image_url":null,"og_image_width":null,"og_image_height":null,"og_image_custom_url":null,"og_image_custom_fields":null,"og_video":"","og_custom_url":null,"og_article_section":null,"og_article_tags":[],"twitter_use_og":false,"twitter_card":"default","twitter_image_type":"default","twitter_image_url":null,"twitter_image_custom_url":null,"twitter_image_custom_fields":null,"twitter_title":null,"twitter_description":null,"schema":{"blockGraphs":[],"customGraphs":[],"default":{"data":{"Article":[],"Course":[],"Dataset":[],"FAQPage":[],"Movie":[],"Person":[],"Product":[],"ProductReview":[],"Car":[],"Recipe":[],"Service":[],"SoftwareApplication":[],"WebPage":[]},"graphName":"BlogPosting","isEnabled":true},"graphs":[]},"schema_type":"default","schema_type_options":null,"pillar_content":false,"robots_default":true,"robots_noindex":false,"robots_noarchive":false,"robots_nosnippet":false,"robots_nofollow":false,"robots_noimageindex":false,"robots_noodp":false,"robots_notranslate":false,"robots_max_snippet":"-1","robots_max_videopreview":"-1","robots_max_imagepreview":"large","priority":null,"frequency":"default","local_seo":null,"breadcrumb_settings":null,"limit_modified_date":false,"ai":null,"created":"2024-04-18 21:18:52","updated":"2025-06-04 23:25:15","seo_analyzer_scan_date":null,"focus_keyword":null,"additional_keywords":null,"truseo_locale":null},"aioseo_breadcrumb":"<div class=\"aioseo-breadcrumbs\"><span class=\"aioseo-breadcrumb\">\n\t\t\t<a href=\"https:\/\/loboproduccionesaudiovisuales.ar\" title=\"Home\">Home<\/a>\n\t\t<\/span><span class=\"aioseo-breadcrumb-separator\">&raquo;<\/span><span class=\"aioseo-breadcrumb\">\n\t\t\t<a href=\"https:\/\/loboproduccionesaudiovisuales.ar\/?cat=1\" title=\"Blog\">Blog<\/a>\n\t\t<\/span><span class=\"aioseo-breadcrumb-separator\">&raquo;<\/span><span class=\"aioseo-breadcrumb\">\n\t\t\tNoticias de Municipios y Comunas de la zona\n\t\t<\/span><\/div>","aioseo_breadcrumb_json":[{"label":"Home","link":"https:\/\/loboproduccionesaudiovisuales.ar"},{"label":"Blog","link":"https:\/\/loboproduccionesaudiovisuales.ar\/?cat=1"},{"label":"Noticias de Municipios y Comunas de la zona","link":"https:\/\/loboproduccionesaudiovisuales.ar\/?p=11921"}],"_links":{"self":[{"href":"https:\/\/loboproduccionesaudiovisuales.ar\/index.php?rest_route=\/wp\/v2\/posts\/11921","targetHints":{"allow":["GET"]}}],"collection":[{"href":"https:\/\/loboproduccionesaudiovisuales.ar\/index.php?rest_route=\/wp\/v2\/posts"}],"about":[{"href":"https:\/\/loboproduccionesaudiovisuales.ar\/index.php?rest_route=\/wp\/v2\/types\/post"}],"author":[{"embeddable":true,"href":"https:\/\/loboproduccionesaudiovisuales.ar\/index.php?rest_route=\/wp\/v2\/users\/3"}],"replies":[{"embeddable":true,"href":"https:\/\/loboproduccionesaudiovisuales.ar\/index.php?rest_route=%2Fwp%2Fv2%2Fcomments&post=11921"}],"version-history":[{"count":1,"href":"https:\/\/loboproduccionesaudiovisuales.ar\/index.php?rest_route=\/wp\/v2\/posts\/11921\/revisions"}],"predecessor-version":[{"id":11926,"href":"https:\/\/loboproduccionesaudiovisuales.ar\/index.php?rest_route=\/wp\/v2\/posts\/11921\/revisions\/11926"}],"wp:featuredmedia":[{"embeddable":true,"href":"https:\/\/loboproduccionesaudiovisuales.ar\/index.php?rest_route=\/wp\/v2\/media\/11925"}],"wp:attachment":[{"href":"https:\/\/loboproduccionesaudiovisuales.ar\/index.php?rest_route=%2Fwp%2Fv2%2Fmedia&parent=11921"}],"wp:term":[{"taxonomy":"category","embeddable":true,"href":"https:\/\/loboproduccionesaudiovisuales.ar\/index.php?rest_route=%2Fwp%2Fv2%2Fcategories&post=11921"},{"taxonomy":"post_tag","embeddable":true,"href":"https:\/\/loboproduccionesaudiovisuales.ar\/index.php?rest_route=%2Fwp%2Fv2%2Ftags&post=11921"}],"curies":[{"name":"wp","href":"https:\/\/api.w.org\/{rel}","templated":true}]}}