{"id":11662,"date":"2024-04-10T10:41:08","date_gmt":"2024-04-10T13:41:08","guid":{"rendered":"https:\/\/loboproduccionesaudiovisuales.ar\/?p=11662"},"modified":"2024-04-10T10:41:08","modified_gmt":"2024-04-10T13:41:08","slug":"preparan-la-fiesta-del-trabajador-en-maria-luisa","status":"publish","type":"post","link":"https:\/\/loboproduccionesaudiovisuales.ar\/?p=11662","title":{"rendered":"Preparan la Fiesta del Trabajador en Mar\u00eda Luisa"},"content":{"rendered":"<p>El Municipio confirm\u00f3 la realizaci\u00f3n de la 3\u00aa Fiesta Provincial del Trabajador, la feria m\u00e1s grande de emprendedores y artesanos, que se llevar\u00e1 a cabo el mi\u00e9rcoles 1\u00ba de mayo en el Multiespacio &#8220;La Posta&#8221; con entrada libre y gratuita. Actuar\u00e1n Maravillas Alemanas, Los Hermanos Benedetich, Somos Chamam\u00e9 y La Groupera.<\/p>\n<p>Las inscripciones a stands comerciales sin cargo se realizan a trav\u00e9s del 3436111833 (atenci\u00f3n de lunes a viernes, de 8:00 a 12:00). Organiza e invita la Municipalidad de Aldea Mar\u00eda Luisa.<\/p>\n","protected":false},"excerpt":{"rendered":"<p>El Municipio confirm\u00f3 la realizaci\u00f3n de la 3\u00aa Fiesta Provincial del Trabajador, la feria m\u00e1s grande de emprendedores y artesanos,&hellip;<\/p>\n","protected":false},"author":3,"featured_media":11663,"comment_status":"open","ping_status":"open","sticky":false,"template":"","format":"standard","meta":{"footnotes":""},"categories":[5,2,1,198,140,113],"tags":[179],"class_list":["post-11662","post","type-post","status-publish","format-standard","has-post-thumbnail","hentry","category-actualidad","category-agro","category-blog","category-exposiciones","category-festivales","category-region","tag-maria-luisa"],"aioseo_notices":[],"_links":{"self":[{"href":"https:\/\/loboproduccionesaudiovisuales.ar\/index.php?rest_route=\/wp\/v2\/posts\/11662","targetHints":{"allow":["GET"]}}],"collection":[{"href":"https:\/\/loboproduccionesaudiovisuales.ar\/index.php?rest_route=\/wp\/v2\/posts"}],"about":[{"href":"https:\/\/loboproduccionesaudiovisuales.ar\/index.php?rest_route=\/wp\/v2\/types\/post"}],"author":[{"embeddable":true,"href":"https:\/\/loboproduccionesaudiovisuales.ar\/index.php?rest_route=\/wp\/v2\/users\/3"}],"replies":[{"embeddable":true,"href":"https:\/\/loboproduccionesaudiovisuales.ar\/index.php?rest_route=%2Fwp%2Fv2%2Fcomments&post=11662"}],"version-history":[{"count":1,"href":"https:\/\/loboproduccionesaudiovisuales.ar\/index.php?rest_route=\/wp\/v2\/posts\/11662\/revisions"}],"predecessor-version":[{"id":11664,"href":"https:\/\/loboproduccionesaudiovisuales.ar\/index.php?rest_route=\/wp\/v2\/posts\/11662\/revisions\/11664"}],"wp:featuredmedia":[{"embeddable":true,"href":"https:\/\/loboproduccionesaudiovisuales.ar\/index.php?rest_route=\/wp\/v2\/media\/11663"}],"wp:attachment":[{"href":"https:\/\/loboproduccionesaudiovisuales.ar\/index.php?rest_route=%2Fwp%2Fv2%2Fmedia&parent=11662"}],"wp:term":[{"taxonomy":"category","embeddable":true,"href":"https:\/\/loboproduccionesaudiovisuales.ar\/index.php?rest_route=%2Fwp%2Fv2%2Fcategories&post=11662"},{"taxonomy":"post_tag","embeddable":true,"href":"https:\/\/loboproduccionesaudiovisuales.ar\/index.php?rest_route=%2Fwp%2Fv2%2Ftags&post=11662"}],"curies":[{"name":"wp","href":"https:\/\/api.w.org\/{rel}","templated":true}]}}