{"id":11642,"date":"2024-04-09T16:59:01","date_gmt":"2024-04-09T19:59:01","guid":{"rendered":"https:\/\/loboproduccionesaudiovisuales.ar\/?p=11642"},"modified":"2024-04-09T16:59:01","modified_gmt":"2024-04-09T19:59:01","slug":"dia-del-aleman-del-volga-e-inauguracion-de-obras-en-maria-luisa","status":"publish","type":"post","link":"https:\/\/loboproduccionesaudiovisuales.ar\/?p=11642","title":{"rendered":"D\u00eda del Alem\u00e1n Del Volga e inauguraci\u00f3n de obras en Mar\u00eda Luisa"},"content":{"rendered":"<p><strong>Detalles de las actividades anunciadas.<\/strong><\/p>\n<p>&nbsp;<\/p>\n<p>El Municipio invita a la comunidad a participar el martes 16 de abril a partir de las 10.30 en la Plazoleta de los Inmigrantes, del Homenaje por el D\u00eda del Alem\u00e1n del Volga, recordado el 15 de abril.<\/p>\n<p>Ail\u00edn Colacello, responsable del \u00c1rea de Cultura de la Municipalidad, explic\u00f3 que \u201cEstaremos recordando a quienes llegaron desde lejos, no solo a poblar nuestras tierras, sino a darle un nuevo sentido a nuestra identidad entrerriana. En este acto se descubrir\u00e1 el primero de una serie de paneles informativos, de tipo tur\u00edstico y cultural, que contiene la historia de nuestra aldea y un C\u00f3digo QR que direcciona al sitio web del gobierno municipal. All\u00ed podremos encontrar testimonios y datos de inter\u00e9s respecto a ese espacio particular y a nuestra comunidad\u201d.<\/p>\n<p>Posteriormente, desde las 11.00 y en la F\u00e1brica San Lorenzo, calle Ram\u00edrez 695, se proceder\u00e1 a la Inauguraci\u00f3n de la Obra de Ampliaci\u00f3n de red de distribuci\u00f3n de gas natural. \u201cAprovechamos a realizar este homenaje el d\u00eda 16 ya que ser\u00e1 un d\u00eda significativo para Mar\u00eda Luisa al inaugurarse la primera etapa de una obra tan importante para el desarrollo de nuestro pueblo. Consideramos acertado recordar el pasado, celebrando el progreso que nuestros abuelos tanto so\u00f1aron\u201d, indic\u00f3 Colacello.<\/p>\n","protected":false},"excerpt":{"rendered":"<p>Detalles de las actividades anunciadas. &nbsp; El Municipio invita a la comunidad a participar el martes 16 de abril a&hellip;<\/p>\n","protected":false},"author":3,"featured_media":11643,"comment_status":"open","ping_status":"open","sticky":false,"template":"","format":"standard","meta":{"footnotes":""},"categories":[5,1,128,113],"tags":[179],"class_list":["post-11642","post","type-post","status-publish","format-standard","has-post-thumbnail","hentry","category-actualidad","category-blog","category-entre-rios","category-region","tag-maria-luisa"],"aioseo_notices":[],"_links":{"self":[{"href":"https:\/\/loboproduccionesaudiovisuales.ar\/index.php?rest_route=\/wp\/v2\/posts\/11642","targetHints":{"allow":["GET"]}}],"collection":[{"href":"https:\/\/loboproduccionesaudiovisuales.ar\/index.php?rest_route=\/wp\/v2\/posts"}],"about":[{"href":"https:\/\/loboproduccionesaudiovisuales.ar\/index.php?rest_route=\/wp\/v2\/types\/post"}],"author":[{"embeddable":true,"href":"https:\/\/loboproduccionesaudiovisuales.ar\/index.php?rest_route=\/wp\/v2\/users\/3"}],"replies":[{"embeddable":true,"href":"https:\/\/loboproduccionesaudiovisuales.ar\/index.php?rest_route=%2Fwp%2Fv2%2Fcomments&post=11642"}],"version-history":[{"count":1,"href":"https:\/\/loboproduccionesaudiovisuales.ar\/index.php?rest_route=\/wp\/v2\/posts\/11642\/revisions"}],"predecessor-version":[{"id":11644,"href":"https:\/\/loboproduccionesaudiovisuales.ar\/index.php?rest_route=\/wp\/v2\/posts\/11642\/revisions\/11644"}],"wp:featuredmedia":[{"embeddable":true,"href":"https:\/\/loboproduccionesaudiovisuales.ar\/index.php?rest_route=\/wp\/v2\/media\/11643"}],"wp:attachment":[{"href":"https:\/\/loboproduccionesaudiovisuales.ar\/index.php?rest_route=%2Fwp%2Fv2%2Fmedia&parent=11642"}],"wp:term":[{"taxonomy":"category","embeddable":true,"href":"https:\/\/loboproduccionesaudiovisuales.ar\/index.php?rest_route=%2Fwp%2Fv2%2Fcategories&post=11642"},{"taxonomy":"post_tag","embeddable":true,"href":"https:\/\/loboproduccionesaudiovisuales.ar\/index.php?rest_route=%2Fwp%2Fv2%2Ftags&post=11642"}],"curies":[{"name":"wp","href":"https:\/\/api.w.org\/{rel}","templated":true}]}}