{"id":11263,"date":"2024-03-26T11:04:07","date_gmt":"2024-03-26T14:04:07","guid":{"rendered":"https:\/\/loboproduccionesaudiovisuales.ar\/?p=11263"},"modified":"2024-03-27T11:08:43","modified_gmt":"2024-03-27T14:08:43","slug":"spatzenkutter-cultura-historia-y-tradicion","status":"publish","type":"post","link":"https:\/\/loboproduccionesaudiovisuales.ar\/?p=11263","title":{"rendered":"Spatzenkutter: cultura, historia y tradici\u00f3n"},"content":{"rendered":"<p><strong>Interesantes propuestas para la comunidad.<\/strong><\/p>\n<p><strong>\u00a0<\/strong><\/p>\n<p>La Comuna organiza cursos gratuitos de fotograf\u00eda con celular, los que se dictar\u00e1n en la Casa de la Cultura, estando a cargo de Eliana Correa. Consta de un encuentro semanal de dos horas, los jueves de 18.00 a 20.00, con clases te\u00f3ricas y pr\u00e1cticas, incluyendo apuntes digitales, desde el 11 de abril. La propuesta es gratuita y los cupos limitados. Las inscripciones est\u00e1n abiertas y el tel\u00e9fono de contacto es el 3434543915.<\/p>\n<p>&nbsp;<\/p>\n<p><strong>\u00a0<\/strong><\/p>\n<p><strong>Guitarra y teclado<\/strong><\/p>\n<p>A partir de abril se dictar\u00e1 en la Casa de la Cultura Marienfeld el taller de iniciaci\u00f3n musical, guitarra y teclado. El dictado ser\u00e1 los martes de 17:00 a 20:00 y seg\u00fan la edad de cada interesado tendr\u00e1 un turno diferente dentro de ese rango. Para consultar los turnos y otras dudas se recomienda contactar al 3434662599. El taller estar\u00e1 a cargo de la profesora Melina Strauch y es totalmente gratuito.<\/p>\n<p><strong>\u00a0<\/strong><\/p>\n<p><img loading=\"lazy\" decoding=\"async\" class=\"alignnone size-medium wp-image-11273\" src=\"https:\/\/loboproduccionesaudiovisuales.ar\/wp-content\/uploads\/2024\/03\/431738524_825422939626333_6540085317326784863_n-1-300x296.jpg\" alt=\"\" width=\"300\" height=\"296\" srcset=\"https:\/\/loboproduccionesaudiovisuales.ar\/wp-content\/uploads\/2024\/03\/431738524_825422939626333_6540085317326784863_n-1-300x296.jpg 300w, https:\/\/loboproduccionesaudiovisuales.ar\/wp-content\/uploads\/2024\/03\/431738524_825422939626333_6540085317326784863_n-1-1024x1010.jpg 1024w, https:\/\/loboproduccionesaudiovisuales.ar\/wp-content\/uploads\/2024\/03\/431738524_825422939626333_6540085317326784863_n-1-768x757.jpg 768w, https:\/\/loboproduccionesaudiovisuales.ar\/wp-content\/uploads\/2024\/03\/431738524_825422939626333_6540085317326784863_n-1.jpg 1170w\" sizes=\"auto, (max-width: 300px) 100vw, 300px\" \/><\/p>\n<p>&nbsp;<\/p>\n<p><strong>Malvinas une<\/strong><\/p>\n<p>El viernes 5 de abril en Plaza Libertad, sobre Avenida Alemanes del Volga, desde las 8.30, se llevar\u00e1 a cabo la propuesta denominada \u201cMalvinas, la causa que nos une\u201d, a 42 a\u00f1os de la Gesta de Malvinas.<\/p>\n<p>Desde las 8.30 se ofrecer\u00e1 un desayuno de la Cocina de Campa\u00f1a de la B.A.L. Paran\u00e1 del Ej\u00e9rcito y a las 9.30 se propone el Acto de Recordaci\u00f3n por el 42do. Aniversario de la Gesta de Malvinas, desfile c\u00edvico-militar y exposici\u00f3n de medios.<\/p>\n<p>Se invita a la comunidad de Spatzenkutter y la zona a participar.<\/p>\n","protected":false},"excerpt":{"rendered":"<p>Interesantes propuestas para la comunidad. \u00a0 La Comuna organiza cursos gratuitos de fotograf\u00eda con celular, los que se dictar\u00e1n en&hellip;<\/p>\n","protected":false},"author":3,"featured_media":11272,"comment_status":"open","ping_status":"open","sticky":false,"template":"","format":"standard","meta":{"footnotes":""},"categories":[5,1,128,113],"tags":[114],"class_list":["post-11263","post","type-post","status-publish","format-standard","has-post-thumbnail","hentry","category-actualidad","category-blog","category-entre-rios","category-region","tag-spatzenkutter"],"aioseo_notices":[],"aioseo_head":"\n\t\t<!-- All in One SEO 5.0.1.1 - aioseo.com -->\n\t<meta name=\"description\" content=\"Interesantes propuestas para la comunidad. La Comuna organiza cursos gratuitos de fotograf\u00eda con celular, los que se dictar\u00e1n en la Casa de la Cultura, estando a cargo de Eliana Correa. Consta de un encuentro semanal de dos horas, los jueves de 18.00 a 20.00, con clases te\u00f3ricas y pr\u00e1cticas, incluyendo apuntes digitales, desde el\" \/>\n\t<meta name=\"robots\" content=\"max-image-preview:large\" \/>\n\t<meta name=\"author\" content=\"Gustavo Werner\"\/>\n\t<link rel=\"canonical\" href=\"https:\/\/loboproduccionesaudiovisuales.ar\/?p=11263\" \/>\n\t<meta name=\"generator\" content=\"All in One SEO (AIOSEO) 5.0.1.1\" \/>\n\t\t<meta property=\"og:locale\" content=\"es_ES\" \/>\n\t\t<meta property=\"og:site_name\" content=\"LOBO PRODUCCIONES AUDIOVISUALES - Sitio digital de noticias agroindustriales\" \/>\n\t\t<meta property=\"og:type\" content=\"article\" \/>\n\t\t<meta property=\"og:title\" content=\"Spatzenkutter: cultura, historia y tradici\u00f3n - LOBO PRODUCCIONES AUDIOVISUALES\" \/>\n\t\t<meta property=\"og:description\" content=\"Interesantes propuestas para la comunidad. La Comuna organiza cursos gratuitos de fotograf\u00eda con celular, los que se dictar\u00e1n en la Casa de la Cultura, estando a cargo de Eliana Correa. Consta de un encuentro semanal de dos horas, los jueves de 18.00 a 20.00, con clases te\u00f3ricas y pr\u00e1cticas, incluyendo apuntes digitales, desde el\" \/>\n\t\t<meta property=\"og:url\" content=\"https:\/\/loboproduccionesaudiovisuales.ar\/?p=11263\" \/>\n\t\t<meta property=\"og:image\" content=\"https:\/\/loboproduccionesaudiovisuales.ar\/wp-content\/uploads\/2023\/07\/LPA-web.jpg\" \/>\n\t\t<meta property=\"og:image:secure_url\" content=\"https:\/\/loboproduccionesaudiovisuales.ar\/wp-content\/uploads\/2023\/07\/LPA-web.jpg\" \/>\n\t\t<meta property=\"article:published_time\" content=\"2024-03-26T14:04:07+00:00\" \/>\n\t\t<meta property=\"article:modified_time\" content=\"2024-03-27T14:08:43+00:00\" \/>\n\t\t<meta name=\"twitter:card\" content=\"summary_large_image\" \/>\n\t\t<meta name=\"twitter:title\" content=\"Spatzenkutter: cultura, historia y tradici\u00f3n - LOBO PRODUCCIONES AUDIOVISUALES\" \/>\n\t\t<meta name=\"twitter:description\" content=\"Interesantes propuestas para la comunidad. La Comuna organiza cursos gratuitos de fotograf\u00eda con celular, los que se dictar\u00e1n en la Casa de la Cultura, estando a cargo de Eliana Correa. Consta de un encuentro semanal de dos horas, los jueves de 18.00 a 20.00, con clases te\u00f3ricas y pr\u00e1cticas, incluyendo apuntes digitales, desde el\" \/>\n\t\t<meta name=\"twitter:image\" content=\"https:\/\/loboproduccionesaudiovisuales.ar\/wp-content\/uploads\/2023\/07\/LPA-web.jpg\" \/>\n\t\t<script type=\"application\/ld+json\" class=\"aioseo-schema\">\n\t\t\t{\"@context\":\"https:\\\/\\\/schema.org\",\"@graph\":[{\"@type\":\"BlogPosting\",\"@id\":\"https:\\\/\\\/loboproduccionesaudiovisuales.ar\\\/?p=11263#blogposting\",\"name\":\"Spatzenkutter: cultura, historia y tradici\\u00f3n - LOBO PRODUCCIONES AUDIOVISUALES\",\"headline\":\"Spatzenkutter: cultura, historia y tradici\\u00f3n\",\"author\":{\"@id\":\"https:\\\/\\\/loboproduccionesaudiovisuales.ar\\\/?author=3#author\"},\"publisher\":{\"@id\":\"https:\\\/\\\/loboproduccionesaudiovisuales.ar\\\/#organization\"},\"image\":{\"@type\":\"ImageObject\",\"url\":\"https:\\\/\\\/loboproduccionesaudiovisuales.ar\\\/wp-content\\\/uploads\\\/2024\\\/03\\\/432734751_826450912856869_7588915546476790094_n.jpg\",\"width\":1448,\"height\":2048},\"datePublished\":\"2024-03-26T11:04:07-03:00\",\"dateModified\":\"2024-03-27T11:08:43-03:00\",\"inLanguage\":\"es-AR\",\"mainEntityOfPage\":{\"@id\":\"https:\\\/\\\/loboproduccionesaudiovisuales.ar\\\/?p=11263#webpage\"},\"isPartOf\":{\"@id\":\"https:\\\/\\\/loboproduccionesaudiovisuales.ar\\\/?p=11263#webpage\"},\"articleSection\":\"ACTUALIDAD, Blog, ENTRE RIOS, REGIONALES, Spatzenkutter\"},{\"@type\":\"BreadcrumbList\",\"@id\":\"https:\\\/\\\/loboproduccionesaudiovisuales.ar\\\/?p=11263#breadcrumblist\",\"itemListElement\":[{\"@type\":\"ListItem\",\"@id\":\"https:\\\/\\\/loboproduccionesaudiovisuales.ar#listItem\",\"position\":1,\"name\":\"Home\",\"item\":\"https:\\\/\\\/loboproduccionesaudiovisuales.ar\",\"nextItem\":{\"@type\":\"ListItem\",\"@id\":\"https:\\\/\\\/loboproduccionesaudiovisuales.ar\\\/?cat=1#listItem\",\"name\":\"Blog\"}},{\"@type\":\"ListItem\",\"@id\":\"https:\\\/\\\/loboproduccionesaudiovisuales.ar\\\/?cat=1#listItem\",\"position\":2,\"name\":\"Blog\",\"item\":\"https:\\\/\\\/loboproduccionesaudiovisuales.ar\\\/?cat=1\",\"nextItem\":{\"@type\":\"ListItem\",\"@id\":\"https:\\\/\\\/loboproduccionesaudiovisuales.ar\\\/?p=11263#listItem\",\"name\":\"Spatzenkutter: cultura, historia y tradici\\u00f3n\"},\"previousItem\":{\"@type\":\"ListItem\",\"@id\":\"https:\\\/\\\/loboproduccionesaudiovisuales.ar#listItem\",\"name\":\"Home\"}},{\"@type\":\"ListItem\",\"@id\":\"https:\\\/\\\/loboproduccionesaudiovisuales.ar\\\/?p=11263#listItem\",\"position\":3,\"name\":\"Spatzenkutter: cultura, historia y tradici\\u00f3n\",\"previousItem\":{\"@type\":\"ListItem\",\"@id\":\"https:\\\/\\\/loboproduccionesaudiovisuales.ar\\\/?cat=1#listItem\",\"name\":\"Blog\"}}]},{\"@type\":\"Organization\",\"@id\":\"https:\\\/\\\/loboproduccionesaudiovisuales.ar\\\/#organization\",\"name\":\"loboproduccionesaudiovisuales.ar\",\"description\":\"Sitio digital de noticias agroindustriales\",\"url\":\"https:\\\/\\\/loboproduccionesaudiovisuales.ar\\\/\",\"logo\":{\"@type\":\"ImageObject\",\"url\":\"https:\\\/\\\/loboproduccionesaudiovisuales.ar\\\/wp-content\\\/uploads\\\/2023\\\/07\\\/LPA-web.jpg\",\"@id\":\"https:\\\/\\\/loboproduccionesaudiovisuales.ar\\\/?p=11263\\\/#organizationLogo\",\"width\":500,\"height\":144},\"image\":{\"@id\":\"https:\\\/\\\/loboproduccionesaudiovisuales.ar\\\/?p=11263\\\/#organizationLogo\"}},{\"@type\":\"Person\",\"@id\":\"https:\\\/\\\/loboproduccionesaudiovisuales.ar\\\/?author=3#author\",\"url\":\"https:\\\/\\\/loboproduccionesaudiovisuales.ar\\\/?author=3\",\"name\":\"Gustavo Werner\",\"image\":{\"@type\":\"ImageObject\",\"@id\":\"https:\\\/\\\/loboproduccionesaudiovisuales.ar\\\/?p=11263#authorImage\",\"url\":\"https:\\\/\\\/loboproduccionesaudiovisuales.ar\\\/wp-content\\\/litespeed\\\/avatar\\\/de09dfb254ecca8d89a27b1f284fdb4d.jpg?ver=1788575391\",\"width\":96,\"height\":96,\"caption\":\"Gustavo Werner\"}},{\"@type\":\"WebPage\",\"@id\":\"https:\\\/\\\/loboproduccionesaudiovisuales.ar\\\/?p=11263#webpage\",\"url\":\"https:\\\/\\\/loboproduccionesaudiovisuales.ar\\\/?p=11263\",\"name\":\"Spatzenkutter: cultura, historia y tradici\\u00f3n - LOBO PRODUCCIONES AUDIOVISUALES\",\"description\":\"Interesantes propuestas para la comunidad. La Comuna organiza cursos gratuitos de fotograf\\u00eda con celular, los que se dictar\\u00e1n en la Casa de la Cultura, estando a cargo de Eliana Correa. Consta de un encuentro semanal de dos horas, los jueves de 18.00 a 20.00, con clases te\\u00f3ricas y pr\\u00e1cticas, incluyendo apuntes digitales, desde el\",\"inLanguage\":\"es-AR\",\"isPartOf\":{\"@id\":\"https:\\\/\\\/loboproduccionesaudiovisuales.ar\\\/#website\"},\"breadcrumb\":{\"@id\":\"https:\\\/\\\/loboproduccionesaudiovisuales.ar\\\/?p=11263#breadcrumblist\"},\"author\":{\"@id\":\"https:\\\/\\\/loboproduccionesaudiovisuales.ar\\\/?author=3#author\"},\"creator\":{\"@id\":\"https:\\\/\\\/loboproduccionesaudiovisuales.ar\\\/?author=3#author\"},\"image\":{\"@type\":\"ImageObject\",\"url\":\"https:\\\/\\\/loboproduccionesaudiovisuales.ar\\\/wp-content\\\/uploads\\\/2024\\\/03\\\/432734751_826450912856869_7588915546476790094_n.jpg\",\"@id\":\"https:\\\/\\\/loboproduccionesaudiovisuales.ar\\\/?p=11263\\\/#mainImage\",\"width\":1448,\"height\":2048},\"primaryImageOfPage\":{\"@id\":\"https:\\\/\\\/loboproduccionesaudiovisuales.ar\\\/?p=11263#mainImage\"},\"datePublished\":\"2024-03-26T11:04:07-03:00\",\"dateModified\":\"2024-03-27T11:08:43-03:00\"},{\"@type\":\"WebSite\",\"@id\":\"https:\\\/\\\/loboproduccionesaudiovisuales.ar\\\/#website\",\"url\":\"https:\\\/\\\/loboproduccionesaudiovisuales.ar\\\/\",\"name\":\"loboproduccionesaudiovisuales.ar\",\"alternateName\":\"Lobo Producciones\",\"description\":\"Sitio digital de noticias agroindustriales\",\"inLanguage\":\"es-AR\",\"publisher\":{\"@id\":\"https:\\\/\\\/loboproduccionesaudiovisuales.ar\\\/#organization\"}}]}\n\t\t<\/script>\n\t\t<!-- All in One SEO -->\n\n","aioseo_head_json":{"title":"Spatzenkutter: cultura, historia y tradici\u00f3n - LOBO PRODUCCIONES AUDIOVISUALES","description":"Interesantes propuestas para la comunidad. La Comuna organiza cursos gratuitos de fotograf\u00eda con celular, los que se dictar\u00e1n en la Casa de la Cultura, estando a cargo de Eliana Correa. Consta de un encuentro semanal de dos horas, los jueves de 18.00 a 20.00, con clases te\u00f3ricas y pr\u00e1cticas, incluyendo apuntes digitales, desde el","canonical_url":"https:\/\/loboproduccionesaudiovisuales.ar\/?p=11263","robots":"max-image-preview:large","keywords":"","webmasterTools":{"miscellaneous":""},"schema":{"@context":"https:\/\/schema.org","@graph":[{"@type":"BlogPosting","@id":"https:\/\/loboproduccionesaudiovisuales.ar\/?p=11263#blogposting","name":"Spatzenkutter: cultura, historia y tradici\u00f3n - LOBO PRODUCCIONES AUDIOVISUALES","headline":"Spatzenkutter: cultura, historia y tradici\u00f3n","author":{"@id":"https:\/\/loboproduccionesaudiovisuales.ar\/?author=3#author"},"publisher":{"@id":"https:\/\/loboproduccionesaudiovisuales.ar\/#organization"},"image":{"@type":"ImageObject","url":"https:\/\/loboproduccionesaudiovisuales.ar\/wp-content\/uploads\/2024\/03\/432734751_826450912856869_7588915546476790094_n.jpg","width":1448,"height":2048},"datePublished":"2024-03-26T11:04:07-03:00","dateModified":"2024-03-27T11:08:43-03:00","inLanguage":"es-AR","mainEntityOfPage":{"@id":"https:\/\/loboproduccionesaudiovisuales.ar\/?p=11263#webpage"},"isPartOf":{"@id":"https:\/\/loboproduccionesaudiovisuales.ar\/?p=11263#webpage"},"articleSection":"ACTUALIDAD, Blog, ENTRE RIOS, REGIONALES, Spatzenkutter"},{"@type":"BreadcrumbList","@id":"https:\/\/loboproduccionesaudiovisuales.ar\/?p=11263#breadcrumblist","itemListElement":[{"@type":"ListItem","@id":"https:\/\/loboproduccionesaudiovisuales.ar#listItem","position":1,"name":"Home","item":"https:\/\/loboproduccionesaudiovisuales.ar","nextItem":{"@type":"ListItem","@id":"https:\/\/loboproduccionesaudiovisuales.ar\/?cat=1#listItem","name":"Blog"}},{"@type":"ListItem","@id":"https:\/\/loboproduccionesaudiovisuales.ar\/?cat=1#listItem","position":2,"name":"Blog","item":"https:\/\/loboproduccionesaudiovisuales.ar\/?cat=1","nextItem":{"@type":"ListItem","@id":"https:\/\/loboproduccionesaudiovisuales.ar\/?p=11263#listItem","name":"Spatzenkutter: cultura, historia y tradici\u00f3n"},"previousItem":{"@type":"ListItem","@id":"https:\/\/loboproduccionesaudiovisuales.ar#listItem","name":"Home"}},{"@type":"ListItem","@id":"https:\/\/loboproduccionesaudiovisuales.ar\/?p=11263#listItem","position":3,"name":"Spatzenkutter: cultura, historia y tradici\u00f3n","previousItem":{"@type":"ListItem","@id":"https:\/\/loboproduccionesaudiovisuales.ar\/?cat=1#listItem","name":"Blog"}}]},{"@type":"Organization","@id":"https:\/\/loboproduccionesaudiovisuales.ar\/#organization","name":"loboproduccionesaudiovisuales.ar","description":"Sitio digital de noticias agroindustriales","url":"https:\/\/loboproduccionesaudiovisuales.ar\/","logo":{"@type":"ImageObject","url":"https:\/\/loboproduccionesaudiovisuales.ar\/wp-content\/uploads\/2023\/07\/LPA-web.jpg","@id":"https:\/\/loboproduccionesaudiovisuales.ar\/?p=11263\/#organizationLogo","width":500,"height":144},"image":{"@id":"https:\/\/loboproduccionesaudiovisuales.ar\/?p=11263\/#organizationLogo"}},{"@type":"Person","@id":"https:\/\/loboproduccionesaudiovisuales.ar\/?author=3#author","url":"https:\/\/loboproduccionesaudiovisuales.ar\/?author=3","name":"Gustavo Werner","image":{"@type":"ImageObject","@id":"https:\/\/loboproduccionesaudiovisuales.ar\/?p=11263#authorImage","url":"https:\/\/loboproduccionesaudiovisuales.ar\/wp-content\/litespeed\/avatar\/de09dfb254ecca8d89a27b1f284fdb4d.jpg?ver=1788575391","width":96,"height":96,"caption":"Gustavo Werner"}},{"@type":"WebPage","@id":"https:\/\/loboproduccionesaudiovisuales.ar\/?p=11263#webpage","url":"https:\/\/loboproduccionesaudiovisuales.ar\/?p=11263","name":"Spatzenkutter: cultura, historia y tradici\u00f3n - LOBO PRODUCCIONES AUDIOVISUALES","description":"Interesantes propuestas para la comunidad. La Comuna organiza cursos gratuitos de fotograf\u00eda con celular, los que se dictar\u00e1n en la Casa de la Cultura, estando a cargo de Eliana Correa. Consta de un encuentro semanal de dos horas, los jueves de 18.00 a 20.00, con clases te\u00f3ricas y pr\u00e1cticas, incluyendo apuntes digitales, desde el","inLanguage":"es-AR","isPartOf":{"@id":"https:\/\/loboproduccionesaudiovisuales.ar\/#website"},"breadcrumb":{"@id":"https:\/\/loboproduccionesaudiovisuales.ar\/?p=11263#breadcrumblist"},"author":{"@id":"https:\/\/loboproduccionesaudiovisuales.ar\/?author=3#author"},"creator":{"@id":"https:\/\/loboproduccionesaudiovisuales.ar\/?author=3#author"},"image":{"@type":"ImageObject","url":"https:\/\/loboproduccionesaudiovisuales.ar\/wp-content\/uploads\/2024\/03\/432734751_826450912856869_7588915546476790094_n.jpg","@id":"https:\/\/loboproduccionesaudiovisuales.ar\/?p=11263\/#mainImage","width":1448,"height":2048},"primaryImageOfPage":{"@id":"https:\/\/loboproduccionesaudiovisuales.ar\/?p=11263#mainImage"},"datePublished":"2024-03-26T11:04:07-03:00","dateModified":"2024-03-27T11:08:43-03:00"},{"@type":"WebSite","@id":"https:\/\/loboproduccionesaudiovisuales.ar\/#website","url":"https:\/\/loboproduccionesaudiovisuales.ar\/","name":"loboproduccionesaudiovisuales.ar","alternateName":"Lobo Producciones","description":"Sitio digital de noticias agroindustriales","inLanguage":"es-AR","publisher":{"@id":"https:\/\/loboproduccionesaudiovisuales.ar\/#organization"}}]},"og:locale":"es_ES","og:site_name":"LOBO PRODUCCIONES AUDIOVISUALES - Sitio digital de noticias agroindustriales","og:type":"article","og:title":"Spatzenkutter: cultura, historia y tradici\u00f3n - LOBO PRODUCCIONES AUDIOVISUALES","og:description":"Interesantes propuestas para la comunidad. La Comuna organiza cursos gratuitos de fotograf\u00eda con celular, los que se dictar\u00e1n en la Casa de la Cultura, estando a cargo de Eliana Correa. Consta de un encuentro semanal de dos horas, los jueves de 18.00 a 20.00, con clases te\u00f3ricas y pr\u00e1cticas, incluyendo apuntes digitales, desde el","og:url":"https:\/\/loboproduccionesaudiovisuales.ar\/?p=11263","og:image":"https:\/\/loboproduccionesaudiovisuales.ar\/wp-content\/uploads\/2023\/07\/LPA-web.jpg","og:image:secure_url":"https:\/\/loboproduccionesaudiovisuales.ar\/wp-content\/uploads\/2023\/07\/LPA-web.jpg","article:published_time":"2024-03-26T14:04:07+00:00","article:modified_time":"2024-03-27T14:08:43+00:00","twitter:card":"summary_large_image","twitter:title":"Spatzenkutter: cultura, historia y tradici\u00f3n - LOBO PRODUCCIONES AUDIOVISUALES","twitter:description":"Interesantes propuestas para la comunidad. La Comuna organiza cursos gratuitos de fotograf\u00eda con celular, los que se dictar\u00e1n en la Casa de la Cultura, estando a cargo de Eliana Correa. Consta de un encuentro semanal de dos horas, los jueves de 18.00 a 20.00, con clases te\u00f3ricas y pr\u00e1cticas, incluyendo apuntes digitales, desde el","twitter:image":"https:\/\/loboproduccionesaudiovisuales.ar\/wp-content\/uploads\/2023\/07\/LPA-web.jpg"},"aioseo_meta_data":{"post_id":"11263","title":null,"description":null,"keywords":[],"keyphrases":{"focus":{"keyphrase":"","score":0,"analysis":{"keyphraseInTitle":{"score":0,"maxScore":9,"error":1}}},"additional":[]},"primary_term":null,"canonical_url":null,"og_title":null,"og_description":null,"og_object_type":"default","og_image_type":"default","og_image_url":null,"og_image_width":null,"og_image_height":null,"og_image_custom_url":null,"og_image_custom_fields":null,"og_video":"","og_custom_url":null,"og_article_section":null,"og_article_tags":[],"twitter_use_og":false,"twitter_card":"default","twitter_image_type":"default","twitter_image_url":null,"twitter_image_custom_url":null,"twitter_image_custom_fields":null,"twitter_title":null,"twitter_description":null,"schema":{"blockGraphs":[],"customGraphs":[],"default":{"data":{"Article":[],"Course":[],"Dataset":[],"FAQPage":[],"Movie":[],"Person":[],"Product":[],"ProductReview":[],"Car":[],"Recipe":[],"Service":[],"SoftwareApplication":[],"WebPage":[]},"graphName":"BlogPosting","isEnabled":true},"graphs":[]},"schema_type":"default","schema_type_options":null,"pillar_content":false,"robots_default":true,"robots_noindex":false,"robots_noarchive":false,"robots_nosnippet":false,"robots_nofollow":false,"robots_noimageindex":false,"robots_noodp":false,"robots_notranslate":false,"robots_max_snippet":"-1","robots_max_videopreview":"-1","robots_max_imagepreview":"large","priority":null,"frequency":"default","local_seo":null,"breadcrumb_settings":null,"limit_modified_date":false,"ai":null,"created":"2024-03-27 14:08:43","updated":"2025-06-04 23:15:59","seo_analyzer_scan_date":null,"focus_keyword":null,"additional_keywords":null,"truseo_locale":null},"aioseo_breadcrumb":"<div class=\"aioseo-breadcrumbs\"><span class=\"aioseo-breadcrumb\">\n\t\t\t<a href=\"https:\/\/loboproduccionesaudiovisuales.ar\" title=\"Home\">Home<\/a>\n\t\t<\/span><span class=\"aioseo-breadcrumb-separator\">&raquo;<\/span><span class=\"aioseo-breadcrumb\">\n\t\t\t<a href=\"https:\/\/loboproduccionesaudiovisuales.ar\/?cat=1\" title=\"Blog\">Blog<\/a>\n\t\t<\/span><span class=\"aioseo-breadcrumb-separator\">&raquo;<\/span><span class=\"aioseo-breadcrumb\">\n\t\t\tSpatzenkutter: cultura, historia y tradici\u00f3n\n\t\t<\/span><\/div>","aioseo_breadcrumb_json":[{"label":"Home","link":"https:\/\/loboproduccionesaudiovisuales.ar"},{"label":"Blog","link":"https:\/\/loboproduccionesaudiovisuales.ar\/?cat=1"},{"label":"Spatzenkutter: cultura, historia y tradici\u00f3n","link":"https:\/\/loboproduccionesaudiovisuales.ar\/?p=11263"}],"_links":{"self":[{"href":"https:\/\/loboproduccionesaudiovisuales.ar\/index.php?rest_route=\/wp\/v2\/posts\/11263","targetHints":{"allow":["GET"]}}],"collection":[{"href":"https:\/\/loboproduccionesaudiovisuales.ar\/index.php?rest_route=\/wp\/v2\/posts"}],"about":[{"href":"https:\/\/loboproduccionesaudiovisuales.ar\/index.php?rest_route=\/wp\/v2\/types\/post"}],"author":[{"embeddable":true,"href":"https:\/\/loboproduccionesaudiovisuales.ar\/index.php?rest_route=\/wp\/v2\/users\/3"}],"replies":[{"embeddable":true,"href":"https:\/\/loboproduccionesaudiovisuales.ar\/index.php?rest_route=%2Fwp%2Fv2%2Fcomments&post=11263"}],"version-history":[{"count":1,"href":"https:\/\/loboproduccionesaudiovisuales.ar\/index.php?rest_route=\/wp\/v2\/posts\/11263\/revisions"}],"predecessor-version":[{"id":11274,"href":"https:\/\/loboproduccionesaudiovisuales.ar\/index.php?rest_route=\/wp\/v2\/posts\/11263\/revisions\/11274"}],"wp:featuredmedia":[{"embeddable":true,"href":"https:\/\/loboproduccionesaudiovisuales.ar\/index.php?rest_route=\/wp\/v2\/media\/11272"}],"wp:attachment":[{"href":"https:\/\/loboproduccionesaudiovisuales.ar\/index.php?rest_route=%2Fwp%2Fv2%2Fmedia&parent=11263"}],"wp:term":[{"taxonomy":"category","embeddable":true,"href":"https:\/\/loboproduccionesaudiovisuales.ar\/index.php?rest_route=%2Fwp%2Fv2%2Fcategories&post=11263"},{"taxonomy":"post_tag","embeddable":true,"href":"https:\/\/loboproduccionesaudiovisuales.ar\/index.php?rest_route=%2Fwp%2Fv2%2Ftags&post=11263"}],"curies":[{"name":"wp","href":"https:\/\/api.w.org\/{rel}","templated":true}]}}