{"id":10448,"date":"2024-03-14T10:02:29","date_gmt":"2024-03-14T13:02:29","guid":{"rendered":"https:\/\/loboproduccionesaudiovisuales.ar\/?p=10448"},"modified":"2024-03-14T10:02:29","modified_gmt":"2024-03-14T13:02:29","slug":"otro-signo-de-la-recesion-el-uso-de-la-capacidad-instalada-de-la-industria-fue-del-546-en-enero","status":"publish","type":"post","link":"https:\/\/loboproduccionesaudiovisuales.ar\/?p=10448","title":{"rendered":"Otro signo de la recesi\u00f3n: el uso de la capacidad instalada de la industria fue del 54,6% en enero"},"content":{"rendered":"<p><strong>Se trata del nivel m\u00e1s bajo desde junio 2020, en pandemia, cuando apenas super\u00f3 el 53%.<\/strong><\/p>\n<p>&nbsp;<\/p>\n<p>La utilizaci\u00f3n de la capacidad instalada en la industria se ubica en 54,6% en enero, inform\u00f3 esta tarde el INDEC. El \u00a0nivel ocupado es el \u00a0m\u00e1s bajo desde junio 2020, en pandemia, cuando apenas super\u00f3 el 53%.<\/p>\n<div id=\"publi-584\" class=\"publi  C7\" data-publicidad=\"584\" data-nombre=\"Adsense medio\" data-tipo=\"html\"><ins class=\"adsbygoogle\" data-ad-client=\"ca-pub-4718065771583347\" data-ad-slot=\"3882674383\" data-ad-format=\"auto\" data-adsbygoogle-status=\"done\" data-ad-status=\"unfilled\"><\/p>\n<div id=\"aswift_5_host\" tabindex=\"0\" title=\"Advertisement\" aria-label=\"Advertisement\"><\/div>\n<p><\/ins><\/div>\n<p>En la comparaci\u00f3n interanual contra el mismo mes de 2023, la ca\u00edda fue de 7,4 puntos porcentuales contra los 62,0% del enero anterior.<\/p>\n<p><img loading=\"lazy\" decoding=\"async\" class=\" lazyloaded\" src=\"https:\/\/alpha-assets.tadevel-cdn.com\/65f2099aa40c3887f2863580\/720.webp\" alt=\"\" width=\"1280\" height=\"657\" data-src=\"https:\/\/alpha-assets.tadevel-cdn.com\/65f2099aa40c3887f2863580\/720.webp\" \/><\/p>\n<p>El impacto del freno de la econom\u00eda, se siente en la industria y los principales indicadores empiezan a da cuenta de ello. Estos valores, van de la mano de la baja de la producci\u00f3n industrial que se conoci\u00f3 la semana pasada, donde el INDEC inform\u00f3 una baja de 12,4% interanual.<\/p>\n<p>Los bloques sectoriales que durante enero presentaron niveles de utilizaci\u00f3n de la capacidad instalada superiores al nivel general fueron refinaci\u00f3n del petr\u00f3leo (83,5%), industrias met\u00e1licas b\u00e1sicas (76,3%), papel y cart\u00f3n (69,8%), productos alimenticios y bebidas (57,7%), sustancias y productos qu\u00edmicos (57,1%) y productos minerales no met\u00e1licos (57,0%).<\/p>\n<p><img loading=\"lazy\" decoding=\"async\" class=\" lazyloaded\" src=\"https:\/\/alpha-assets.tadevel-cdn.com\/65f20941a40c3887f28626e6\/720.webp\" alt=\"\" width=\"728\" height=\"720\" data-src=\"https:\/\/alpha-assets.tadevel-cdn.com\/65f20941a40c3887f28626e6\/720.webp\" \/><\/p>\n<p>Mientras que los bloques sectoriales que se ubican debajo del nivel general son edici\u00f3n e impresi\u00f3n (53,9%), productos del tabaco (50,5%), productos de caucho y pl\u00e1stico (43,5%), productos textiles (36,7%), metalmec\u00e1nica excepto automotores (33,4%) e industria automotriz (25,7%).<\/p>\n<p>En enero de 2024, respecto al mismo mes de 2023, las principales incidencias negativas se observan en las sustancias y productos qu\u00edmicos y en la industria metalmec\u00e1nica excepto automotores.<\/p>\n","protected":false},"excerpt":{"rendered":"<p>Se trata del nivel m\u00e1s bajo desde junio 2020, en pandemia, cuando apenas super\u00f3 el 53%. &nbsp; La utilizaci\u00f3n de&hellip;<\/p>\n","protected":false},"author":3,"featured_media":10449,"comment_status":"open","ping_status":"open","sticky":false,"template":"","format":"standard","meta":{"footnotes":""},"categories":[5,1,141,168],"tags":[226],"class_list":["post-10448","post","type-post","status-publish","format-standard","has-post-thumbnail","hentry","category-actualidad","category-blog","category-economia","category-nacionales","tag-industria"],"aioseo_notices":[],"_links":{"self":[{"href":"https:\/\/loboproduccionesaudiovisuales.ar\/index.php?rest_route=\/wp\/v2\/posts\/10448","targetHints":{"allow":["GET"]}}],"collection":[{"href":"https:\/\/loboproduccionesaudiovisuales.ar\/index.php?rest_route=\/wp\/v2\/posts"}],"about":[{"href":"https:\/\/loboproduccionesaudiovisuales.ar\/index.php?rest_route=\/wp\/v2\/types\/post"}],"author":[{"embeddable":true,"href":"https:\/\/loboproduccionesaudiovisuales.ar\/index.php?rest_route=\/wp\/v2\/users\/3"}],"replies":[{"embeddable":true,"href":"https:\/\/loboproduccionesaudiovisuales.ar\/index.php?rest_route=%2Fwp%2Fv2%2Fcomments&post=10448"}],"version-history":[{"count":1,"href":"https:\/\/loboproduccionesaudiovisuales.ar\/index.php?rest_route=\/wp\/v2\/posts\/10448\/revisions"}],"predecessor-version":[{"id":10450,"href":"https:\/\/loboproduccionesaudiovisuales.ar\/index.php?rest_route=\/wp\/v2\/posts\/10448\/revisions\/10450"}],"wp:featuredmedia":[{"embeddable":true,"href":"https:\/\/loboproduccionesaudiovisuales.ar\/index.php?rest_route=\/wp\/v2\/media\/10449"}],"wp:attachment":[{"href":"https:\/\/loboproduccionesaudiovisuales.ar\/index.php?rest_route=%2Fwp%2Fv2%2Fmedia&parent=10448"}],"wp:term":[{"taxonomy":"category","embeddable":true,"href":"https:\/\/loboproduccionesaudiovisuales.ar\/index.php?rest_route=%2Fwp%2Fv2%2Fcategories&post=10448"},{"taxonomy":"post_tag","embeddable":true,"href":"https:\/\/loboproduccionesaudiovisuales.ar\/index.php?rest_route=%2Fwp%2Fv2%2Ftags&post=10448"}],"curies":[{"name":"wp","href":"https:\/\/api.w.org\/{rel}","templated":true}]}}